{"id":289122,"date":"2025-12-15T07:31:10","date_gmt":"2025-12-15T07:31:10","guid":{"rendered":"https:\/\/www.europesays.com\/es\/289122\/"},"modified":"2025-12-15T07:31:10","modified_gmt":"2025-12-15T07:31:10","slug":"el-papa-el-pesebre-con-su-desarmante-pobreza-nos-invita-a-seguir-a-cristo","status":"publish","type":"post","link":"https:\/\/www.europesays.com\/es\/289122\/","title":{"rendered":"El Papa: El pesebre con su \u201cdesarmante pobreza\u201d nos invita a seguir a Cristo"},"content":{"rendered":"<p>La ma\u00f1ana de este s\u00e1bado, 13 de diciembre, el Santo Padre recibi\u00f3 en audiencia en el Aula de las Bendiciones del Vaticano a los participantes y a los artistas que realizan el \u00abPesebre Viviente\u00bb en la Bas\u00edlica papal de Santa Mar\u00eda la Mayor. A ellos, el Pont\u00edfice los alent\u00f3 a difundir este mensaje y mantener viva esta tradici\u00f3n. \u00abSon un don de luz para nuestro mundo, que necesita desesperadamente seguir teniendo esperanza\u201d.<\/p>\n<p><b>Vatican News<\/b><\/p>\n<p>\u201cEl bel\u00e9n es un signo importante: nos recuerda que formamos parte de una maravillosa aventura de salvaci\u00f3n en la que nunca estamos solos\u201d, con estas palabras el Papa Le\u00f3n XIV alent\u00f3 a los participantes y a los artistas que realizan el <a href=\"https:\/\/www.vatican.va\/content\/leo-xiv\/it\/speeches\/2025\/december\/documents\/20251213-figuranti-presepio.html\" rel=\"external nofollow noopener\" target=\"_blank\">\u00abPesebre Viviente\u00bb de la Bas\u00edlica papal de Santa Mar\u00eda la Mayor<\/a>, a quienes recibi\u00f3 en audiencia la ma\u00f1ana de este s\u00e1bado, 13 de diciembre, en el Aula de las Bendiciones del Vaticano.<\/p>\n<p><b>La representaci\u00f3n del Misterio de la Encarnaci\u00f3n<\/b> <\/p>\n<p>En sus <a href=\"https:\/\/www.vatican.va\/content\/leo-xiv\/it\/speeches\/2025\/december\/documents\/20251213-figuranti-presepio.html\" rel=\"external nofollow noopener\" target=\"_blank\">saludos a los artistas<\/a> que, esta tarde dar\u00e1n vida al \u201cPesebre Viviente\u201d, el Santo Padre, destac\u00f3 la peregrinaci\u00f3n que est\u00e1n realizando para cruzar la Puerta Santa y celebrar la Eucarist\u00eda en la Bas\u00edlica Liberiana, conocida como el \u00abBel\u00e9n de Occidente\u00bb, donde se venera la \u201cSagrada Cuna\u201d.<\/p>\n<p>\u201cHan venido de diversos lugares para traer a la Tumba de Pedro el testimonio de los mil rostros con los que, durante siglos, generaciones de cristianos han representado el Misterio de la Encarnaci\u00f3n, a menudo con los rasgos de su propia cultura y con los paisajes de su tierra natal\u201d.<\/p>\n<p>    <img decoding=\"async\" src=\"data:image\/gif;base64,R0lGODlhAQABAIAAAAAAAP\/\/\/yH5BAEAAAAALAAAAAABAAEAAAIBRAA7\" data-original=\"https:\/\/www.vaticannews.va\/content\/dam\/vaticannews\/agenzie\/images\/srv\/2025\/12\/13\/2025-12-13-figuranti-del-prersepio-vivente-della-basilica-di-san\/1765616234751.JPG\/_jcr_content\/renditions\/cq5dam.thumbnail.cropped.750.422.jpeg\" alt=\"El Papa saluda a los artistas\" title=\"El Papa saluda a los artistas\"\/><\/p>\n<p>\n   El Papa saluda a los artistas \u00a0 (@Vatican Media)\n  <\/p>\n<p><b>El inicio de la tradici\u00f3n del Bel\u00e9n<\/b> <\/p>\n<p>Asimismo, el Pont\u00edfice record\u00f3 que, fue precisamente la \u201cSagrada Cuna\u201d, esa antigua reliquia la que, junto con el viaje a Tierra Santa, inspir\u00f3 a san Francisco, en 1223, a celebrar por primera vez la \u00abNavidad de Greccio\u00bb.<\/p>\n<p>\u201cDesde entonces, en diferentes partes del mundo se ha difundido la costumbre de representar de diversas maneras la Natividad del Se\u00f1or, del Dios que \u00abviene sin armas, sin fuerza, [&#8230;] para vencer el orgullo, la violencia y la avaricia del hombre [&#8230;] y guiarnos a nuestra verdadera identidad\u00bb (Benedicto XVI, Catequesis, 23 de diciembre de 2009)\u201d.<\/p>\n<p>    <img decoding=\"async\" src=\"data:image\/gif;base64,R0lGODlhAQABAIAAAAAAAP\/\/\/yH5BAEAAAAALAAAAAABAAEAAAIBRAA7\" data-original=\"https:\/\/www.vaticannews.va\/content\/dam\/vaticannews\/agenzie\/images\/srv\/2025\/12\/13\/2025-12-13-figuranti-del-prersepio-vivente-della-basilica-di-san\/1765616219103.JPG\/_jcr_content\/renditions\/cq5dam.thumbnail.cropped.750.422.jpeg\" alt=\"El Papa en el Aula de las Bendiciones\" title=\"El Papa en el Aula de las Bendiciones\"\/><\/p>\n<p>\n   El Papa en el Aula de las Bendiciones \u00a0 (@Vatican Media)\n  <\/p>\n<p><b>Dar testimonio en las calles de la ciudad<\/b> <\/p>\n<p>Y al recordar la Carta Apost\u00f3lica Admirabile Signum de su predecesor, el Papa Francisco, el Obispo de Roma dijo que, ante el Bel\u00e9n, \u00abal contemplar la escena navide\u00f1a, estamos invitados a ponernos en camino espiritualmente, atra\u00eddos por la humildad de Aquel que se hizo hombre para ir al encuentro de todo hombre\u00bb.<\/p>\n<p>\u201cEs justamente as\u00ed: desde la gruta de Bel\u00e9n, donde Mar\u00eda, Jos\u00e9 y el Ni\u00f1o se encuentran en su desarmante pobreza, partimos de nuevo para comenzar una nueva vida siguiendo los pasos de Cristo. Ustedes dar\u00e1n testimonio de ello esta tarde, con la procesi\u00f3n que recorrer\u00e1 las calles de la ciudad. Esta, con su coreograf\u00eda, vestuario y m\u00fasica, ser\u00e1 un signo gozoso de lo hermoso que es ser disc\u00edpulos de Jes\u00fas, Dios hecho hombre, el sol que nace \u00abpara dar luz a los que habitan en tinieblas y en sombra de muerte, y para guiar nuestros pasos por el camino de la paz\u00bb (Lc 1,79)\u201d.<\/p>\n<p>    <img decoding=\"async\" src=\"data:image\/gif;base64,R0lGODlhAQABAIAAAAAAAP\/\/\/yH5BAEAAAAALAAAAAABAAEAAAIBRAA7\" data-original=\"https:\/\/www.vaticannews.va\/content\/dam\/vaticannews\/agenzie\/images\/srv\/2025\/12\/13\/2025-12-13-figuranti-del-prersepio-vivente-della-basilica-di-san\/1765616226143.JPG\/_jcr_content\/renditions\/cq5dam.thumbnail.cropped.750.422.jpeg\" alt=\"Audiencia del Santo Padre\" title=\"Audiencia del Santo Padre\"\/><\/p>\n<p>\n   Audiencia del Santo Padre \u00a0 (@Vatican Media)\n  <\/p>\n<p><b>Portadores de consuelo e inspiraci\u00f3n<\/b> <\/p>\n<p>En este sentido, el Pont\u00edfice se\u00f1al\u00f3 que, esto los convierte \u2014hoy, pero siempre, como misi\u00f3n para su vida diaria\u2014 en peregrinos de esperanza, portadores de consuelo e inspiraci\u00f3n para todos los que encuentren.<\/p>\n<p>\u201cPara los peque\u00f1os y los mayores, para las familias, los j\u00f3venes y los ancianos que encontrar\u00e1n en su camino; por los que se alegran y por los que sufren, por los que est\u00e1n solos, por los que sienten un profundo deseo de amar y ser amados, y por quienes, a pesar de sus dificultades, siguen trabajando con compromiso y perseverancia para construir un mundo mejor\u201d.<\/p>\n<p>    <img decoding=\"async\" src=\"data:image\/gif;base64,R0lGODlhAQABAIAAAAAAAP\/\/\/yH5BAEAAAAALAAAAAABAAEAAAIBRAA7\" data-original=\"https:\/\/www.vaticannews.va\/content\/dam\/vaticannews\/agenzie\/images\/srv\/2025\/12\/13\/2025-12-13-figuranti-del-prersepio-vivente-della-basilica-di-san\/1765616227598.JPG\/_jcr_content\/renditions\/cq5dam.thumbnail.cropped.750.422.jpeg\" alt=\"Artistas del &quot;Pesebre viviente&quot;\" title=\"Artistas del &quot;Pesebre viviente&quot;\"\/><\/p>\n<p>\n   Artistas del \u00abPesebre viviente\u00bb \u00a0 (@Vatican Media)\n  <\/p>\n<p><b>El pesebre es un signo importante<\/b> <\/p>\n<p>Finalmente, citando el Serm\u00f3n 371, 1 de san Agust\u00edn, el Papa Le\u00f3n indic\u00f3 que, el pesebre es un signo importante: nos recuerda que formamos parte de una maravillosa aventura de salvaci\u00f3n en la que nunca estamos solos y que, como dijo san Agust\u00edn, \u00abDios se hizo hombre para que el hombre se convirtiera en Dios, [&#8230;] para que el hombre, habitante de la tierra, encontrara un hogar en el cielo\u00bb.<\/p>\n<p>\u201cDifundan este mensaje y mantengan viva esta tradici\u00f3n. Son un don de luz para nuestro mundo, que necesita desesperadamente seguir teniendo esperanza. \u00a1Gracias, gracias de verdad a todos ustedes por su compromiso! Los bendigo cordialmente a ustedes y a sus familias. \u00a1Feliz Navidad!\u201d.<\/p>\n","protected":false},"excerpt":{"rendered":"La ma\u00f1ana de este s\u00e1bado, 13 de diciembre, el Santo Padre recibi\u00f3 en audiencia en el Aula de&hellip;\n","protected":false},"author":2,"featured_media":289123,"comment_status":"","ping_status":"","sticky":false,"template":"","format":"standard","meta":{"footnotes":""},"categories":[42],"tags":[34494,2509,17,18,13,14,11,61,62,63,64,19,20,2951,9,10,15,16,400,69467,12,21,22,65,66,67],"class_list":{"0":"post-289122","1":"post","2":"type-post","3":"status-publish","4":"format-standard","5":"has-post-thumbnail","7":"category-internacional","8":"tag-arte-sacro","9":"tag-audiencias","10":"tag-breaking-news","11":"tag-breakingnews","12":"tag-featured-news","13":"tag-featurednews","14":"tag-headlines","15":"tag-internacional","16":"tag-international","17":"tag-international-news","18":"tag-internationalnews","19":"tag-latest-news","20":"tag-latestnews","21":"tag-navidad","22":"tag-news","23":"tag-noticias","24":"tag-noticias-destacadas","25":"tag-noticiasdestacadas","26":"tag-papa-leon-xiv","27":"tag-santa-maria-mayor","28":"tag-titulares","29":"tag-ultimas-noticias","30":"tag-ultimasnoticias","31":"tag-world","32":"tag-world-news","33":"tag-worldnews"},"share_on_mastodon":{"url":"https:\/\/pubeurope.com\/@es\/115722419224205775","error":""},"_links":{"self":[{"href":"https:\/\/www.europesays.com\/es\/wp-json\/wp\/v2\/posts\/289122","targetHints":{"allow":["GET"]}}],"collection":[{"href":"https:\/\/www.europesays.com\/es\/wp-json\/wp\/v2\/posts"}],"about":[{"href":"https:\/\/www.europesays.com\/es\/wp-json\/wp\/v2\/types\/post"}],"author":[{"embeddable":true,"href":"https:\/\/www.europesays.com\/es\/wp-json\/wp\/v2\/users\/2"}],"replies":[{"embeddable":true,"href":"https:\/\/www.europesays.com\/es\/wp-json\/wp\/v2\/comments?post=289122"}],"version-history":[{"count":0,"href":"https:\/\/www.europesays.com\/es\/wp-json\/wp\/v2\/posts\/289122\/revisions"}],"wp:featuredmedia":[{"embeddable":true,"href":"https:\/\/www.europesays.com\/es\/wp-json\/wp\/v2\/media\/289123"}],"wp:attachment":[{"href":"https:\/\/www.europesays.com\/es\/wp-json\/wp\/v2\/media?parent=289122"}],"wp:term":[{"taxonomy":"category","embeddable":true,"href":"https:\/\/www.europesays.com\/es\/wp-json\/wp\/v2\/categories?post=289122"},{"taxonomy":"post_tag","embeddable":true,"href":"https:\/\/www.europesays.com\/es\/wp-json\/wp\/v2\/tags?post=289122"}],"curies":[{"name":"wp","href":"https:\/\/api.w.org\/{rel}","templated":true}]}}