{"id":289126,"date":"2025-12-15T07:33:13","date_gmt":"2025-12-15T07:33:13","guid":{"rendered":"https:\/\/www.europesays.com\/es\/289126\/"},"modified":"2025-12-15T07:33:13","modified_gmt":"2025-12-15T07:33:13","slug":"miles-de-personas-despiden-a-robe-en-un-sentido-homenaje-en-plasencia-hasta-siempre-siempre-siempre-eldiario-es","status":"publish","type":"post","link":"https:\/\/www.europesays.com\/es\/289126\/","title":{"rendered":"Miles de personas despiden a Robe en un sentido homenaje en Plasencia: \u201cHasta siempre, siempre, siempre\u201d &#8211; elDiario.es"},"content":{"rendered":"<ol>\n<li><a href=\"https:\/\/news.google.com\/rss\/articles\/CBMiqAFBVV95cUxOVFFnbzYyOG85ZXNWX3NWak9vVDQwV004aGVpYXo2bXViODJQSUg0aVRGNUp3UjlkbUNiN0N5QmF1M2FZN2xKTW40bVd1VFo2cWtaSjV3Um5uRi15Q2JiT1RWZ184alFzRTZObGpWUjRKQkx6ME9XUnh4MzJXTHBRY1VYRE9WeFJ1NldsOVdLWVNCeVQ5b1dZMXRtOC0wc0xHbUNob0VSeWU?oc=5\" target=\"_blank\" rel=\"nofollow noopener\">Miles de personas despiden a Robe en un sentido homenaje en Plasencia: \u201cHasta siempre, siempre, siempre\u201d<\/a>&nbsp;&nbsp;elDiario.es<\/li>\n<li><a href=\"https:\/\/news.google.com\/rss\/articles\/CBMi4wFBVV95cUxQR2NodlZFOFE4cDlYVU8tYkdfVFVRbUh0NWNKRzZieXpVaDZ4dlJYTHBfa0x6RUhjdmc1MldWREdILU44ejB2TU5PcDBFMWl2WVBDOVpPZEY5TnNqV2VQbExhOW5ibUJ3Rm15aDFVSjJtOUZ1UEw2Q1MtYUxTZXF5aXFqVzdMYV9YYjQ3Vks4dEx6SEh0YTZMVDZBQTg4dVRfMUhXNmxmblA2MnNJZmh1ZlU5VV9RU0JzWERJNnJTb1llWkF1Ty1yX2ZHdUJuMjQ4ejhQN1N1Zms0ejBmdFBNZVdOUQ?oc=5\" target=\"_blank\" rel=\"nofollow noopener\">\u201cRobe me ense\u00f1\u00f3 a amar y tambi\u00e9n a quemarlo todo\u201d: miles de personas lloran y despiden al m\u00fasico en Plasencia<\/a>&nbsp;&nbsp;EL PA\u00cdS<\/li>\n<li><a href=\"https:\/\/news.google.com\/rss\/articles\/CBMirAFBVV95cUxNaTJBU2FqT0Q3MlFPblU4YXFLb0lURWhsQW9vUFdILW9WTEZtS0VwblRwT1NVQUFYNDNEVU5UZWdLSy1LSTk2UERfeVg3VU1YQjU2blAxM3dMMlNaendTS19ucTJSSXkyS3padEVvNGRqeVBWYTBJTHRoZTFFUGhtU3JpTFNleUx4eDFBV3NHd1RtR2VUSWtvaUlodGk3R1VtSWdja0xkc1EwenFN?oc=5\" target=\"_blank\" rel=\"nofollow noopener\">Plasencia rinde tributo a su hijo m\u00e1s ilustre, Roberto Iniesta<\/a>&nbsp;&nbsp;Hoy<\/li>\n<li><a href=\"https:\/\/news.google.com\/rss\/articles\/CBMihAFBVV95cUxNS0lISS1aaXJfbEktQThyamxIa1FlMGdoQzBDbmZlUmtnMENWdFhqVUxwRm9PNE1TS1Jrc2VheXpzODB6NlREUlNnS3JDcTFmS3FGcnNDNVVrN05vTEhucW5SMmdXS3B2OUVGaGtFbG1RVkp1YndrX0VaR3ZJbWdha2FqenHSAYQBQVVfeXFMT2Z6Uzkyb01CY00xWDFlcXBQaHBiZjBqYmxlQW5qbUpiRnJMUVJfQWlpR2x5c0YzMTl0bHN6TDRmT0tsUmdqU2x1Yjd1aUhzVXZ3MEtHR1VmTDdkYmk5b09wWjFPN3pZTUpfUWI2Z0pWT0xHRy1xMnNLNWNNV2hvYWdJNHAz?oc=5\" target=\"_blank\" rel=\"nofollow noopener\">La multitudinaria vigilia de despedida a Robe Iniesta en Plasencia: \u00abEn la cola hay gente que ha viajado expresamente de Latinoam\u00e9rica y de Francia\u00bb<\/a>&nbsp;&nbsp;El Mundo<\/li>\n<li><a href=\"https:\/\/news.google.com\/rss\/articles\/CBMijgFBVV95cUxQOEZvQldrMmxjRXV3SHRPOWVHcWFYZ1VUbUlCdFJ3T3d1bG1mZFVKMGZtcHVHTWRLWUZaMmkxVGEzMjMwUlJSemNadG91VU1BYWQwLVpBYU1OYmdpd2tEUlh3alZUZ0ZtNThVaWdMRU01eDl3eVZJSzB1VXJnRTR5bHRPQ2MyRGFhWUtZRjFR?oc=5\" target=\"_blank\" rel=\"nofollow noopener\">Dice Robe que nos vayamos todos a tomar por culo<\/a>&nbsp;&nbsp;elDiario.es<\/li>\n<\/ol>\n","protected":false},"excerpt":{"rendered":"Miles de personas despiden a Robe en un sentido homenaje en Plasencia: \u201cHasta siempre, siempre, siempre\u201d&nbsp;&nbsp;elDiario.es \u201cRobe me&hellip;\n","protected":false},"author":2,"featured_media":286036,"comment_status":"","ping_status":"","sticky":false,"template":"","format":"standard","meta":{"footnotes":""},"categories":[5],"tags":[17,18,25,24,13,14,11,19,20,9,10,15,16,23,12,21,22],"class_list":{"0":"post-289126","1":"post","2":"type-post","3":"status-publish","4":"format-standard","5":"has-post-thumbnail","7":"category-titulares","8":"tag-breaking-news","9":"tag-breakingnews","10":"tag-es","11":"tag-espana","12":"tag-featured-news","13":"tag-featurednews","14":"tag-headlines","15":"tag-latest-news","16":"tag-latestnews","17":"tag-news","18":"tag-noticias","19":"tag-noticias-destacadas","20":"tag-noticiasdestacadas","21":"tag-spain","22":"tag-titulares","23":"tag-ultimas-noticias","24":"tag-ultimasnoticias"},"share_on_mastodon":{"url":"https:\/\/pubeurope.com\/@es\/115722426992526089","error":""},"_links":{"self":[{"href":"https:\/\/www.europesays.com\/es\/wp-json\/wp\/v2\/posts\/289126","targetHints":{"allow":["GET"]}}],"collection":[{"href":"https:\/\/www.europesays.com\/es\/wp-json\/wp\/v2\/posts"}],"about":[{"href":"https:\/\/www.europesays.com\/es\/wp-json\/wp\/v2\/types\/post"}],"author":[{"embeddable":true,"href":"https:\/\/www.europesays.com\/es\/wp-json\/wp\/v2\/users\/2"}],"replies":[{"embeddable":true,"href":"https:\/\/www.europesays.com\/es\/wp-json\/wp\/v2\/comments?post=289126"}],"version-history":[{"count":0,"href":"https:\/\/www.europesays.com\/es\/wp-json\/wp\/v2\/posts\/289126\/revisions"}],"wp:featuredmedia":[{"embeddable":true,"href":"https:\/\/www.europesays.com\/es\/wp-json\/wp\/v2\/media\/286036"}],"wp:attachment":[{"href":"https:\/\/www.europesays.com\/es\/wp-json\/wp\/v2\/media?parent=289126"}],"wp:term":[{"taxonomy":"category","embeddable":true,"href":"https:\/\/www.europesays.com\/es\/wp-json\/wp\/v2\/categories?post=289126"},{"taxonomy":"post_tag","embeddable":true,"href":"https:\/\/www.europesays.com\/es\/wp-json\/wp\/v2\/tags?post=289126"}],"curies":[{"name":"wp","href":"https:\/\/api.w.org\/{rel}","templated":true}]}}