{"id":289127,"date":"2025-12-15T07:37:14","date_gmt":"2025-12-15T07:37:14","guid":{"rendered":"https:\/\/www.europesays.com\/es\/289127\/"},"modified":"2025-12-15T07:37:14","modified_gmt":"2025-12-15T07:37:14","slug":"marcelo-rozo-logro-tarjeta-para-el-pga-tour-2026","status":"publish","type":"post","link":"https:\/\/www.europesays.com\/es\/289127\/","title":{"rendered":"Marcelo Rozo logr\u00f3 tarjeta para el PGA TOUR 2026"},"content":{"rendered":"<p>Es un d\u00eda hist\u00f3rico para el golf colombiano, pero principalmente para el bogotano <strong>Marcelo Rozo<\/strong> que, tras una semana intensa de competencia, se qued\u00f3 con una de las cinco tarjetas al <strong>PGA TOUR<\/strong> que estaban en juego en la etapa final del <strong>\u2018Q-School\u2019<\/strong> para la pr\u00f3xima temporada.<\/p>\n<p>\u2018Chelo\u2019 llegaba al domingo como l\u00edder del tablero con -11 impactos en el total y tuvo que luchar contra el<strong> Dye\u2019s Valley Course (Ponte Vedra Beach, Florida)<\/strong> para conseguir su gran objetivo, llegar al m\u00e1ximo circuito profesional de los Estados Unidos.<\/p>\n<p><strong><a href=\"https:\/\/www.pgatour.com\/tournaments\/2025\/pga-tour-q-school-presented-by-korn-ferry\/R2025088\/leaderboard\" rel=\"nofollow noopener\" target=\"_blank\">LEADERBOARD \u2013 Resultados Finales<\/a><\/strong><\/p>\n<p>Por los primeros nueve hoyos, Rozo adorn\u00f3 su tarjeta con \u2018bogey\u2019 en el 2 y 8, por lo que parec\u00eda que el sue\u00f1o se alejaba y se convert\u00eda en ilusi\u00f3n. Sin embargo, su \u2018back nine\u2019 fue impecable con <strong>\u2018birdie\u2019 al 10, 14 y 15, <\/strong>suficiente para firmar con 69 (-1) y llegar a <strong>-12 en el acumulado y en la segunda posici\u00f3n.<\/strong><\/p>\n<p>Despu\u00e9s de 1<strong>50 torneos del Korn Ferry Tour, 95 del PGA TOUR Latinoam\u00e9rica, 6 del PGA TOUR Canada y 4 del PGA TOUR<\/strong>, Marcelo obtuvo membres\u00eda completa y tendr\u00e1 su primer a\u00f1o en la \u00e9lite. Sus victorias, hasta hora, son el VISA Open de Argentina 2013, el TransAmerican Power Products Open 2014, el JHSF Aberto do Brasil 2018 \u2013todas del TOUR Latinoam\u00e9rica\u2013, el Abierto del Club de Polo y Equitaci\u00f3n San Cristobal (Chile) 2013, el Abierto del Campestre de Medell\u00edn 2017, el Abierto del Club El Rodeo 2018 y el <strong>Abierto de Colombia 2018.<\/strong><\/p>\n<p>Adem\u00e1s, es el <strong>quinto colombiano que llega esta gira<\/strong> siguiendo los pasos de <strong>Eduardo Herrera, Camilo Villegas, Nicol\u00e1s Echavarr\u00eda y Juan Sebasti\u00e1n Mu\u00f1oz.<\/strong><\/p>\n<p>Por otro lado, justamente, <strong>Villegas tuvo un buen d\u00eda con ronda de 66 golpes (-4) <\/strong>aunque no le alcanz\u00f3 para recuperar su tarjeta en el PGA TOUR pues qued\u00f3 s\u00e9ptimo con -11 total. Un fallo en el \u2018putt\u2019 del hoyo 18 le cost\u00f3 muy caro, ya que un solo golpe lo separ\u00f3 de entrar al \u2018playoff\u2019 por una tarjeta.<\/p>\n<p>El \u00eddolo nacional tendr\u00e1 ahora dos opciones, jugar de nuevo el Korn Ferry Tour de pleno o combinar su calendario con algunas invitaciones en el m\u00e1ximo circuito como excampe\u00f3n del circuito.<\/p>\n<p>Entre tanto, <strong>Ricardo Celia cerr\u00f3 la semana con ronda de 70 (E) y en +2 para campeonato en la casilla 104,<\/strong> as\u00ed que el pr\u00f3ximo a\u00f1o regresar\u00e1 al <strong>PGA TOUR Am\u00e9ricas<\/strong> en busca de dar el salto al Korn Ferry Tour.<\/p>\n<p>Ahora bien, el ganador de la semana fue el canadiense A.J. Ewart con -14 total (66-67-67-66), mientras que segundos terminaron junto a Marcelo el canadiense Adam Svensson y el argentino Alejandro Tosti.<\/p>\n","protected":false},"excerpt":{"rendered":"Es un d\u00eda hist\u00f3rico para el golf colombiano, pero principalmente para el bogotano Marcelo Rozo que, tras una&hellip;\n","protected":false},"author":2,"featured_media":289128,"comment_status":"","ping_status":"","sticky":false,"template":"","format":"standard","meta":{"footnotes":""},"categories":[275],"tags":[168,25,24,329,23,167],"class_list":{"0":"post-289127","1":"post","2":"type-post","3":"status-publish","4":"format-standard","5":"has-post-thumbnail","7":"category-golf","8":"tag-deportes","9":"tag-es","10":"tag-espana","11":"tag-golf","12":"tag-spain","13":"tag-sports"},"share_on_mastodon":{"url":"https:\/\/pubeurope.com\/@es\/115722442953636335","error":""},"_links":{"self":[{"href":"https:\/\/www.europesays.com\/es\/wp-json\/wp\/v2\/posts\/289127","targetHints":{"allow":["GET"]}}],"collection":[{"href":"https:\/\/www.europesays.com\/es\/wp-json\/wp\/v2\/posts"}],"about":[{"href":"https:\/\/www.europesays.com\/es\/wp-json\/wp\/v2\/types\/post"}],"author":[{"embeddable":true,"href":"https:\/\/www.europesays.com\/es\/wp-json\/wp\/v2\/users\/2"}],"replies":[{"embeddable":true,"href":"https:\/\/www.europesays.com\/es\/wp-json\/wp\/v2\/comments?post=289127"}],"version-history":[{"count":0,"href":"https:\/\/www.europesays.com\/es\/wp-json\/wp\/v2\/posts\/289127\/revisions"}],"wp:featuredmedia":[{"embeddable":true,"href":"https:\/\/www.europesays.com\/es\/wp-json\/wp\/v2\/media\/289128"}],"wp:attachment":[{"href":"https:\/\/www.europesays.com\/es\/wp-json\/wp\/v2\/media?parent=289127"}],"wp:term":[{"taxonomy":"category","embeddable":true,"href":"https:\/\/www.europesays.com\/es\/wp-json\/wp\/v2\/categories?post=289127"},{"taxonomy":"post_tag","embeddable":true,"href":"https:\/\/www.europesays.com\/es\/wp-json\/wp\/v2\/tags?post=289127"}],"curies":[{"name":"wp","href":"https:\/\/api.w.org\/{rel}","templated":true}]}}