{"id":28917,"date":"2025-08-06T07:20:04","date_gmt":"2025-08-06T07:20:04","guid":{"rendered":"https:\/\/www.europesays.com\/es\/28917\/"},"modified":"2025-08-06T07:20:04","modified_gmt":"2025-08-06T07:20:04","slug":"de-estrella-del-hockey-al-golf","status":"publish","type":"post","link":"https:\/\/www.europesays.com\/es\/28917\/","title":{"rendered":"de estrella del hockey al golf"},"content":{"rendered":"<p class=\"paragraph\" id=\"paragraph_1\">\u201c<strong>Toda mi vida ha girado en torno al deporte<\/strong>\u201d, destaca Ram\u00f3n Nogu\u00e9 (Vic, 1946), presidente de la Federaci\u00f3 Catalana de Golf y art\u00edfice de uno de los <a href=\"https:\/\/cronicaglobal.elespanol.com\/business\/20250725\/cataluna-defiende-eleccion-ryder-cup-necesario-hacerla\/1003742676817_0.html?utm_cmp_rs=linksinline\" target=\"_blank\" rel=\"nofollow noopener\">mayores logros deportivos de Catalu\u00f1a<\/a>: la llegada de la Ryder Cup 2031 a Girona.<\/p>\n<p class=\"paragraph\" id=\"paragraph_2\">El deportista empez\u00f3 su carrera deportiva entregado al hockey sobre patines, que le llev\u00f3 a lo m\u00e1s alto. Se form\u00f3 en el <strong>Club Pat\u00ed Voltreg\u00e0 y lo gan\u00f3 pr\u00e1cticamente todo en los a\u00f1os 60 y 70<\/strong>, convirti\u00e9ndose en campe\u00f3n del mundo en cuatro ocasiones.\u00a0<\/p>\n<p>De los patines al c\u00e9sped<\/p>\n<p class=\"paragraph\" id=\"paragraph_3\"><strong>Ingeniero textil de formaci\u00f3n<\/strong>, lleg\u00f3 a fundar su propia agencia de publicidad, que dirigi\u00f3 durante m\u00e1s de tres d\u00e9cadas y que actualmente gestiona su hijo. Eso s\u00ed, siempre compaginando su trayectoria profesional con el amor por el deporte. A\u00f1os m\u00e1s tarde, decidi\u00f3 reemplazar el palo de hockey por el de golf.<\/p>\n<p class=\"paragraph\" id=\"paragraph_4\">\u201cEs el \u00fanico deporte con el que <a href=\"https:\/\/cronicaglobal.elespanol.com\/business\/20250725\/guy-kinnings-ceo-european-tour-ryder-cup\/1003742677076_0.html?utm_cmp_rs=linksinline\" target=\"_blank\" rel=\"nofollow noopener\">se puede competir a cualquier edad<\/a> y permite andar lo suficiente para mantenerse en forma. Y si est\u00e1s cansado, coges un bugui\u00a0y sigues\u201d, explica el dirigente. \u201cNo hay otro deporte igual\u201d, exclama.<\/p>\n<p class=\"paragraph\" id=\"paragraph_5\">Decantarse por el golf le dio la oportunidad de fundar su propio club en los a\u00f1os 90, <strong>el Club de Golf Montany\u00e0<\/strong>, en Osona, situado en pleno parque natural del Montseny. Posteriormente, pas\u00f3 a ocupar la presidencia de la Federaci\u00f3n Catalana de Golf.<\/p>\n<p>A\u00f1os de negociaciones<\/p>\n<p class=\"paragraph\" id=\"paragraph_6\">Como m\u00e1ximo representante de este deporte en la comunidad, reconoce que la Ryder Cup supone \u201c<strong>poner a Catalu\u00f1a en el foco del circuito mundial del golf<\/strong> y una gran oportunidad para todos los clubes\u201d tras cuatro a\u00f1os de trabajo intenso y negociaciones con siete ministerios.<\/p>\n<p class=\"paragraph\" id=\"paragraph_7\">Finalmente, Catalu\u00f1a lo recibir\u00e1 en 2031 en Caldes de Malavella (Girona), De hecho, se trata de uno de los cuatro eventos deportivos m\u00e1s importantes del mundo, junto al Mundial de f\u00fatbol, los JJOO y la Copa del Am\u00e9rica.<\/p>\n<p><img loading=\"lazy\" decoding=\"async\" alt=\"Presentaci\u00f3n de la Ryder Cup de 2031 con el 'conseller' Albert Dalmau (c), ayer\" height=\"180\" src=\"https:\/\/www.europesays.com\/es\/wp-content\/uploads\/2025\/08\/1003742677091_14931974_320x180.jpg\" width=\"320\" data-lazy-status=\"processed\" data-lazy-info=\"remove loading item 1\"\/><\/p>\n<p class=\"paragraph\" id=\"paragraph_8\">Nogu\u00e9 admite que el cambio pol\u00edtico fue clave. \u201c<strong>Con ERC no tuvimos tanta suerte<\/strong>. El Govern actual, en cambio, ha sabido valorar el potencial estrat\u00e9gico del evento para el pa\u00eds. Le agradezco al presidente de la Generalitat, <strong>Salvador Illa<\/strong>, y al conseller\u00a0de presidencia, <strong>Albert Dalmau<\/strong>, su compromiso total\u201d, subraya. Asimismo, destaca el papel preeminente de Foment del Treball.<\/p>\n<p>Impacto econ\u00f3mico<\/p>\n<p class=\"paragraph\" id=\"paragraph_9\">Nogu\u00e9 destaca que la Ryder Cup es mucho m\u00e1s que un torneo. \u201cEl turista de golf <strong>deja ocho de cada diez euros de gasto en restauraci\u00f3n, alojamiento y transporte<\/strong>. Y lo mejor es que no se queda en Barcelona, recorre el territorio en busca de los mejores campos de golf\u201d, argumenta.<\/p>\n<p class=\"paragraph\" id=\"paragraph_10\">El impacto previsto supera los <a href=\"https:\/\/cronicaglobal.elespanol.com\/business\/20250725\/ryder-cup-girona-dejara-millones-foment-treball\/1003742676825_0.html?utm_cmp_rs=linksinline\" target=\"_blank\" rel=\"nofollow noopener\">1.300 millones de euros<\/a>, con una audiencia televisiva de 600 millones de personas. \u201cPrevemos superar las cifras de Roma, con 300.000 asistentes presenciales\u201d, augura.<\/p>\n<dl class=\"content__summary-list content__summary-list--interview\">\n<dt class=\"summary-list__item summary-list__item--question\">\u00bfQu\u00e9 significa para usted traer la Ryder Cup a Catalu\u00f1a?<\/dt>\n<dd class=\"summary-list__item summary-list__item--answer\">Ha sido un proceso muy largo que se inici\u00f3 hace cuatro a\u00f1os y, como representante del golf en el territorio catal\u00e1n, supone un orgullo y poner a Catalu\u00f1a en el foco del circuito mundial de este deporte, as\u00ed como una gran oportunidad para todos los clubes, que podr\u00e1n aprovecharse de ella para crecer. Marcar\u00e1 un antes y un despu\u00e9s para este deporte en Catalu\u00f1a.<\/dd>\n<dt class=\"summary-list__item summary-list__item--question\">Concretamente, \u00bfqu\u00e9 va a aportar esta competici\u00f3n al deporte catal\u00e1n?<\/dt>\n<dd class=\"summary-list__item summary-list__item--answer\">\n<p>Ayudar\u00e1 enormemente en la promoci\u00f3n del golf en el territorio, desde las escuelas hasta los torneos. Adem\u00e1s, no se trata de un evento puntual, sino que sus efectos empezar\u00e1n el a\u00f1o 2026 y terminar\u00e1n cinco a\u00f1os m\u00e1s tarde de su celebraci\u00f3n.<\/p>\n<p>Su impacto no se va a quedar solo en Caldes de Malavella ni en Girona. Esto es algo que el Govern tuvo muy claro desde el principio. De hecho, durante este tiempo, se trasladar\u00e1n a Catalu\u00f1a hasta cuatro Opens, que se celebrar\u00e1n en cada una de las provincias catalanas.<\/p>\n<p>Adem\u00e1s, La Caixa ha puesto a nuestra disposici\u00f3n todos los Caixa F\u00f3rum para aumentar la divulgaci\u00f3n sobre este deporte, y en ello participar\u00e1n todos los clubes.<\/p>\n<\/dd>\n<\/dl>\n<dl class=\"content__summary-list content__summary-list--interview\">\n<dt class=\"summary-list__item summary-list__item--question\">Se prev\u00e9 que el impacto econ\u00f3mico sea notable\u2026<\/dt>\n<dd class=\"summary-list__item summary-list__item--answer\">S\u00ed, sobre todo, porque el turista que viene a jugar al golf, de cada diez euros que gasta, dos los dedica a este deporte, mientras que los ocho restantes van a parar a gastronom\u00eda, hospedaje, coches, comercio o vuelos, entre otros, seg\u00fan un estudio reciente. Adem\u00e1s, se trata de un turista de alto poder adquisitivo e itinerante, que no viene a la capital, sino que va en b\u00fasqueda de los territorios donde se encuentran los campos.\u00a0<\/dd>\n<dt class=\"summary-list__item summary-list__item--question\">\u00bfC\u00f3mo se traduce esto en cifras econ\u00f3micas?<\/dt>\n<dd class=\"summary-list__item summary-list__item--answer\">\n<p>Prevemos superar las de la \u00faltima celebraci\u00f3n en Roma, cuando se batieron todos los r\u00e9cords. All\u00ed se consigui\u00f3 una audiencia de 600 millones de personas por televisi\u00f3n, una asistencia de 300.000 personas y un retorno econ\u00f3mico en la provincia de 1.300 millones de euros, seg\u00fan un estudio de Foment del Treball.<\/p>\n<p>Se trata del \u00fanico torneo en que los jugadores profesionales no cobran debido a la importancia que supone jugar en \u00e9l.\u00a0<\/p>\n<\/dd>\n<\/dl>\n<dl class=\"content__summary-list content__summary-list--interview\">\n<dt class=\"summary-list__item summary-list__item--question\">\u00bfQu\u00e9 presupuesto se invertir\u00e1 para la celebraci\u00f3n?<\/dt>\n<dd class=\"summary-list__item summary-list__item--answer\">Desde el a\u00f1o 2026 hasta el 2035, se invertir\u00e1n m\u00e1s de 150 millones de euros, de los cuales 40 los aportar\u00e1 la Generalitat de Catalu\u00f1a. Gracias a esta inversi\u00f3n, se espera que mucha gente se acerque al territorio a visitar los campos de golf, entre otros aspectos. Actualmente, el territorio concentra 39 campos.<\/dd>\n<dt class=\"summary-list__item summary-list__item--question\">\u00bfConseguir\u00e1 Catalu\u00f1a ser pionera en este deporte gracias a la Ryder Cup?<\/dt>\n<dd class=\"summary-list__item summary-list__item--answer\">Catalu\u00f1a tiene campos, clima y situaci\u00f3n geogr\u00e1fica para serlo. Adem\u00e1s, llevamos muchos a\u00f1os trabajando duro para tener las mejores condiciones y sostenibilidad.\u00a0<\/dd>\n<\/dl>\n<dl class=\"content__summary-list content__summary-list--interview\">\n<dt class=\"summary-list__item summary-list__item--question\">\u00bfQu\u00e9 instituciones y actores han sido claves para hacerlo posible?<\/dt>\n<dd class=\"summary-list__item summary-list__item--answer\">\n<p>Las deliberaciones finales han ido a cargo de la Generalitat, el Consejo Superior de Deportes y la Ryder Cup, adem\u00e1s de Emilio Cuatrecasas como intermediario.<\/p>\n<p>Para poder llevar a cabo el acuerdo, adem\u00e1s, ha sido important\u00edsimo el cambio de Gobierno, porque ha sabido valorar el potencial estrat\u00e9gico del evento para el pa\u00eds. Agradezco tanto al presidente Illa como al se\u00f1or Dalmau todo el esfuerzo para hacerlo realidad. Con ERC no tuvimos tanta suerte y quiz\u00e1s con ellos no lo habr\u00edamos conseguido.<\/p>\n<\/dd>\n<\/dl>\n","protected":false},"excerpt":{"rendered":"\u201cToda mi vida ha girado en torno al deporte\u201d, destaca Ram\u00f3n Nogu\u00e9 (Vic, 1946), presidente de la Federaci\u00f3&hellip;\n","protected":false},"author":2,"featured_media":28918,"comment_status":"","ping_status":"","sticky":false,"template":"","format":"standard","meta":{"footnotes":""},"categories":[275],"tags":[82,1980,168,25,24,329,7155,13347,23,167],"class_list":{"0":"post-28917","1":"post","2":"type-post","3":"status-publish","4":"format-standard","5":"has-post-thumbnail","7":"category-golf","8":"tag-business","9":"tag-cataluna","10":"tag-deportes","11":"tag-es","12":"tag-espana","13":"tag-golf","14":"tag-govern","15":"tag-salvador-illa","16":"tag-spain","17":"tag-sports"},"share_on_mastodon":{"url":"","error":""},"_links":{"self":[{"href":"https:\/\/www.europesays.com\/es\/wp-json\/wp\/v2\/posts\/28917","targetHints":{"allow":["GET"]}}],"collection":[{"href":"https:\/\/www.europesays.com\/es\/wp-json\/wp\/v2\/posts"}],"about":[{"href":"https:\/\/www.europesays.com\/es\/wp-json\/wp\/v2\/types\/post"}],"author":[{"embeddable":true,"href":"https:\/\/www.europesays.com\/es\/wp-json\/wp\/v2\/users\/2"}],"replies":[{"embeddable":true,"href":"https:\/\/www.europesays.com\/es\/wp-json\/wp\/v2\/comments?post=28917"}],"version-history":[{"count":0,"href":"https:\/\/www.europesays.com\/es\/wp-json\/wp\/v2\/posts\/28917\/revisions"}],"wp:featuredmedia":[{"embeddable":true,"href":"https:\/\/www.europesays.com\/es\/wp-json\/wp\/v2\/media\/28918"}],"wp:attachment":[{"href":"https:\/\/www.europesays.com\/es\/wp-json\/wp\/v2\/media?parent=28917"}],"wp:term":[{"taxonomy":"category","embeddable":true,"href":"https:\/\/www.europesays.com\/es\/wp-json\/wp\/v2\/categories?post=28917"},{"taxonomy":"post_tag","embeddable":true,"href":"https:\/\/www.europesays.com\/es\/wp-json\/wp\/v2\/tags?post=28917"}],"curies":[{"name":"wp","href":"https:\/\/api.w.org\/{rel}","templated":true}]}}