{"id":289180,"date":"2025-12-15T08:18:11","date_gmt":"2025-12-15T08:18:11","guid":{"rendered":"https:\/\/www.europesays.com\/es\/289180\/"},"modified":"2025-12-15T08:18:11","modified_gmt":"2025-12-15T08:18:11","slug":"el-digital-omnibus-enfrenta-a-la-ue-competitividad-o-amenaza","status":"publish","type":"post","link":"https:\/\/www.europesays.com\/es\/289180\/","title":{"rendered":"El Digital Omnibus enfrenta a la UE: \u00bfCompetitividad o amenaza?"},"content":{"rendered":"<p>\n  Por&amp;nbsp<b>Egle Markeviciute, EU Tech Loop and Euronews<\/b>\n<\/p>\n<p>\n                    Publicado                 15\/12\/2025 &#8211; 8:52 CET<br \/>\n                \u2022Ultima actualizaci\u00f3n<br \/>\n                                     8:57\n                                        <\/p>\n<p>Mientras los representantes de los Estados miembros de la UE debaten la propuesta de <a href=\"https:\/\/digital-strategy.ec.europa.eu\/es\/library\/digital-omnibus-regulation-proposal?ref=eutechloop.com\" target=\"_blank\" rel=\"noreferrer nofollow noopener\">Digital Omnibus<\/a>, los europeos est\u00e1n divididos. Tradicionalmente, algunos dan la voz de alarma, ven el Digital Omnibus <strong>como una amenaza para la privacidad y los derechos digitales<\/strong> de los europeos y llegan a cuestionar la legalidad del propio Omnibus.<\/p>\n<p><strong>Por otro lado<\/strong>, en privado, <strong>incluso algunos responsables pol\u00edticos admiten que quiz\u00e1 la propuesta de Digital Omnibus<\/strong> de la Comisi\u00f3n, concebida para ayudar a las empresas europeas, deber\u00eda haber sido a\u00fan m\u00e1s ambiciosa, habida cuenta de la tradici\u00f3n europea de rebajar en exceso las propuestas ambiciosas. <\/p>\n<p>En la UE contamos con un abanico diverso de opiniones que ayuda a equilibrar las decisiones pol\u00edticas y su efecto en la vida de los europeos. Sin embargo, <a href=\"https:\/\/es.euronews.com\/business\/2025\/11\/04\/donde-prosperan-las-empresas-en-europa\" rel=\"nofollow noopener\" target=\"_blank\">parece que las empresas europeas<\/a> han sido demasiado pasivas y poco combativas durante a\u00f1os, lo que ahora las deja frente a una reacci\u00f3n desproporcionada cuando en los <strong>Omnibus se plantea un cambio modesto respecto al statu quo.<\/strong><\/p>\n<p>Por desgracia, <strong>muchos europeos hoy est\u00e1n anclados en la fantas\u00eda<\/strong>, quieren que las empresas europeas sean m\u00e1s grandes y m\u00e1s fuertes y, por tanto, competitivas a escala global, pero sin cambiar unas normas que las propias compa\u00f1\u00edas consideran el mayor obst\u00e1culo para su actividad.<\/p>\n<p>Principales obst\u00e1culos para la tecnolog\u00eda europea, no es un problema de Estados Unidos, es europeo<\/p>\n<p>Los cr\u00edticos intelectualmente deshonestos del Digital Omnibus suelen recurrir a presentarlo como fruto de presiones y del &#8216;lobby&#8217; de Estados Unidos. <strong>Sin embargo, un verdadero defensor de la competitividad europea<\/strong>, Mario Draghi, ha reclamado en repetidas ocasiones las mismas reformas en las que trabaja ahora la Comisi\u00f3n Europea.<\/p>\n<p>Los problemas m\u00e1s acuciantes para las empresas europeas siguen siendo los mismos, adem\u00e1s de la falta de acceso al capital, la fragmentaci\u00f3n de las normas en toda la UE, una pesada carga regulatoria, <strong>unos elevados costes de cumplimiento y la incertidumbre regulatoria<\/strong> llevan a las compa\u00f1\u00edas a centrarse en cumplir en lugar de escalar y, despu\u00e9s, competir a nivel global.<\/p>\n<p>Como se\u00f1al\u00f3 Draghi en su <a href=\"https:\/\/commission.europa.eu\/document\/download\/0951a4ff-cd1a-4ea3-bc1d-f603decc1ed9%5Fen?filename=Draghi%5FSpeech%5FHigh%5FLevel%5FConference%5FOne%5FYear%5FAfter.pdf&amp;ref=eutechloop.com\" target=\"_blank\" rel=\"noreferrer nofollow noopener\">discurso<\/a> de septiembre, simplificar el Reglamento general de protecci\u00f3n de datos (RGPD) sigue siendo \u00abuna de las demandas m\u00e1s claras\u00bb entre las empresas europeas. Adem\u00e1s, <strong>el RGPD ha \u00abencarecido el coste de los datos en torno a un 20%<\/strong> para las empresas de la UE frente a sus hom\u00f3logas en Estados Unidos\u00bb.<\/p>\n<p>Una segunda observaci\u00f3n ata\u00f1e a la Ley de IA. Draghi la calific\u00f3 expl\u00edcitamente de \u00abotra fuente de incertidumbre\u00bb <strong>e inst\u00f3 a aplazar la aplicaci\u00f3n de la Ley de IA para los sistemas de alto riesgo<\/strong> \u00abhasta que entendamos mejor sus inconvenientes\u00bb.<\/p>\n<p>No hay soluciones milagro, el Digital Omnibus es solo un primer paso<\/p>\n<p>El Digital Omnibus es un paso en la buena direcci\u00f3n, al igual que la <a href=\"https:\/\/eutechloop.com\/between-the-lines-gdpr\/\" target=\"_blank\" rel=\"noreferrer nofollow noopener\">Estrategia de Uni\u00f3n de Datos de la UE<\/a> y el inminente Digital Fitness Check, pero ni las empresas europeas ni los responsables pol\u00edticos deben perder tiempo. <strong>Deber\u00edan aprovechar al m\u00e1ximo estas intervenciones<\/strong> y, al mismo tiempo, planificar y programar los planes B y C.<\/p>\n<p>Como en todo, <strong>el cambio de calado en Europa se produce a trav\u00e9s de numerosas iniciativas<\/strong> e intervenciones, y har\u00e1 falta mucho m\u00e1s para que las empresas europeas tengan oportunidades reales de ganar competitividad.<\/p>\n<p>Esta semana, <a href=\"https:\/\/aichamber.eu\/aichamber-submits-openletter-on-digital-omnibus\/?ref=eutechloop.com\" target=\"_blank\" rel=\"noreferrer nofollow noopener\">AI Chamber<\/a> y un grupo de organizaciones (entre ellas nuestra organizaci\u00f3n matriz, Consumer Choice Center Europe) que representan a Chequia, Polonia, Eslovaquia, Hungr\u00eda, Lituania, Dinamarca, Bulgaria y otros pa\u00edses enviaron una <a href=\"https:\/\/aichamber.eu\/wp-content\/uploads\/2025\/12\/Partners%5FOpen-Letter-on-Digital-Omnibus-package.pdf?ref=eutechloop.com\" target=\"_blank\" rel=\"noreferrer nofollow noopener\">carta<\/a> al Consejo de la Uni\u00f3n Europea y a los miembros del Parlamento Europeo, inst\u00e1ndoles a aprovechar <strong>la oportunidad que brinda el Digital Omnibus y a centrarse en otros cambios<\/strong> necesarios para que las empresas europeas sean m\u00e1s competitivas.<\/p>\n<p>La carta expresa un firme respaldo a los esfuerzos de la Comisi\u00f3n Europea con el Digital Omnibus, pero subraya que su alcance podr\u00eda ser insuficiente. <strong>Los firmantes proponen tratar la propuesta de Digital Omnibus<\/strong> como un primer paso, no como una meta final, para ayudar a que las empresas europeas sean m\u00e1s competitivas en el \u00e1mbito digital.<\/p>\n<p>La carta pide simplificar la Ley de IA, <strong>aplazar su aplicaci\u00f3n durante dos a\u00f1os y garantizar que las normas sobre el uso del inter\u00e9s<\/strong> leg\u00edtimo para el desarrollo de la IA sean claras, coherentes y est\u00e9n plenamente armonizadas en toda la UE.<\/p>\n<p>Por \u00faltimo, la carta lanza una pulla moderada a quienes defienden la autonom\u00eda estrat\u00e9gica europea, pero quieren tenerlo todo, sin introducir cambios significativos que podr\u00edan favorecer el crecimiento de las empresas europeas. <strong>\u00abNo podemos aspirar a una autonom\u00eda estrat\u00e9gica<\/strong> genuina si somos incapaces de desarrollar nuestras propias tecnolog\u00edas fundamentales\u00bb, se lee.<\/p>\n<p><strong>Este art\u00edculo se public\u00f3 por primera vez en<\/strong> <a href=\"https:\/\/eutechloop.com\/europe-has-both\/\" target=\"_blank\" rel=\"noreferrer nofollow noopener\"><strong>EU Tech Loop<\/strong><\/a> <strong>y se ha compartido en &#8216;Euronews&#8217; en el marco de un acuerdo con EU Tech Loop.<\/strong><\/p>\n","protected":false},"excerpt":{"rendered":"Por&amp;nbspEgle Markeviciute, EU Tech Loop and Euronews Publicado 15\/12\/2025 &#8211; 8:52 CET \u2022Ultima actualizaci\u00f3n 8:57 Mientras los representantes&hellip;\n","protected":false},"author":2,"featured_media":289181,"comment_status":"","ping_status":"","sticky":false,"template":"","format":"standard","meta":{"footnotes":""},"categories":[42],"tags":[17,18,13559,700,13,14,11,136,61,62,63,64,19,20,9,10,15,16,120,12,21,22,65,66,67],"class_list":{"0":"post-289180","1":"post","2":"type-post","3":"status-publish","4":"format-standard","5":"has-post-thumbnail","7":"category-internacional","8":"tag-breaking-news","9":"tag-breakingnews","10":"tag-ciberseguridad","11":"tag-europa","12":"tag-featured-news","13":"tag-featurednews","14":"tag-headlines","15":"tag-inteligencia-artificial","16":"tag-internacional","17":"tag-international","18":"tag-international-news","19":"tag-internationalnews","20":"tag-latest-news","21":"tag-latestnews","22":"tag-news","23":"tag-noticias","24":"tag-noticias-destacadas","25":"tag-noticiasdestacadas","26":"tag-tecnologia","27":"tag-titulares","28":"tag-ultimas-noticias","29":"tag-ultimasnoticias","30":"tag-world","31":"tag-world-news","32":"tag-worldnews"},"share_on_mastodon":{"url":"https:\/\/pubeurope.com\/@es\/115722604036499497","error":""},"_links":{"self":[{"href":"https:\/\/www.europesays.com\/es\/wp-json\/wp\/v2\/posts\/289180","targetHints":{"allow":["GET"]}}],"collection":[{"href":"https:\/\/www.europesays.com\/es\/wp-json\/wp\/v2\/posts"}],"about":[{"href":"https:\/\/www.europesays.com\/es\/wp-json\/wp\/v2\/types\/post"}],"author":[{"embeddable":true,"href":"https:\/\/www.europesays.com\/es\/wp-json\/wp\/v2\/users\/2"}],"replies":[{"embeddable":true,"href":"https:\/\/www.europesays.com\/es\/wp-json\/wp\/v2\/comments?post=289180"}],"version-history":[{"count":0,"href":"https:\/\/www.europesays.com\/es\/wp-json\/wp\/v2\/posts\/289180\/revisions"}],"wp:featuredmedia":[{"embeddable":true,"href":"https:\/\/www.europesays.com\/es\/wp-json\/wp\/v2\/media\/289181"}],"wp:attachment":[{"href":"https:\/\/www.europesays.com\/es\/wp-json\/wp\/v2\/media?parent=289180"}],"wp:term":[{"taxonomy":"category","embeddable":true,"href":"https:\/\/www.europesays.com\/es\/wp-json\/wp\/v2\/categories?post=289180"},{"taxonomy":"post_tag","embeddable":true,"href":"https:\/\/www.europesays.com\/es\/wp-json\/wp\/v2\/tags?post=289180"}],"curies":[{"name":"wp","href":"https:\/\/api.w.org\/{rel}","templated":true}]}}