{"id":289184,"date":"2025-12-15T08:20:14","date_gmt":"2025-12-15T08:20:14","guid":{"rendered":"https:\/\/www.europesays.com\/es\/289184\/"},"modified":"2025-12-15T08:20:14","modified_gmt":"2025-12-15T08:20:14","slug":"boletin-oficial-republica-argentina-ministerio-de-salud","status":"publish","type":"post","link":"https:\/\/www.europesays.com\/es\/289184\/","title":{"rendered":"BOLETIN OFICIAL REPUBLICA ARGENTINA &#8211; MINISTERIO DE SALUD"},"content":{"rendered":"<p>Ciudad de Buenos Aires, 11\/12\/2025<\/p>\n<p>VISTO el Expediente, EX-2024-89972622- -APN-DRRHH#ANMAT, las Leyes Nros. 27.701 y 24.156, los Decretos N\u00b0\u00a01133 del 25 de agosto de 2009 y sus modificatorias, N\u00b0\u00a088 del 26 de diciembre de 2023, N\u00b0\u00a0958 del 25 de octubre de 2024 y la Decisi\u00f3n Administrativa N\u00b0\u00a0761 del 6 de septiembre de 2019 y sus modificatorias,\u00a0y<\/p>\n<p>CONSIDERANDO:<\/p>\n<p>Que por el Decreto N\u00b0\u00a088\/2023 se estableci\u00f3 que las disposiciones de la Ley N\u00ba\u00a027.701 del Presupuesto General de la Administraci\u00f3n Nacional para el Ejercicio 2023 regir\u00e1n a partir del 1\u00b0 de enero de 2024, en virtud de lo establecido por el art\u00edculo 27 de la ley N\u00b0\u00a024.156 de Administraci\u00f3n Financiera y de los Sistemas de Control del Sector P\u00fablico Nacional.<\/p>\n<p>Que por el Decreto N\u00b0\u00a0958\/2024 se establece que corresponde al JEFE DE GABINETE DE MINISTROS, a los Ministros, a los Secretarios de la PRESIDENCIA DE LA NACI\u00d3N, al Procurador del Tesoro de la Naci\u00f3n y a los Vicejefes de Gabinete de la JEFATURA DE GABINETE DE MINISTROS, en sus respectivos \u00e1mbitos, efectuar y\/o prorrogar las designaciones transitorias de personal en cargos de planta permanente y extraescalafonarios con rango y jerarqu\u00eda inferior a Subsecretario, vacantes y financiados presupuestariamente, de conformidad con las estructuras organizativas vigentes, en el \u00e1mbito de la Administraci\u00f3n P\u00fablica Nacional, centralizada y descentralizada, incluyendo las que correspondan a los organismos descentralizados que funcionen en su \u00f3rbita.<\/p>\n<p>Que por la Decisi\u00f3n Administrativa N\u00b0\u00a0761\/19 se aprob\u00f3 la estructura organizativa de primer y segundo nivel operativo de la ADMINISTRACI\u00d3N NACIONAL DE MEDICAMENTOS, ALIMENTOS Y TECNOLOG\u00cdA M\u00c9DICA, (ANMAT), organismo descentralizado actuante en la \u00f3rbita del MINISTERIO DE SALUD.<\/p>\n<p>Que resulta necesario proceder a la cobertura transitoria del cargo vacante y financiado de jefa del Departamento de Prevenci\u00f3n y Promoci\u00f3n de la Salud Alimentaria de la Direcci\u00f3n de Prevenci\u00f3n, Vigilancia y Coordinaci\u00f3n Jurisdiccional del INSTITUTO NACIONAL DE ALIMENTOS de la ADMINISTRACI\u00d3N NACIONAL DE MEDICAMENTOS, ALIMENTOS Y TECNOLOG\u00cdA M\u00c9DICA (ANMAT), organismo descentralizado actuante en la \u00f3rbita de le ex- SECRETAR\u00cdA DE GOBIERNO DE SALUD del entonces del MINISTERIO DE SALUD Y DESARROLLO SOCIAL.<\/p>\n<p>Que la cobertura transitoria del cargo aludido no constituye asignaci\u00f3n de recurso extraordinario.<\/p>\n<p>Que la DIRECCI\u00d3N GENERAL DE ASUNTOS JUR\u00cdDICOS del MINISTERIO de SALUD de la NACI\u00d3N ha tomado la intervenci\u00f3n que le compete.<\/p>\n<p>Que la presente medida se dicta en uso de las atribuciones emergentes del art\u00edculo 100, inciso 3 de la CONSTITUCI\u00d3N NACIONAL y el 2\u00b0 del Decreto N\u00b0\u00a0958 del 25 de octubre de 2024.<\/p>\n<p>Por ello,<\/p>\n<p>EL MINISTRO DE SALUD<\/p>\n<p>RESUELVE:<\/p>\n<p>ART\u00cdCULO 1\u00ba.- D\u00e1se por designado\/a, a partir del 1\u00ba de agosto de 2024 y por el t\u00e9rmino de CIENTO OCHENTA (180) d\u00edas h\u00e1biles contados a partir del dictado de la presente medida, a la lic Soledad ISARRALDE, DNI N\u00ba\u00a025.577.209, en el cargo de jefa del Departamento de Prevenci\u00f3n y Promoci\u00f3n de la Salud Alimentaria de la Direcci\u00f3n de Prevenci\u00f3n, Vigilancia y Coordinaci\u00f3n Jurisdiccional del INSTITUTO NACIONAL DE ALIMENTOS de la ADMINISTRACI\u00d3N NACIONAL DE MEDICAMENTOS, ALIMENTOS Y TECNOLOG\u00cdA M\u00c9DICA (ANMAT), organismo descentralizado actuante en la \u00f3rbita del MINISTERIO DE SALUD, Categor\u00eda Profesional Principal, Grado Inicial del Convenio Colectivo de Trabajo Sectorial del Personal Profesional de los Establecimientos Hospitalarios y Asistenciales e Institutos de Investigaci\u00f3n y Producci\u00f3n dependientes del MINISTERIO DE SALUD, homologado por el Decreto N\u00ba\u00a01133\/09. Se autoriza el correspondiente pago del Suplemento por Funci\u00f3n Directiva Nivel V, del citado Convenio Colectivo de Trabajo Sectorial y se efect\u00faa la presente designaci\u00f3n transitoria con car\u00e1cter de excepci\u00f3n respecto a los requisitos establecidos en los art\u00edculos 24\/37 de dicho Convenio.<\/p>\n<p>ART\u00cdCULO 2\u00b0.-El cargo involucrado en el art\u00edculo 1\u00b0 de la presente decisi\u00f3n administrativa deber\u00e1 ser cubierto conforme los requisitos y sistemas de selecci\u00f3n vigentes seg\u00fan lo establecido, respectivamente, en el art\u00edculo 24, T\u00edtulo II, Cap\u00edtulo II y en el art\u00edculo 39, T\u00edtulo III, Cap\u00edtulo II, y T\u00edtulo IV del Convenio Colectivo de Trabajo Sectorial del Personal Profesional de los Establecimientos Hospitalarios y Asistenciales e Institutos de Investigaci\u00f3n y Producci\u00f3n dependientes del MINISTERIO DE SALUD, homologado por el Decreto N\u00ba\u00a01133\/09 dentro del plazo de CIENTO OCHENTA (180) d\u00edas h\u00e1biles contados a partir del dictado de la presente medida.<\/p>\n<p>ART\u00cdCULO 3\u00b0. &#8211; El gasto que demande el cumplimiento de la presente decisi\u00f3n administrativa ser\u00e1 atendido con cargo a las partidas espec\u00edficas de la Jurisdicci\u00f3n 80 &#8211; MINISTERIO DE SALUD &#8211; ENTIDAD 904 &#8211; ADMINISTRACI\u00d3N NACIONAL DE MEDICAMENTOS, ALIMENTOS Y TECNOLOG\u00cdA M\u00c9DICA \u2013 ANMAT -.<\/p>\n<p>ART\u00cdCULO 4\u00b0. &#8211; Comun\u00edquese, publ\u00edquese, d\u00e9se a la DIRECCI\u00d3N NACIONAL DEL REGISTRO OFICIAL y arch\u00edvese.<\/p>\n<p>Mario Iv\u00e1n Lugones<\/p>\n<p>e. 15\/12\/2025 N\u00b0\u00a094531\/25 v. 15\/12\/2025<\/p>\n","protected":false},"excerpt":{"rendered":"Ciudad de Buenos Aires, 11\/12\/2025 VISTO el Expediente, EX-2024-89972622- -APN-DRRHH#ANMAT, las Leyes Nros. 27.701 y 24.156, los Decretos&hellip;\n","protected":false},"author":2,"featured_media":289185,"comment_status":"","ping_status":"","sticky":false,"template":"","format":"standard","meta":{"footnotes":""},"categories":[5],"tags":[17,18,25,24,13,14,11,19,20,9,10,15,16,23,12,21,22],"class_list":{"0":"post-289184","1":"post","2":"type-post","3":"status-publish","4":"format-standard","5":"has-post-thumbnail","7":"category-titulares","8":"tag-breaking-news","9":"tag-breakingnews","10":"tag-es","11":"tag-espana","12":"tag-featured-news","13":"tag-featurednews","14":"tag-headlines","15":"tag-latest-news","16":"tag-latestnews","17":"tag-news","18":"tag-noticias","19":"tag-noticias-destacadas","20":"tag-noticiasdestacadas","21":"tag-spain","22":"tag-titulares","23":"tag-ultimas-noticias","24":"tag-ultimasnoticias"},"share_on_mastodon":{"url":"https:\/\/pubeurope.com\/@es\/115722611799816744","error":""},"_links":{"self":[{"href":"https:\/\/www.europesays.com\/es\/wp-json\/wp\/v2\/posts\/289184","targetHints":{"allow":["GET"]}}],"collection":[{"href":"https:\/\/www.europesays.com\/es\/wp-json\/wp\/v2\/posts"}],"about":[{"href":"https:\/\/www.europesays.com\/es\/wp-json\/wp\/v2\/types\/post"}],"author":[{"embeddable":true,"href":"https:\/\/www.europesays.com\/es\/wp-json\/wp\/v2\/users\/2"}],"replies":[{"embeddable":true,"href":"https:\/\/www.europesays.com\/es\/wp-json\/wp\/v2\/comments?post=289184"}],"version-history":[{"count":0,"href":"https:\/\/www.europesays.com\/es\/wp-json\/wp\/v2\/posts\/289184\/revisions"}],"wp:featuredmedia":[{"embeddable":true,"href":"https:\/\/www.europesays.com\/es\/wp-json\/wp\/v2\/media\/289185"}],"wp:attachment":[{"href":"https:\/\/www.europesays.com\/es\/wp-json\/wp\/v2\/media?parent=289184"}],"wp:term":[{"taxonomy":"category","embeddable":true,"href":"https:\/\/www.europesays.com\/es\/wp-json\/wp\/v2\/categories?post=289184"},{"taxonomy":"post_tag","embeddable":true,"href":"https:\/\/www.europesays.com\/es\/wp-json\/wp\/v2\/tags?post=289184"}],"curies":[{"name":"wp","href":"https:\/\/api.w.org\/{rel}","templated":true}]}}