{"id":289194,"date":"2025-12-15T08:30:15","date_gmt":"2025-12-15T08:30:15","guid":{"rendered":"https:\/\/www.europesays.com\/es\/289194\/"},"modified":"2025-12-15T08:30:15","modified_gmt":"2025-12-15T08:30:15","slug":"que-fue-de-carolina-cerezuela-la-mitica-actriz-de-camera-cafe-y-hospital-central-que-se-alejo-de-la-television","status":"publish","type":"post","link":"https:\/\/www.europesays.com\/es\/289194\/","title":{"rendered":"Qu\u00e9 fue de Carolina Cerezuela, la m\u00edtica actriz de \u2018Camera Caf\u00e9\u2019 y \u2018Hospital Central\u2019 que se alej\u00f3 de la televisi\u00f3n"},"content":{"rendered":"<p class=\"\">La televisi\u00f3n ha tra\u00eddo consigo a diferentes celebridades que se han convertido en grandes referentes. As\u00ed ocurri\u00f3 con una serie que despu\u00e9s fue convertida en pel\u00edcula,<b> \u2018Camera Caf\u00e9\u2019<\/b>, en la que destacaban rostros como Arturo Valls, Ana Mil\u00e1n, \u00c1lex O\u2019Dogherty, o <b>Carolina Cerezuela<\/b>, entre otros.<\/p>\n<p class=\"\">La \u00faltima de ellas alcanz\u00f3 gran fama en la televisi\u00f3n gracias a sus m\u00e1s de 500 episodios en la serie de Telecinco, aunque ya ven\u00eda de haber pasado por otros proyectos, como<b> \u2018La verdad de Laura\u2019 o \u2018Aqu\u00ed no hay quien viva\u2019<\/b>. Pero, sin duda, el de Telecinco, con su papel de M\u00f3nica Salazar, fue el que le catapult\u00f3 a lo m\u00e1s alto en la peque\u00f1a pantalla.<\/p>\n<p class=\"\">Fue ganando m\u00e1s y m\u00e1s fama, y otras series como <b>\u2018Los Serrano\u2019 <\/b>quer\u00edan contar con ella, pasando despu\u00e9s a otra m\u00edtica de la televisi\u00f3n como<b> \u2018Hospital Central\u2019<\/b>, donde se puso en la piel de Ver\u00f3nica Sol\u00e9.<\/p>\n<p class=\"\">Entonces, ya no solo le llamaban para ejercer de actriz, sino que despu\u00e9s le llegaron nuevos trabajos, como el de miembro del jurado de un concurso como<b> \u2018Tu cara me suena\u2019<\/b>, donde estuvo tres temporadas (2011-2013). Entre medias, y a posteriori, <b>lleg\u00f3 tambi\u00e9n a presentar las Campanadas de fin de a\u00f1o, y pas\u00f3 a colaborar en otros espacios, como \u2018A partir de hoy\u2019, \u2018Como sapiens\u2019, \u2018Coraz\u00f3n\u2019, \u2018Aqu\u00ed la Tierra\u2019, y \u2018Ahora o nunca\u2019<\/b>.<\/p>\n<p>Su vida en la actualidad<\/p>\n<p class=\"\">Entre medias, disfrutaba de <b>su vida junto a su marido, el extenista Carlos Moy\u00e1, y de sus hijos, Carla, Carlos y Daniela<\/b>, de quienes disfruta en la actualidad, y con quienes comparte la mayor\u00eda de su tiempo a d\u00eda de hoy.<\/p>\n<p>Noticias relacionadas<a href=\"https:\/\/as.com\/tikitakas\/famosos\/antonia-san-juan-sobre-su-adios-a-la-que-se-avecina-habia-cosas-de-las-que-nunca-he-hablado-f202512-n\/\" class=\"s_m_w\" title=\"Este pasado mes de mayo, la actriz canaria puso punto final en \u2018La Revuelta\u2019, al debate sobre su salida de la serie humor\u00edstica espa\u00f1ola.  \" data-tb-link=\"\" rel=\"nofollow noopener\" target=\"_blank\"><img decoding=\"async\" src=\"https:\/\/www.europesays.com\/es\/wp-content\/uploads\/2025\/12\/1765787413_345_YFDXGHZNA5LFTC4LHA5RBVAL24.jpg\" alt=\"Antonia San Juan, sobre su adi\u00f3s a \u2018La que se avecina\u2019: \u201cHab\u00eda cosas de las que nunca he hablado\u201d\" class=\"\" height=\"9\" width=\"16\"   loading=\"lazy\" data-tb-thumbnail=\"\"\/><\/a><a href=\"https:\/\/as.com\/tikitakas\/famosos\/maria-pedraza-tras-la-casa-de-papel-y-elite-pase-de-una-vida-completamente-normal-a-una-exposicion-global-f202512-n\/\" class=\"s_m_w\" title=\"La actriz recuerda en una entrevista con la embajada de Espa\u00f1a en Italia c\u00f3mo fue su repentino salta a la fama, despu\u00e9s de haberse formado para ser bailarina.\" data-tb-link=\"\" rel=\"nofollow noopener\" target=\"_blank\"><img decoding=\"async\" src=\"https:\/\/www.europesays.com\/es\/wp-content\/uploads\/2025\/12\/1765787415_159_4TLNPBLCFXMTGOPY22PHQWIOB4.jpg\" alt=\"Mar\u00eda Pedraza, tras \u2018La Casa de Papel\u2019 y \u2018\u00c9lite\u2019: \u201cPas\u00e9 de una vida completamente normal a una exposici\u00f3n global\u201d\" class=\"\" height=\"9\" width=\"16\"   loading=\"lazy\" data-tb-thumbnail=\"\"\/><\/a><\/p>\n<p class=\"\">Adem\u00e1s, como confes\u00f3 en una entrevista concedida al programa de \u2018En Marcha con Nuria March\u2019, tambi\u00e9n ha creado un<b> d\u00fao musical junto a Jaime Anglada<\/b>, con quien ya ha sacado dos discos y un espect\u00e1culo llamado \u2018Versionados\u2019: \u201cNuestro show es muy divertido, porque narramos la parte del amor desde la fase de enamoramiento, la crisis y el final feliz\u201d.<\/p>\n<p class=\"\"><b>\u00a1Tus opiniones importan!<\/b> Comenta en los art\u00edculos y suscr\u00edbete gratis a nuestra <a href=\"https:\/\/asfan.as.com\/newsletters\/\" target=\"_blank\" rel=\"nofollow noopener\" title=\"https:\/\/asfan.as.com\/newsletters\/\">newsletter<\/a> y a las alertas informativas en la <a href=\"https:\/\/as.com\/aplicacion-de-as-n\/\" target=\"_blank\" rel=\"nofollow noopener\" title=\"https:\/\/as.com\/aplicacion-de-as-n\/\">App<\/a> o el canal de <a href=\"https:\/\/www.whatsapp.com\/channel\/0029VaAasdA7j6g745nz9M10\" target=\"_blank\" rel=\"nofollow noopener\" title=\"https:\/\/www.whatsapp.com\/channel\/0029VaAasdA7j6g745nz9M10\">WhatsApp<\/a>. \u00bfBuscas licenciar contenido? Haz clic <a href=\"https:\/\/profesional.elpais.com\/landing-sindicacion?utm_medium=interno&amp;utm_source=crosslinking&amp;utm_campaign=sindicacion_as_pie_articulos\" target=\"_blank\" rel=\"nofollow noopener\" title=\"https:\/\/profesional.elpais.com\/landing-sindicacion?utm_medium=interno&amp;utm_source=crosslinking&amp;utm_campaign=sindicacion_as_pie_articulos\">aqu\u00ed<\/a><\/p>\n","protected":false},"excerpt":{"rendered":"La televisi\u00f3n ha tra\u00eddo consigo a diferentes celebridades que se han convertido en grandes referentes. As\u00ed ocurri\u00f3 con&hellip;\n","protected":false},"author":2,"featured_media":289195,"comment_status":"","ping_status":"","sticky":false,"template":"","format":"standard","meta":{"footnotes":""},"categories":[174],"tags":[255,146,147,25,24,256,23],"class_list":{"0":"post-289194","1":"post","2":"type-post","3":"status-publish","4":"format-standard","5":"has-post-thumbnail","7":"category-famosos","8":"tag-celebrities","9":"tag-entertainment","10":"tag-entretenimiento","11":"tag-es","12":"tag-espana","13":"tag-famosos","14":"tag-spain"},"share_on_mastodon":{"url":"https:\/\/pubeurope.com\/@es\/115722651258910092","error":""},"_links":{"self":[{"href":"https:\/\/www.europesays.com\/es\/wp-json\/wp\/v2\/posts\/289194","targetHints":{"allow":["GET"]}}],"collection":[{"href":"https:\/\/www.europesays.com\/es\/wp-json\/wp\/v2\/posts"}],"about":[{"href":"https:\/\/www.europesays.com\/es\/wp-json\/wp\/v2\/types\/post"}],"author":[{"embeddable":true,"href":"https:\/\/www.europesays.com\/es\/wp-json\/wp\/v2\/users\/2"}],"replies":[{"embeddable":true,"href":"https:\/\/www.europesays.com\/es\/wp-json\/wp\/v2\/comments?post=289194"}],"version-history":[{"count":0,"href":"https:\/\/www.europesays.com\/es\/wp-json\/wp\/v2\/posts\/289194\/revisions"}],"wp:featuredmedia":[{"embeddable":true,"href":"https:\/\/www.europesays.com\/es\/wp-json\/wp\/v2\/media\/289195"}],"wp:attachment":[{"href":"https:\/\/www.europesays.com\/es\/wp-json\/wp\/v2\/media?parent=289194"}],"wp:term":[{"taxonomy":"category","embeddable":true,"href":"https:\/\/www.europesays.com\/es\/wp-json\/wp\/v2\/categories?post=289194"},{"taxonomy":"post_tag","embeddable":true,"href":"https:\/\/www.europesays.com\/es\/wp-json\/wp\/v2\/tags?post=289194"}],"curies":[{"name":"wp","href":"https:\/\/api.w.org\/{rel}","templated":true}]}}