{"id":289198,"date":"2025-12-15T08:35:12","date_gmt":"2025-12-15T08:35:12","guid":{"rendered":"https:\/\/www.europesays.com\/es\/289198\/"},"modified":"2025-12-15T08:35:12","modified_gmt":"2025-12-15T08:35:12","slug":"nadie-se-merece-nada-en-este-mundo","status":"publish","type":"post","link":"https:\/\/www.europesays.com\/es\/289198\/","title":{"rendered":"\u00abNadie se merece nada en este mundo\u00bb"},"content":{"rendered":"<p style=\"\">El futuro de <strong>Oona Chaplin <\/strong>(Madrid, 1986) se escribi\u00f3 antes incluso de que naciera y le pesa como puede pesar un legado inmaterial, intangible, que ha conmovido a gente de todo el mundo, generaci\u00f3n tras generaci\u00f3n, y sigue haci\u00e9ndolo: mucho, demasiado a veces. Bisnieta  &#8230; del Nobel de Literatura Eugene O&#8217;Neill, <a href=\"https:\/\/www.abc.es\/play\/cine\/chaplin-espiritu-gitano-20241212121512-vi.html\" data-voc-vtm-id=\"in-text-traffic\" title=\"nieta de Charles Chaplin,\" rel=\"nofollow noopener\" target=\"_blank\">nieta de Charles Chaplin,<\/a> hija de la actriz Geraldine Chaplin y del director de fotograf\u00eda Patricio Castillo. Si no tiene estrella en el Paseo de la Fama de Hollywood, deber\u00eda por derecho sucesorio. <\/p>\n<p class=\"voc-p\" style=\"\">\u00ab<strong>\u00bfQui\u00e9n me compara con Chaplin? <\/strong>\u00c9l es un genio. Lo ha hecho todo. Dirig\u00eda, compon\u00eda, escrib\u00eda, editaba\u2026 Es un mito, no hay comparaci\u00f3n. Para m\u00ed eso no es un problema. Yo estoy muy agradecida, le admiro. Cuando tengo que hacer un casting, me enfoco en dar lo mejor de m\u00ed. Porque si me pongo a pensar en \u00e9l&#8230; Estoy acabada. Ah\u00ed no hay competencia. Para m\u00ed lo importante es el legado de trabajar duro, de empe\u00f1arme, de poner coraz\u00f3n en todo lo que hago\u00bb, reconoce la actriz, que ha trabajado en cuatro pel\u00edculas con su madre, en una entrevista con ABC en Madrid. <\/p>\n<p class=\"voc-title\">\u00abCuando uno llega al trabajo tiene que trabajar. A lo mejor yo estoy m\u00e1s acostumbrada a esto porque tengo el apellido que tengo\u00bb<\/p>\n<p class=\"voc-p\" style=\"\">Porque descender de aut\u00e9nticas leyendas no le ha servido a <a href=\"https:\/\/www.abc.es\/play\/cine\/nieta-charles-chaplin-indaga-origenes-gitanos-familia-20241211130306-vi.html\" data-voc-vtm-id=\"in-text-traffic\" title=\"Oona Chaplin para saltarse los casting \" rel=\"nofollow noopener\" target=\"_blank\">Oona Chaplin para saltarse los casting <\/a>reservados al m\u00e1s com\u00fan de los mortales. El \u00faltimo fichaje de<strong> James Cameron <\/strong>se gan\u00f3 el \u00abregalo\u00bb de interpretar a la indomable Varang en <strong>&#8216;Avatar: Fuego y ceniza&#8217; <\/strong>gracias a la escena con<strong> Stephen Lang <\/strong>(Miles Quaritch) en la yurta. \u00abNo s\u00e9 c\u00f3mo fue el enchufe, pero llegu\u00e9 a la prueba\u00bb, bromea. Tambi\u00e9n lleg\u00f3 a los de otros proyectos internacionales. Es, dice, \u00abuna mezcla de suerte e intuici\u00f3n\u00bb, algo que no hace \u00abadrede\u00bb. Cuesta imaginar d\u00f3nde llegar\u00eda si lo hiciera. <\/p>\n<p class=\"voc-p\" style=\"\">Por el momento, Oona Chaplin fue Talisa Maegyr, la mujer de <a href=\"https:\/\/www.abc.es\/play\/series\/noticias\/violencia-violencia-violencia-casa-dragon-vuela-juego-20240614042905-nt.html\" data-voc-vtm-id=\"in-text-traffic\" title=\"Robb Stark en &#039;Juego de tronos&#039;\" rel=\"nofollow noopener\" target=\"_blank\">Robb Stark en &#8216;Juego de tronos&#8217;<\/a> que muere en la <strong>Boda roja<\/strong>, uno de los episodios m\u00e1s impactantes de la serie. Fue tambi\u00e9n la novia del Dr. Watson de Martin Freeman en un episodio de &#8216;Sherlock&#8217; y la hermana y amante de <strong>Tom Hardy<\/strong> en &#8216;Taboo&#8217;. Aparece tambi\u00e9n en los cr\u00e9ditos de la cuarta pel\u00edcula de &#8216;Avatar&#8217;, en el aire a la espera del recorrido de &#8216;Fuego y ceniza&#8217;. \u00abClaro que impone participar en estos proyectos pero al final cuando uno llega al trabajo tiene que trabajar. A lo mejor yo estoy m\u00e1s acostumbrada a esto porque tengo el apellido que tengo\u00bb, cuenta. <\/p>\n<p class=\"voc-p\" style=\"\">Confiesa la actriz que su objetivo, siempre, es \u00abhonrar el legado\u00bb de su familia, aunque a veces ha sentido que le estaban abriendo \u00abpuertas\u00bb que no merece. \u00abPero aqu\u00ed, en este mundo, nadie se merece nada. Eso de merecerse&#8230; Nadie se merece nada en este mundo. Es lo que toca&#8230; Se te abre esta puerta. \u00bfVas a entrar? \u00bfC\u00f3mo entras? \u00bfQu\u00e9 vas a aportar t\u00fa? Eso es lo que importa. Me centr\u00e9 en eso por que s\u00ed lo puedo controlar\u00bb, afirma.<\/p>\n","protected":false},"excerpt":{"rendered":"El futuro de Oona Chaplin (Madrid, 1986) se escribi\u00f3 antes incluso de que naciera y le pesa como&hellip;\n","protected":false},"author":2,"featured_media":289199,"comment_status":"","ping_status":"","sticky":false,"template":"","format":"standard","meta":{"footnotes":""},"categories":[169],"tags":[68440,177,146,147,25,24,176,13969,175,3013,69483,23],"class_list":{"0":"post-289198","1":"post","2":"type-post","3":"status-publish","4":"format-standard","5":"has-post-thumbnail","7":"category-cine","8":"tag-chaplin","9":"tag-cine","10":"tag-entertainment","11":"tag-entretenimiento","12":"tag-es","13":"tag-espana","14":"tag-film","15":"tag-merece","16":"tag-movies","17":"tag-mundo","18":"tag-oona","19":"tag-spain"},"share_on_mastodon":{"url":"https:\/\/pubeurope.com\/@es\/115722671033294173","error":""},"_links":{"self":[{"href":"https:\/\/www.europesays.com\/es\/wp-json\/wp\/v2\/posts\/289198","targetHints":{"allow":["GET"]}}],"collection":[{"href":"https:\/\/www.europesays.com\/es\/wp-json\/wp\/v2\/posts"}],"about":[{"href":"https:\/\/www.europesays.com\/es\/wp-json\/wp\/v2\/types\/post"}],"author":[{"embeddable":true,"href":"https:\/\/www.europesays.com\/es\/wp-json\/wp\/v2\/users\/2"}],"replies":[{"embeddable":true,"href":"https:\/\/www.europesays.com\/es\/wp-json\/wp\/v2\/comments?post=289198"}],"version-history":[{"count":0,"href":"https:\/\/www.europesays.com\/es\/wp-json\/wp\/v2\/posts\/289198\/revisions"}],"wp:featuredmedia":[{"embeddable":true,"href":"https:\/\/www.europesays.com\/es\/wp-json\/wp\/v2\/media\/289199"}],"wp:attachment":[{"href":"https:\/\/www.europesays.com\/es\/wp-json\/wp\/v2\/media?parent=289198"}],"wp:term":[{"taxonomy":"category","embeddable":true,"href":"https:\/\/www.europesays.com\/es\/wp-json\/wp\/v2\/categories?post=289198"},{"taxonomy":"post_tag","embeddable":true,"href":"https:\/\/www.europesays.com\/es\/wp-json\/wp\/v2\/tags?post=289198"}],"curies":[{"name":"wp","href":"https:\/\/api.w.org\/{rel}","templated":true}]}}