{"id":289210,"date":"2025-12-15T08:41:17","date_gmt":"2025-12-15T08:41:17","guid":{"rendered":"https:\/\/www.europesays.com\/es\/289210\/"},"modified":"2025-12-15T08:41:17","modified_gmt":"2025-12-15T08:41:17","slug":"la-crisis-de-los-desaparecidos-de-mexico-rodea-una-de-las-sedes-del-mundial","status":"publish","type":"post","link":"https:\/\/www.europesays.com\/es\/289210\/","title":{"rendered":"La crisis de los desaparecidos de M\u00e9xico rodea una de las sedes del Mundial"},"content":{"rendered":"<p class=\"\">No es una, ni dos ni tres fosas clandestinas. Son por lo menos una decena de ellas las que han sido localizadas en predios y terrenos abandonados en un per\u00edmetro de por lo menos 15 kil\u00f3metros alrededor del Estadio Akron, en Guadalajara, Jalisco, uno de los tres complejos deportivos en los que se jugar\u00e1n cuatro partidos del Mundial 2026 en M\u00e9xico. Los primeros hallazgos, que ocuparon pocos espacios en los medios de comunicaci\u00f3n nacionales, saltaron a la luz cuando en febrero, trabajadores que constru\u00edan un fraccionamiento <a href=\"https:\/\/elpais.com\/mexico\/2025-07-10\/el-horror-sin-fin-de-las-agujas-halladas-223-bolsas-con-restos-humanos-en-zapopan.html\" target=\"_self\" rel=\"nofollow noopener\" title=\"https:\/\/elpais.com\/mexico\/2025-07-10\/el-horror-sin-fin-de-las-agujas-halladas-223-bolsas-con-restos-humanos-en-zapopan.html\">en el predio de Las Agujas<\/a> \u2014a poco m\u00e1s de 15 kil\u00f3metros hacia el norte del estadio\u2014, encontraron bolsas de pl\u00e1stico con restos humanos dentro. Con la suma de solo cuatro de las fosas encontradas en las cercan\u00edas del recinto, los colectivos de familiares de personas desaparecidas cuentan ya al menos 500 bolsas, las encontradas en los meses recientes. \u201cEn Jalisco se desaparece a los desaparecidos. Como no quieren que se sepa, quieren borrar todo indicio <a href=\"https:\/\/elpais.com\/mexico\/2025-05-14\/las-victimas-de-desapariciones-en-mexico-aumentan-entre-los-mas-jovenes.html\" target=\"_self\" rel=\"nofollow noopener\" title=\"https:\/\/elpais.com\/mexico\/2025-05-14\/las-victimas-de-desapariciones-en-mexico-aumentan-entre-los-mas-jovenes.html\">de que hay desaparecidos<\/a>\u201d,<b> <\/b>dice Jaime Aguilar, de Guerreros buscadores de Jalisco.<\/p>\n<p class=\"\">Es casi medio d\u00eda, y algunos de los integrantes del colectivo al que pertenece Aguilar esperan en la entrada del predio de Arroyo Hondo \u2014a 17 kil\u00f3metros del Akron\u2014 a que llegue personal de la Fiscal\u00eda, del Ministerio P\u00fablico y forenses. En septiembre encontraron esta fosa clandestina, en un antiguo taller de coches, en donde todav\u00eda hay restos de veh\u00edculos que sobresalen entre mont\u00edculos de tierra y escombros. El primero en llegar es el operador de una excavadora, la m\u00e1quina que durante unas cuatro horas, sin parar, remueve la tierra, las piedras gigantes y la maleza. <\/p>\n<p><img decoding=\"auto\" class=\"_re lazyload a_m-h\" height=\"233\"  width=\"414\"  src=\"https:\/\/www.europesays.com\/es\/wp-content\/uploads\/2025\/12\/Z23WUHSHSZF6DLBG2X6T7OFU2Q.jpg\" loading=\"lazy\"\/>Excavaci\u00f3n en fosa ubicada en la colonia Arroyo Hondo en Zapopan, Jalisco.Roberto Antill\u00f3n.<\/p>\n<p class=\"\">\u201cNosotros vamos a checar que hagan bien su trabajo. Que eso no lo deber\u00edamos de hacer, pero nos dimos cuenta, al inicio de estas b\u00fasquedas de campo, que encontr\u00e1bamos fosas, avis\u00e1bamos a las autoridades y ellos no hac\u00edan su trabajo. Es decir, volv\u00edamos a ir y volv\u00edamos a encontrar, es por eso que hicimos esto de que cuando algo se encuentra vamos para tener esa secuencia del trabajo que hacen\u201d, explica Aguilar, antes de vestirse con una camiseta con <a href=\"https:\/\/elpais.com\/mexico\/sociedad\/2021-01-15\/la-desaparicion-de-una-joven-entre-jalisco-y-nayarit-moviliza-a-las-redes-sociales.html\" target=\"_self\" rel=\"nofollow noopener\" title=\"https:\/\/elpais.com\/mexico\/sociedad\/2021-01-15\/la-desaparicion-de-una-joven-entre-jalisco-y-nayarit-moviliza-a-las-redes-sociales.html\">el rostro y el nombre de Wendy S\u00e1nchez,<\/a> una mujer de 33 a\u00f1os que desapareci\u00f3 el 9 de enero de 2021, cuando se trasladaba desde San Francisco (Nayarit) a la ciudad de Guadalajara, en Jalisco. <\/p>\n<p class=\"\">Aguilar es voluntario en el colectivo Guerreros Unidos de Jalisco, y al no ser un familiar directo de una persona desaparecida, \u201cadopt\u00f3\u201d la ficha y la historia de S\u00e1nchez para rendirle homenaje y continuar con su b\u00fasqueda. \u201cTodos los desaparecidos ya son nuestros\u201d, dice. Despu\u00e9s de unos minutos, llega a Arroyo Hondo personal de la Fiscal\u00eda y del Ministerio P\u00fablico, pero ning\u00fan forense. En esa fosa, hasta la primera semana de diciembre, hab\u00edan sido encontradas 47 bolsas con restos humanos. Los trabajos contin\u00faan. <\/p>\n<p class=\"\">El Gobierno estatal ha informado que Jalisco ocupa, en un acumulado de enero a noviembre de 2025, con 2.483 casos de personas desaparecidas, el cuarto lugar nacional, solo por debajo del Estado de M\u00e9xico (con 5.526), Nuevo Le\u00f3n (2.939) y Ciudad de M\u00e9xico (2.870). Aseguran que han mejorado \u201cde manera significativa\u201d su capacidad para localizar a las personas reportadas como desaparecidas. \u201cEn lo que va de 2025, el porcentaje de localizaci\u00f3n es de 61,38%, el m\u00e1s alto de los \u00faltimos siete a\u00f1os\u201d, dicen. Las autoridades estatales han publicado recientemente que el mes de noviembre ha sido<b> <\/b>el mes con menos reportes por desaparici\u00f3n en esa entidad en lo que va del a\u00f1o, con 205 casos; en comparaci\u00f3n con marzo, el que m\u00e1s registros tuvieron con 319 reportes. <\/p>\n<p class=\"\">Adem\u00e1s, aseguran que son el \u00fanico estado con un registro estatal de personas desaparecidas y con una plataforma p\u00fablica que informa sobre las fosas encontradas y el status de los trabajos. \u201cM\u00e9xico vive <a href=\"https:\/\/elpais.com\/mexico\/2025-03-23\/mexico-el-pais-que-desaparece-sin-rastro-de-125000-personas.html\" target=\"_self\" rel=\"nofollow noopener\" title=\"https:\/\/elpais.com\/mexico\/2025-03-23\/mexico-el-pais-que-desaparece-sin-rastro-de-125000-personas.html\">una crisis de violencia y desapariciones<\/a> desde hace a\u00f1os. As\u00ed lo hemos reconocido en Jalisco\u201d, ha declarado la oficina de comunicaci\u00f3n del Gobierno de Jalisco.<\/p>\n<p class=\"\">La realidad que viven todos los d\u00edas los familiares buscadores, es otra. Un d\u00eda antes de la visita a Arroyo Hondo, explica Aguilar, les notificaron que dos fosas clandestinas nuevas se hab\u00edan abierto: una en Santa Cruz de las Flores y otra en San Pedrito, en Tlaquepaque, \u2014ambas a unos 26 kil\u00f3metros del Akron\u2014. Aunque el proceso ser\u00e1 tardado, dicen, pues los gobiernos local y estatal no cuentan con las m\u00e1quinas suficientes y las herramientas necesarias para dar abasto a la cantidad de avisos an\u00f3nimos que los colectivos filtran para seleccionar todos<a href=\"https:\/\/elpais.com\/mexico\/2025-03-18\/la-comision-nacional-de-busqueda-anuncia-la-localizacion-de-307-personas-en-medio-de-la-crisis-de-los-desaparecidos.html\" target=\"_self\" rel=\"nofollow noopener\" title=\"https:\/\/elpais.com\/mexico\/2025-03-18\/la-comision-nacional-de-busqueda-anuncia-la-localizacion-de-307-personas-en-medio-de-la-crisis-de-los-desaparecidos.html\"> los puntos que les se\u00f1alan con probables personas enterradas.<\/a> De acuerdo con Aguilar, hay solo en Guadalajara unos 22 colectivos de familiares que buscan a sus desaparecidos. <\/p>\n<p><img decoding=\"auto\" class=\"_re lazyload a_m-h\" height=\"276\"  width=\"414\"  src=\"https:\/\/www.europesays.com\/es\/wp-content\/uploads\/2025\/12\/BBUDKL43X5B77LUUIUW6Z6AQHI.jpg\" loading=\"lazy\"\/>Jaime Aguilar, voluntario en el colectivo Guerreros Buscadores.Roberto Antill\u00f3n.<\/p>\n<p class=\"\">Arroyo Hondo, una colonia ubicada en Zapopan, es solo una de las paradas en el per\u00edmetro de la capital, en donde las fosas han ido apareciendo al ritmo del trabajo que hacen los colectivos. Antes, entre febrero y septiembre, <a href=\"https:\/\/elpais.com\/mexico\/2025-07-10\/mas-de-200-bolsas-con-restos-humanos-son-localizadas-en-fosa-clandestina-de-jalisco-en-imagenes.html\" target=\"_self\" rel=\"nofollow noopener\" title=\"https:\/\/elpais.com\/mexico\/2025-07-10\/mas-de-200-bolsas-con-restos-humanos-son-localizadas-en-fosa-clandestina-de-jalisco-en-imagenes.html\">otras 270 bolsas con restos humanos <\/a>fueron recuperadas de Las Agujas, un predio de unas 22 hect\u00e1reas tambi\u00e9n en Zapopan. <\/p>\n<p class=\"\">El de Las Agujas es una de las fosas con m\u00e1s n\u00fameros de restos que se han encontrado en Jalisco, en los a\u00f1os recientes, aunque hay escepticismo ante los hallazgos ah\u00ed, pues los colectivos no fueron testigos del trabajo de tres meses que las autoridades llevaron a cabo en ese terreno: \u201cNo tenemos certeza del n\u00famero de bolsas que ellos reportaron\u201d, dice Aguilar. <\/p>\n<p>Hallazgos de bolsas y costales desde 2024<\/p>\n<p class=\"\">Los hallazgos de restos humanos repartidos en bolsas no han sido exclusivos de este a\u00f1o. Entre noviembre de 2024 y enero de 2025, en una fosa clandestina en la colonia Lomas del Refugio, en Zapopan, \u2014a 19 kil\u00f3metros del estadio\u2014 fueron encontrados por lo menos 100 costales con restos humanos. \u201cHay muchas m\u00e1s, pero la vista est\u00e1 en las tres \u00faltimas fosas que se encontraron\u201d, precisa Aguilar. <\/p>\n<p class=\"\">Adem\u00e1s de las bolsas y costales con restos en Las Agujas, El Refugio y Arroyo Hondo, otras 89 bolsas fueron encontradas en Nextipac \u2014a 19 kil\u00f3metros del Akron\u2014 en donde m\u00e1s de una decena de cuerpos han sido pre identificados. \u201cTodos los hallazgos est\u00e1n tomando relevancia porque se est\u00e1n relacionando con el mundial, son varios kil\u00f3metros, pero es que, \u00a1cerca de un estadio mundialista est\u00e1 pasando esto! Sin embargo, por ejemplo, <a href=\"https:\/\/elpais.com\/mexico\/2025-06-12\/edificios-iluminados-el-reloj-oficial-y-el-mayor-mundial-de-la-historia-mexico-a-un-ano-de-la-copa-del-mundo-2026.html\" target=\"_self\" rel=\"nofollow noopener\" title=\"https:\/\/elpais.com\/mexico\/2025-06-12\/edificios-iluminados-el-reloj-oficial-y-el-mayor-mundial-de-la-historia-mexico-a-un-ano-de-la-copa-del-mundo-2026.html\">justo en frente del estadio Akron<\/a> est\u00e1 el Bosque de la primavera, donde desde hace a\u00f1os se han encontrado muchas fosas, y eso est\u00e1 mucho m\u00e1s cerca que Las Agujas o Arroyo Hondo\u201d, cuentan miembros del colectivo Guerreros Unidos.<\/p>\n<p class=\"\">Si solo se suman las bolsas y costales encontrados por los colectivos de buscadoras en los cuatro puntos: Las Agujas (270 bolsas), Arroyo Hondo (47), Lomas del Refugio (por lo menos 100) y Nextipac (89) la cantidad sobrepasa ya las 500, sin contar los hallazgos que en varios de estos puntos se sigan registrando mientras todav\u00eda se trabaje en ellos. <\/p>\n<p class=\"\">Aguilar reconoce que encontrar restos en bolsas y costales en las fosas m\u00e1s recientes es una forma \u2018nueva\u2019 que tienen los grupos delincuenciales para desaparecer a personas. Adem\u00e1s, miembros del colectivo han relatado que en estas b\u00fasquedas en campo han detectado que en las excavaciones, antes de llegar al punto de profundidad donde est\u00e1n los cuerpos o los restos humanos, se han encontrado con cad\u00e1veres de animales que ellos interpretan como mecanismos distractores en el proceso.<\/p>\n<p class=\"\">Aguilar precisa: \u201cEn Nextipac, por ejemplo, la forma de emplayamiento, y bolsas de pl\u00e1stico encintadas. Es decir, en las tres fosas fue ese el com\u00fan [Nextipac, Las Agujas y Arroyo Hondo]. Tienen poca data, porque los restos se encontraban todav\u00eda con piel y casi ninguna osamenta\u201d.<\/p>\n<p><img decoding=\"auto\" class=\"_re lazyload a_m-h\" height=\"277\"  width=\"414\"  src=\"https:\/\/www.europesays.com\/es\/wp-content\/uploads\/2025\/12\/TCAAAPOUBNFH7IR3DSZQL72VI4.jpg\" loading=\"lazy\"\/>Elementos de seguridad resguardan la fosa ubicada en la colonia Arroyo Hondo.Roberto Antill\u00f3n.\u201cUn proceso para embellecer la ciudad\u201d<\/p>\n<p class=\"\">Adem\u00e1s de las fosas halladas en los \u00faltimos meses, los colectivos se\u00f1alan que otras se encuentran todav\u00eda en procesamiento, como la del pante\u00f3n municipal de San Sebastianito \u2014a 18 kil\u00f3metros del estadio\u2014, donde se encontraron al menos 18 bolsas con restos humanos; y en la colonia Santa Paula, en el municipio de Tonal\u00e1, donde todav\u00eda est\u00e1n trabajando. <\/p>\n<p class=\"\">Los colectivos han recordado que hace cuatro a\u00f1os, la visita al Estado de las Madres buscadoras de Sonora, fue un parte aguas para su trabajo. \u201cAc\u00e1 hab\u00eda colectivos, pero nadie sal\u00eda. Nos ense\u00f1aron a buscar en campo. A escarbar.<b> <\/b>Ellas tra\u00edan <a href=\"https:\/\/elpais.com\/mexico\/2025-03-05\/halladas-siete-bolsas-con-restos-humanos-en-una-fosa-clandestina-en-el-jardin-de-una-casa-en-tlajomulco.html\" target=\"_self\" rel=\"nofollow noopener\" title=\"https:\/\/elpais.com\/mexico\/2025-03-05\/halladas-siete-bolsas-con-restos-humanos-en-una-fosa-clandestina-en-el-jardin-de-una-casa-en-tlajomulco.html\">muchos puntos en Tlajomulco<\/a>, y comenzamos a encontrar cuerpos enterrados en casas, en cocheras, en patios, en los ba\u00f1os,<b> <\/b>es una zona habitacional grand\u00edsima pero muy abandonada, porque construyeron a lo loco, sin poder dar los servicios b\u00e1sicos. Gente que vive ah\u00ed sabe que hay personas enterradas\u201d, dice Aguilar.<\/p>\n<p class=\"\">Las autoridades estatales, que declaran haber mejorado su actuar ante esta crisis, se encuentran tambi\u00e9n volcadas a las decenas de obras para mejorar vialidades y parques de Guadalajara ante la llegada del mundial. \u201cEstamos viviendo un proceso de blanqueamiento, de embellecer a la ciudad, de darle otra imagen [&#8230;] Ya intervinieron la glorieta de La Minerva, el Parque Rojo, mil cosas m\u00e1s&#8230; Vivimos el desplazamiento de la gente en situaci\u00f3n de calle, <a href=\"https:\/\/elpais.com\/mexico\/2025-09-01\/la-crisis-de-la-vivienda-detras-de-las-protestas-contra-la-gentrificacion-en-mexico.html\" target=\"_self\" rel=\"nofollow noopener\" title=\"https:\/\/elpais.com\/mexico\/2025-09-01\/la-crisis-de-la-vivienda-detras-de-las-protestas-contra-la-gentrificacion-en-mexico.html\">es b\u00e1sicamente la gentrificaci\u00f3n.<\/a> Embellecer la ciudad para el mundial de futbol\u201d, reprocha.<\/p>\n<p class=\"\">Pese al trabajo que hacen a diario, mujeres como Mar\u00eda de la Paz Aguilar, que busca a su hijo Sergio Vallarta Aguilar desde hace casi dos a\u00f1os, o Lilia Reyes, que busca a su hermano, Juan Fernando Reyes, desaparecido hace ocho a\u00f1os, todav\u00eda no encuentran el respaldo de las autoridades y, por lo contrario, aseguran que son ellas quienes tienen que hacer las b\u00fasquedas e investigaciones para hacer que sus carpetas avancen. <\/p>\n<p><img decoding=\"auto\" class=\"_re lazyload a_m-h\" height=\"276\"  width=\"414\"  src=\"https:\/\/www.europesays.com\/es\/wp-content\/uploads\/2025\/12\/N3VVVTX3IFF5XO67XC4U4B3W5M.jpg\" loading=\"lazy\"\/>Mar\u00eda de la Paz Aguilar, que busca a su hijo Sergio Vallarta Aguilar.Roberto Antill\u00f3n.<\/p>\n<p class=\"\">El miedo tambi\u00e9n impera, aunque no lo demuestran. Las mujeres, con una energ\u00eda sobrehumana, no pueden evitar proyectar una tristeza sin cura. Nunca tienen hambre o sue\u00f1o, por eso, cuando se re\u00fanen en b\u00fasquedas o jornadas de vigilancia, aprovechan para hacerlo acompa\u00f1adas de otras como ellas, que ven en la tierra y la maleza una posibilidad de sosiego. <\/p>\n<p class=\"\">Jaime Aguilar, reflexiona: \u201cSentimos que el Gobierno trabaja para ellos [los delincuentes] A veces nos preguntan que a qui\u00e9n le tenemos m\u00e1s miedo. Si al Gobierno o al narco, y yo creo que al Gobierno le tenemos m\u00e1s miedo porque sientes esa maquinaria del poder funcionando hacia ti\u201d.<\/p>\n<p>Fuente Google Earth. El Pa\u00eds | M\u00f3nica Ju\u00e1rez Mart\u00ednCr\u00e9ditos:<\/p>\n<p>Gr\u00e1ficos:  M\u00f3nica Ju\u00e1rez Mart\u00edn<\/p>\n","protected":false},"excerpt":{"rendered":"No es una, ni dos ni tres fosas clandestinas. Son por lo menos una decena de ellas las&hellip;\n","protected":false},"author":2,"featured_media":289211,"comment_status":"","ping_status":"","sticky":false,"template":"","format":"standard","meta":{"footnotes":""},"categories":[42],"tags":[889,17,18,39340,13,14,69487,44273,11,61,62,63,64,69488,19,20,1804,1906,32463,9,10,15,16,12,21,22,65,66,67],"class_list":{"0":"post-289210","1":"post","2":"type-post","3":"status-publish","4":"format-standard","5":"has-post-thumbnail","7":"category-internacional","8":"tag-america","9":"tag-breaking-news","10":"tag-breakingnews","11":"tag-desaparicion-forzada","12":"tag-featured-news","13":"tag-featurednews","14":"tag-fosas-clandestinas","15":"tag-guadalajara-mexico","16":"tag-headlines","17":"tag-internacional","18":"tag-international","19":"tag-international-news","20":"tag-internationalnews","21":"tag-jalisco","22":"tag-latest-news","23":"tag-latestnews","24":"tag-latinoamerica","25":"tag-mexico","26":"tag-mundial-2026","27":"tag-news","28":"tag-noticias","29":"tag-noticias-destacadas","30":"tag-noticiasdestacadas","31":"tag-titulares","32":"tag-ultimas-noticias","33":"tag-ultimasnoticias","34":"tag-world","35":"tag-world-news","36":"tag-worldnews"},"share_on_mastodon":{"url":"","error":"Validation failed: Text character limit of 500 exceeded"},"_links":{"self":[{"href":"https:\/\/www.europesays.com\/es\/wp-json\/wp\/v2\/posts\/289210","targetHints":{"allow":["GET"]}}],"collection":[{"href":"https:\/\/www.europesays.com\/es\/wp-json\/wp\/v2\/posts"}],"about":[{"href":"https:\/\/www.europesays.com\/es\/wp-json\/wp\/v2\/types\/post"}],"author":[{"embeddable":true,"href":"https:\/\/www.europesays.com\/es\/wp-json\/wp\/v2\/users\/2"}],"replies":[{"embeddable":true,"href":"https:\/\/www.europesays.com\/es\/wp-json\/wp\/v2\/comments?post=289210"}],"version-history":[{"count":0,"href":"https:\/\/www.europesays.com\/es\/wp-json\/wp\/v2\/posts\/289210\/revisions"}],"wp:featuredmedia":[{"embeddable":true,"href":"https:\/\/www.europesays.com\/es\/wp-json\/wp\/v2\/media\/289211"}],"wp:attachment":[{"href":"https:\/\/www.europesays.com\/es\/wp-json\/wp\/v2\/media?parent=289210"}],"wp:term":[{"taxonomy":"category","embeddable":true,"href":"https:\/\/www.europesays.com\/es\/wp-json\/wp\/v2\/categories?post=289210"},{"taxonomy":"post_tag","embeddable":true,"href":"https:\/\/www.europesays.com\/es\/wp-json\/wp\/v2\/tags?post=289210"}],"curies":[{"name":"wp","href":"https:\/\/api.w.org\/{rel}","templated":true}]}}