{"id":289212,"date":"2025-12-15T08:42:09","date_gmt":"2025-12-15T08:42:09","guid":{"rendered":"https:\/\/www.europesays.com\/es\/289212\/"},"modified":"2025-12-15T08:42:09","modified_gmt":"2025-12-15T08:42:09","slug":"mas-sobre-las-balizas","status":"publish","type":"post","link":"https:\/\/www.europesays.com\/es\/289212\/","title":{"rendered":"M\u00e1s sobre las balizas"},"content":{"rendered":"<p>              <strong>TP<\/strong><\/p>\n<p>Sigue la pol\u00e9mica sobre la implantaci\u00f3n obligatoria de las balizas V16 a partir del pr\u00f3ximo 1 de Enero. Ana Blanco, Subdirectora adjunta de Circulaci\u00f3n en la DGT, interviene en el programa para aclarar dudas y los tiempos de implantaci\u00f3n. Asimismo, comentaremos el cambio en la prevista prohibici\u00f3n de circulaci\u00f3n de los veh\u00edculos &#8216;sin etiqueta&#8217; en el municipio de Madrid y otras noticias del mundo de motor, adem\u00e1s de atender sus dudas en el tel\u00e9fono 913461054.<\/p>\n","protected":false},"excerpt":{"rendered":"TP Sigue la pol\u00e9mica sobre la implantaci\u00f3n obligatoria de las balizas V16 a partir del pr\u00f3ximo 1 de&hellip;\n","protected":false},"author":2,"featured_media":289213,"comment_status":"","ping_status":"","sticky":false,"template":"","format":"standard","meta":{"footnotes":""},"categories":[8],"tags":[17,18,25,24,13,14,11,19,20,69490,69489,9,10,15,16,133,1448,1986,1987,23,12,21,22],"class_list":{"0":"post-289212","1":"post","2":"type-post","3":"status-publish","4":"format-standard","5":"has-post-thumbnail","7":"category-espana","8":"tag-breaking-news","9":"tag-breakingnews","10":"tag-es","11":"tag-espana","12":"tag-featured-news","13":"tag-featurednews","14":"tag-headlines","15":"tag-latest-news","16":"tag-latestnews","17":"tag-mas-sobre-las-balizas","18":"tag-motor-5","19":"tag-news","20":"tag-noticias","21":"tag-noticias-destacadas","22":"tag-noticiasdestacadas","23":"tag-online","24":"tag-radio","25":"tag-rne","26":"tag-rtve-play","27":"tag-spain","28":"tag-titulares","29":"tag-ultimas-noticias","30":"tag-ultimasnoticias"},"share_on_mastodon":{"url":"","error":""},"_links":{"self":[{"href":"https:\/\/www.europesays.com\/es\/wp-json\/wp\/v2\/posts\/289212","targetHints":{"allow":["GET"]}}],"collection":[{"href":"https:\/\/www.europesays.com\/es\/wp-json\/wp\/v2\/posts"}],"about":[{"href":"https:\/\/www.europesays.com\/es\/wp-json\/wp\/v2\/types\/post"}],"author":[{"embeddable":true,"href":"https:\/\/www.europesays.com\/es\/wp-json\/wp\/v2\/users\/2"}],"replies":[{"embeddable":true,"href":"https:\/\/www.europesays.com\/es\/wp-json\/wp\/v2\/comments?post=289212"}],"version-history":[{"count":0,"href":"https:\/\/www.europesays.com\/es\/wp-json\/wp\/v2\/posts\/289212\/revisions"}],"wp:featuredmedia":[{"embeddable":true,"href":"https:\/\/www.europesays.com\/es\/wp-json\/wp\/v2\/media\/289213"}],"wp:attachment":[{"href":"https:\/\/www.europesays.com\/es\/wp-json\/wp\/v2\/media?parent=289212"}],"wp:term":[{"taxonomy":"category","embeddable":true,"href":"https:\/\/www.europesays.com\/es\/wp-json\/wp\/v2\/categories?post=289212"},{"taxonomy":"post_tag","embeddable":true,"href":"https:\/\/www.europesays.com\/es\/wp-json\/wp\/v2\/tags?post=289212"}],"curies":[{"name":"wp","href":"https:\/\/api.w.org\/{rel}","templated":true}]}}