{"id":289214,"date":"2025-12-15T08:43:14","date_gmt":"2025-12-15T08:43:14","guid":{"rendered":"https:\/\/www.europesays.com\/es\/289214\/"},"modified":"2025-12-15T08:43:14","modified_gmt":"2025-12-15T08:43:14","slug":"serra-participa-en-el-reto-mapamunidi-de-reciclaje-de-vidrio","status":"publish","type":"post","link":"https:\/\/www.europesays.com\/es\/289214\/","title":{"rendered":"Serra participa en el reto Mapamunidi de reciclaje de vidrio"},"content":{"rendered":"<p>El Ayuntamiento de Serra participa en el reto Mapamundi, una campa\u00f1a de sostenibilidad y educaci\u00f3n ambiental dirigida a toda la ciudadan\u00eda de los 61 municipios que conforman el Consorcio Valencia Interior. El objetivo de la campa\u00f1a ha sido concienciar sobre la importancia del reciclaje de envases de vidrio y del cuidadeo de nuestro medio ambiente.<br \/>El pasado lunes se celebr\u00f3 una jornada a pie de calle para informar sobre la campa\u00f1a y resolver dudas al mismo tiempo que se ofreci\u00f3 consejos pr\u00e1cticos para reciclar mejor en casa. Tambi\u00e9n se repartieron bolsas reutilizables para facilitar el reciclaje y promover h\u00e1bitos m\u00e1s sostenibles. La campa\u00f1a tambi\u00e9n se ha difundido en las redes sociales municipales.<\/p>\n<p>Desde el consistorio se valora muy positivamente la iniciativa considerando que ha sido una gran oportunidad para implicar la ciudadan\u00eda y reforzar la importancia de cuidar el planeta, aprendiendo a reciclar de manera f\u00e1cil y responsable.<\/p>\n<p>Esta campa\u00f1a plantea un reto de reciclaje de vidrio para los municipios del consorcio. Los municipios que m\u00e1s puntuaci\u00f3n obtengan se los decorar\u00e1 los contenedores de vidrio con la imagen de la campa\u00f1a, adaptada a un dise\u00f1o exclusivo de la localidad.<\/p>\n","protected":false},"excerpt":{"rendered":"El Ayuntamiento de Serra participa en el reto Mapamundi, una campa\u00f1a de sostenibilidad y educaci\u00f3n ambiental dirigida a&hellip;\n","protected":false},"author":2,"featured_media":289215,"comment_status":"","ping_status":"","sticky":false,"template":"","format":"standard","meta":{"footnotes":""},"categories":[5],"tags":[17,18,25,24,13,14,11,19,20,9,10,15,16,23,12,21,22],"class_list":{"0":"post-289214","1":"post","2":"type-post","3":"status-publish","4":"format-standard","5":"has-post-thumbnail","7":"category-titulares","8":"tag-breaking-news","9":"tag-breakingnews","10":"tag-es","11":"tag-espana","12":"tag-featured-news","13":"tag-featurednews","14":"tag-headlines","15":"tag-latest-news","16":"tag-latestnews","17":"tag-news","18":"tag-noticias","19":"tag-noticias-destacadas","20":"tag-noticiasdestacadas","21":"tag-spain","22":"tag-titulares","23":"tag-ultimas-noticias","24":"tag-ultimasnoticias"},"share_on_mastodon":{"url":"https:\/\/pubeurope.com\/@es\/115722702209181942","error":""},"_links":{"self":[{"href":"https:\/\/www.europesays.com\/es\/wp-json\/wp\/v2\/posts\/289214","targetHints":{"allow":["GET"]}}],"collection":[{"href":"https:\/\/www.europesays.com\/es\/wp-json\/wp\/v2\/posts"}],"about":[{"href":"https:\/\/www.europesays.com\/es\/wp-json\/wp\/v2\/types\/post"}],"author":[{"embeddable":true,"href":"https:\/\/www.europesays.com\/es\/wp-json\/wp\/v2\/users\/2"}],"replies":[{"embeddable":true,"href":"https:\/\/www.europesays.com\/es\/wp-json\/wp\/v2\/comments?post=289214"}],"version-history":[{"count":0,"href":"https:\/\/www.europesays.com\/es\/wp-json\/wp\/v2\/posts\/289214\/revisions"}],"wp:featuredmedia":[{"embeddable":true,"href":"https:\/\/www.europesays.com\/es\/wp-json\/wp\/v2\/media\/289215"}],"wp:attachment":[{"href":"https:\/\/www.europesays.com\/es\/wp-json\/wp\/v2\/media?parent=289214"}],"wp:term":[{"taxonomy":"category","embeddable":true,"href":"https:\/\/www.europesays.com\/es\/wp-json\/wp\/v2\/categories?post=289214"},{"taxonomy":"post_tag","embeddable":true,"href":"https:\/\/www.europesays.com\/es\/wp-json\/wp\/v2\/tags?post=289214"}],"curies":[{"name":"wp","href":"https:\/\/api.w.org\/{rel}","templated":true}]}}