{"id":289240,"date":"2025-12-15T09:06:10","date_gmt":"2025-12-15T09:06:10","guid":{"rendered":"https:\/\/www.europesays.com\/es\/289240\/"},"modified":"2025-12-15T09:06:10","modified_gmt":"2025-12-15T09:06:10","slug":"exposicion-espere-su-turno-de-riki-blanco","status":"publish","type":"post","link":"https:\/\/www.europesays.com\/es\/289240\/","title":{"rendered":"Exposici\u00f3n &#8216;ESPERE SU TURNO&#8217; de Riki Blanco"},"content":{"rendered":"<p>Esta exposici\u00f3n ofrece una mirada a la trayectoria de Riki Blanco, ilustrador y creador visual con m\u00e1s de veinte a\u00f1os de experiencia en los campos de la ilustraci\u00f3n, la animaci\u00f3n y la comunicaci\u00f3n para prensa. A lo largo de su carrera ha colaborado con editoriales y medios de prestigio internacional, ha publicado cerca de treinta libros y ha sido reconocido con diversos premios.<\/p>\n<p>La muestra re\u00fane una selecci\u00f3n de sus carteles m\u00e1s significativos, donde el humor, la iron\u00eda y la s\u00edntesis gr\u00e1fica se convierten en herramientas que cuestionan la realidad contempor\u00e1nea. Un alegato a la reflexi\u00f3n pausada y a la inmediatez de la pregnancia.<\/p>\n","protected":false},"excerpt":{"rendered":"Esta exposici\u00f3n ofrece una mirada a la trayectoria de Riki Blanco, ilustrador y creador visual con m\u00e1s de&hellip;\n","protected":false},"author":2,"featured_media":289241,"comment_status":"","ping_status":"","sticky":false,"template":"","format":"standard","meta":{"footnotes":""},"categories":[5],"tags":[17,18,25,24,13,14,11,19,20,9,10,15,16,23,12,21,22],"class_list":{"0":"post-289240","1":"post","2":"type-post","3":"status-publish","4":"format-standard","5":"has-post-thumbnail","7":"category-titulares","8":"tag-breaking-news","9":"tag-breakingnews","10":"tag-es","11":"tag-espana","12":"tag-featured-news","13":"tag-featurednews","14":"tag-headlines","15":"tag-latest-news","16":"tag-latestnews","17":"tag-news","18":"tag-noticias","19":"tag-noticias-destacadas","20":"tag-noticiasdestacadas","21":"tag-spain","22":"tag-titulares","23":"tag-ultimas-noticias","24":"tag-ultimasnoticias"},"share_on_mastodon":{"url":"https:\/\/pubeurope.com\/@es\/115722792677769658","error":""},"_links":{"self":[{"href":"https:\/\/www.europesays.com\/es\/wp-json\/wp\/v2\/posts\/289240","targetHints":{"allow":["GET"]}}],"collection":[{"href":"https:\/\/www.europesays.com\/es\/wp-json\/wp\/v2\/posts"}],"about":[{"href":"https:\/\/www.europesays.com\/es\/wp-json\/wp\/v2\/types\/post"}],"author":[{"embeddable":true,"href":"https:\/\/www.europesays.com\/es\/wp-json\/wp\/v2\/users\/2"}],"replies":[{"embeddable":true,"href":"https:\/\/www.europesays.com\/es\/wp-json\/wp\/v2\/comments?post=289240"}],"version-history":[{"count":0,"href":"https:\/\/www.europesays.com\/es\/wp-json\/wp\/v2\/posts\/289240\/revisions"}],"wp:featuredmedia":[{"embeddable":true,"href":"https:\/\/www.europesays.com\/es\/wp-json\/wp\/v2\/media\/289241"}],"wp:attachment":[{"href":"https:\/\/www.europesays.com\/es\/wp-json\/wp\/v2\/media?parent=289240"}],"wp:term":[{"taxonomy":"category","embeddable":true,"href":"https:\/\/www.europesays.com\/es\/wp-json\/wp\/v2\/categories?post=289240"},{"taxonomy":"post_tag","embeddable":true,"href":"https:\/\/www.europesays.com\/es\/wp-json\/wp\/v2\/tags?post=289240"}],"curies":[{"name":"wp","href":"https:\/\/api.w.org\/{rel}","templated":true}]}}