{"id":289250,"date":"2025-12-15T09:17:12","date_gmt":"2025-12-15T09:17:12","guid":{"rendered":"https:\/\/www.europesays.com\/es\/289250\/"},"modified":"2025-12-15T09:17:12","modified_gmt":"2025-12-15T09:17:12","slug":"antonia-san-juan-reaparece-en-los-premios-forque-y-desvela-como-lleva-su-lucha-contra-el-cancer-la-voz-de-galicia","status":"publish","type":"post","link":"https:\/\/www.europesays.com\/es\/289250\/","title":{"rendered":"Antonia San Juan reaparece en los Premios Forqu\u00e9 y desvela c\u00f3mo lleva su lucha contra el c\u00e1ncer &#8211; La Voz de Galicia"},"content":{"rendered":"<ol>\n<li><a href=\"https:\/\/news.google.com\/rss\/articles\/CBMi8wFBVV95cUxObDhPOVZ1VHVSX25kV3NMQVRqUmtBbS1sVFBZdlVYT2s0RFAwbjJWX0pEMUFhRUVBNWNjT21wT2trMXVXaWxsOHJOZ09qNldJV0lZUTNHRDRlNkNTc2JPenZYUFY5N2RYTDJ0Y2xhZHhlZTNPeE5iV1Z3Rk5nWENUcGRxamVRWEx3My1FXzJLTHc4LUYzekh2cnc2OFRsOEJZVG5JRzJqc2lwZ0w4Zk1nTHpyMmpfbDJQcFZFYVVHNEFMbFg3VWtlLUdRV1RwLUtkRF8xaDBfaG5HZVhvTEJNMklYSG1FbWVONk9hdURkdGhLNjDSAY8CQVVfeXFMTTRGNWVDQlViV2d6WGJhNnpraXVXV0IwTzU2NmRMQVRlbHNEV1ozVm80VTduVDNjV0pXd2VzS1ZaMkRsNC1FT0xrNkM0dS1YeWdzeXI2THRyaHJfaE5zUE5MalBXYnVnLWFQOTlGcG0yS09DZTI3a1FpUXowWnVLVlNla0pwQnNMaW9ram9NMWZFZ05mbjJPT2I0UUxoWmRrQnhMWTB2cm9ZZXE5UUlsaDU4VEJMV2xKeTlJOHBsaHFYTmx1YTBTUXpVR3EwVXJ2MzA3Y3ZBWTJybWVsdGxtX2dSaEVneUFxRUtsbndPUGc5aGlFNUtxSmxoQktzRzZSdGNLQW14SWl2N0Z1eWRraw?oc=5\" target=\"_blank\" rel=\"nofollow noopener\">Antonia San Juan reaparece en los Premios Forqu\u00e9 y desvela c\u00f3mo lleva su lucha contra el c\u00e1ncer<\/a>&nbsp;&nbsp;La Voz de Galicia<\/li>\n<li><a href=\"https:\/\/news.google.com\/rss\/articles\/CBMinAFBVV95cUxNeUEwcG8wWGVVUU5pR0U2dVRzOEttc0tyckNxRlF4clpzcHRRYWU1N2tvR3p4OUE0Xy1YVHJwTlctZEZMMmhGOC1LWXY5MDNUbkNJUjVlelA2TXJxLXp6RlpLdk1jYXY0Ym5hTlFLQVlMdE9TMUYwTDM5QzA3LW1zRThiZVFCR1RJV3pvelpoaFV1X2plLV81N0RwckU?oc=5\" target=\"_blank\" rel=\"nofollow noopener\">Antonia San Juan confiesa c\u00f3mo avanza su c\u00e1ncer<\/a>&nbsp;&nbsp;Canarias7<\/li>\n<li><a href=\"https:\/\/news.google.com\/rss\/articles\/CBMi1gFBVV95cUxOZlpGUTk0NmZ2MkhBUzBrVl95bGctTnNYaVgzbnJ2bENoSkN2TnRDZXVMRC04LTN2aHF1QlVQVEFQT2VXMzlZLWZzU21ScmlZaDliblRqQUtkSjRzRGtoUEpheDNWMnFoRkcwZnFHOEQxTTlVM2VlUm00eXM4cDZKUEJ0Sy1adUhOMkVxTzZ6TFZIYkNjME8ydUptaXphRHFSR084SXZ5ZWgzS1ZVdE8wd1pSeU13T2VtdnBuOVRaR290NHlsOXduN1Z1cGVsRjdnTzRiUVF30gHWAUFVX3lxTE84c1pReG15b19MeDVVbTRmOWw0ZFd5MEo5aE5SNnNWNEFEQ0YwM3oxcWI0RDA3MDBQYXZvRC1tOXRVZk1HTDhDejVhbFRQTmJIWkFPLXBrSlJOSmtIWC1LQ2plVkYtUk1PNHZCbWIzVHZrYVQzb1J4OGxmZ2JVTEN2Qk5UMUdmUkN4U2MtM1BRVENJVEdSeXBzTEtBZjdvY2ZCeDBXbmFFVm81Y0RsQ0hoQU0weGhXUXZES3lrYzRKQVRWRVVaUk5rcVV1ZEpUNUNTZGhpWmc?oc=5\" target=\"_blank\" rel=\"nofollow noopener\">La confesi\u00f3n de Antonia San Juan, actriz, sobre el c\u00e1ncer de garganta que sufre: \u201cYo estoy enferma, pero no vivo la enfermedad\u201d<\/a>&nbsp;&nbsp;MARCA<\/li>\n<li><a href=\"https:\/\/news.google.com\/rss\/articles\/CBMirgFBVV95cUxNeEQ5R24zUVl5am96eFlJVWhYYzVySklhbTYwaG5iZmZTV1J2MnZTTWVJeHVRdmxYaDhXcExaOGZtMEJBU0c4RGNld3Fjb3c2MTUzRi1CbTA4NTUtMDlvOUg5cWtqdEo3d3E2NUpOUnA4RC00c1pMcHd6NnV4Z0pqSjRrTHRBOS1EY2k2U0ZkWm1ZbGNqQWVBZGdWZV9oS1h6bnZ2SVlHX3hCdVFkQ3c?oc=5\" target=\"_blank\" rel=\"nofollow noopener\">Antonia San Juan desvela que solo le queda una sesi\u00f3n de quimio en su tratamiento contra el c\u00e1ncer<\/a>&nbsp;&nbsp;telecinco.es<\/li>\n<li><a href=\"https:\/\/news.google.com\/rss\/articles\/CBMirAFBVV95cUxQelhubkw0d3BOaDhpdjAyeF94SW5KSGFpVzVkSWFubGZ3T3VERFBUMWE1eElJaWpVclJqVHh6SWhUSElNNGF4YUJVWE5kZWQ2UGhYaWpuM0RRQXQ1SnZub3ppQkZBaGZRTG56aXFTMXo4VllsS2NrU3dMY1BodkpmaWl4TGx0S2dXcGhnR2kyWjM3NUhPWkhmZW94UGZhaXl0ZXZtVHdQdmpWVW510gGyAUFVX3lxTE9SNXJTQzBjTXhuZy1nYlJJb3VtYlhpZlozWmJlOEdzVmtBN3F5NmpZTTVhUFBDQVhpdG9ueTFuek91a1doQjU3N2dYLW5QTVU1d3p3NUNQa0ZSbHdYYkhCZDZETW1nNVhVYWpraHhmM2tDOEpQT1NyWmhXN19aME5PeUt4TUdyU0NndTBCSEQ5dENlZUxhR2NmX09pemY4cEF4S244Tlg1LTVvQXRZaklDZmc?oc=5\" target=\"_blank\" rel=\"nofollow noopener\">Antonia San Juan anuncia que el 30 de diciembre acaba la quimio<\/a>&nbsp;&nbsp;La Vanguardia<\/li>\n<\/ol>\n","protected":false},"excerpt":{"rendered":"Antonia San Juan reaparece en los Premios Forqu\u00e9 y desvela c\u00f3mo lleva su lucha contra el c\u00e1ncer&nbsp;&nbsp;La Voz&hellip;\n","protected":false},"author":2,"featured_media":289251,"comment_status":"","ping_status":"","sticky":false,"template":"","format":"standard","meta":{"footnotes":""},"categories":[174],"tags":[1066,255,146,147,25,24,256,23],"class_list":{"0":"post-289250","1":"post","2":"type-post","3":"status-publish","4":"format-standard","5":"has-post-thumbnail","7":"category-famosos","8":"tag-cancer","9":"tag-celebrities","10":"tag-entertainment","11":"tag-entretenimiento","12":"tag-es","13":"tag-espana","14":"tag-famosos","15":"tag-spain"},"share_on_mastodon":{"url":"","error":""},"_links":{"self":[{"href":"https:\/\/www.europesays.com\/es\/wp-json\/wp\/v2\/posts\/289250","targetHints":{"allow":["GET"]}}],"collection":[{"href":"https:\/\/www.europesays.com\/es\/wp-json\/wp\/v2\/posts"}],"about":[{"href":"https:\/\/www.europesays.com\/es\/wp-json\/wp\/v2\/types\/post"}],"author":[{"embeddable":true,"href":"https:\/\/www.europesays.com\/es\/wp-json\/wp\/v2\/users\/2"}],"replies":[{"embeddable":true,"href":"https:\/\/www.europesays.com\/es\/wp-json\/wp\/v2\/comments?post=289250"}],"version-history":[{"count":0,"href":"https:\/\/www.europesays.com\/es\/wp-json\/wp\/v2\/posts\/289250\/revisions"}],"wp:featuredmedia":[{"embeddable":true,"href":"https:\/\/www.europesays.com\/es\/wp-json\/wp\/v2\/media\/289251"}],"wp:attachment":[{"href":"https:\/\/www.europesays.com\/es\/wp-json\/wp\/v2\/media?parent=289250"}],"wp:term":[{"taxonomy":"category","embeddable":true,"href":"https:\/\/www.europesays.com\/es\/wp-json\/wp\/v2\/categories?post=289250"},{"taxonomy":"post_tag","embeddable":true,"href":"https:\/\/www.europesays.com\/es\/wp-json\/wp\/v2\/tags?post=289250"}],"curies":[{"name":"wp","href":"https:\/\/api.w.org\/{rel}","templated":true}]}}