{"id":289270,"date":"2025-12-15T09:31:18","date_gmt":"2025-12-15T09:31:18","guid":{"rendered":"https:\/\/www.europesays.com\/es\/289270\/"},"modified":"2025-12-15T09:31:18","modified_gmt":"2025-12-15T09:31:18","slug":"un-comerc-de-nadal-trae-una-decena-de-actividades-a-nou-barris-para-dinamizar-el-comercio-de-barrio-estas-fiestas-distrito-de-nou-barris","status":"publish","type":"post","link":"https:\/\/www.europesays.com\/es\/289270\/","title":{"rendered":"\u2018Un comer\u00e7 de Nadal\u2019 trae una decena de actividades a Nou Barris para dinamizar el comercio de barrio estas fiestas | Distrito de Nou Barris"},"content":{"rendered":"<p>Este a\u00f1o, Barcelona se llena de creatividad, m\u00fasica y acciones en la calle llenas de luz y alegr\u00eda. En total, 100 actividades repartidas por toda la ciudad llenan los ejes comerciales de los diez distritos con propuestas pensadas para disfrutar en familia o con amigos y para reforzar la vitalidad del tejido comercial local. <a href=\"https:\/\/www.barcelona.cat\/nadal\/ca\/comerc-i-mercats\/el-nadal-del-comerc\" rel=\"nofollow noopener\" target=\"_blank\">Aqu\u00ed<\/a> encontrar\u00e9is la decena de propuestas que nos esperan en Nou Barris.<\/p>\n<p>La m\u00fasica en directo vuelve a ser uno de los grandes reclamos de esta Navidad. La Hip Horns Brass Collective, con su fusi\u00f3n del sonido de Nueva Orleans con el hip-hop, el funk y el gospel, har\u00e1 vibrar las calles de la ciudad. Tambi\u00e9n participan la Orquestra d\u2019Ermensinde, con su dinamismo de instrumentos de viento; los South Side Strompers, que llevar\u00e1n soul y groove en los ejes comerciales, y la Carrie Lewis Band, con un espect\u00e1culo inspirado en el jazz tradicional de los a\u00f1os veinte y treinta. La acci\u00f3n esc\u00e9nica itinerante \u201cEst\u00e0s com un llum\u201d recorrer\u00e1 las calles y tiendas con dosis de humor y energ\u00eda. Una propuesta imperdible.<\/p>\n<p>La programaci\u00f3n incluye talleres para estimular la creatividad grandes y peque\u00f1os. En el taller \u201cVestir la taula de Nadal\u201d se podr\u00e1n elaborar centros de adviento con materiales ecol\u00f3gicos y sostenibles, mientras que en \u201cEspurnes\u201d todo el mundo podr\u00e1 crear la decoraci\u00f3n artesanal para el \u00e1rbol de Navidad. Tambi\u00e9n habr\u00e1 espacios de juego como el minigolf, actividades immersives como \u201cel circ dels sentits\u201d -una experiencia que invita a mirar con las manos y escuchar aquello invisible- y un original bingo musical sin n\u00fameros. Adem\u00e1s, el \u201ccor jove\u00a0 Musicals\u2019 Choir\u201d ofrecer\u00e1 temas emblem\u00e1ticos de los grandes musicales.<\/p>\n","protected":false},"excerpt":{"rendered":"Este a\u00f1o, Barcelona se llena de creatividad, m\u00fasica y acciones en la calle llenas de luz y alegr\u00eda.&hellip;\n","protected":false},"author":2,"featured_media":289271,"comment_status":"","ping_status":"","sticky":false,"template":"","format":"standard","meta":{"footnotes":""},"categories":[5],"tags":[17,18,25,24,13,14,11,19,20,9,10,15,16,23,12,21,22],"class_list":{"0":"post-289270","1":"post","2":"type-post","3":"status-publish","4":"format-standard","5":"has-post-thumbnail","7":"category-titulares","8":"tag-breaking-news","9":"tag-breakingnews","10":"tag-es","11":"tag-espana","12":"tag-featured-news","13":"tag-featurednews","14":"tag-headlines","15":"tag-latest-news","16":"tag-latestnews","17":"tag-news","18":"tag-noticias","19":"tag-noticias-destacadas","20":"tag-noticiasdestacadas","21":"tag-spain","22":"tag-titulares","23":"tag-ultimas-noticias","24":"tag-ultimasnoticias"},"share_on_mastodon":{"url":"https:\/\/pubeurope.com\/@es\/115722890992783147","error":""},"_links":{"self":[{"href":"https:\/\/www.europesays.com\/es\/wp-json\/wp\/v2\/posts\/289270","targetHints":{"allow":["GET"]}}],"collection":[{"href":"https:\/\/www.europesays.com\/es\/wp-json\/wp\/v2\/posts"}],"about":[{"href":"https:\/\/www.europesays.com\/es\/wp-json\/wp\/v2\/types\/post"}],"author":[{"embeddable":true,"href":"https:\/\/www.europesays.com\/es\/wp-json\/wp\/v2\/users\/2"}],"replies":[{"embeddable":true,"href":"https:\/\/www.europesays.com\/es\/wp-json\/wp\/v2\/comments?post=289270"}],"version-history":[{"count":0,"href":"https:\/\/www.europesays.com\/es\/wp-json\/wp\/v2\/posts\/289270\/revisions"}],"wp:featuredmedia":[{"embeddable":true,"href":"https:\/\/www.europesays.com\/es\/wp-json\/wp\/v2\/media\/289271"}],"wp:attachment":[{"href":"https:\/\/www.europesays.com\/es\/wp-json\/wp\/v2\/media?parent=289270"}],"wp:term":[{"taxonomy":"category","embeddable":true,"href":"https:\/\/www.europesays.com\/es\/wp-json\/wp\/v2\/categories?post=289270"},{"taxonomy":"post_tag","embeddable":true,"href":"https:\/\/www.europesays.com\/es\/wp-json\/wp\/v2\/tags?post=289270"}],"curies":[{"name":"wp","href":"https:\/\/api.w.org\/{rel}","templated":true}]}}