{"id":289279,"date":"2025-12-15T09:40:14","date_gmt":"2025-12-15T09:40:14","guid":{"rendered":"https:\/\/www.europesays.com\/es\/289279\/"},"modified":"2025-12-15T09:40:14","modified_gmt":"2025-12-15T09:40:14","slug":"las-tres-claves-de-la-junta-general-de-accionistas-del-sevilla-fc-2025","status":"publish","type":"post","link":"https:\/\/www.europesays.com\/es\/289279\/","title":{"rendered":"Las tres claves de la Junta General de Accionistas del Sevilla FC 2025"},"content":{"rendered":"<p>  <a class=\"_link_1blok_1\" href=\"https:\/\/www.eldesmarque.com\/autores\/basilio-garcia\/#utm_source=autor\" rel=\"author nofollow noopener\" target=\"_blank\"><img decoding=\"async\" class=\"_authorImage_1opue_40\" src=\"https:\/\/www.europesays.com\/es\/wp-content\/uploads\/2025\/12\/foto-perfil-basilio-garcia_da39.jpg\" alt=\"Basilio Garc\u00eda\" loading=\"lazy\" width=\"100\" height=\"100\"\/><\/a>  Compartir  <\/p>\n<p class=\"_container_r6ld5_1 _container_1uguc_1 &#10;    color_eta\">El Sevilla FC celebra este lunes <strong>la Junta General Ordinaria de Accionistas<\/strong>, correspondiente <a href=\"https:\/\/www.eldesmarque.com\/futbol\/20251114\/detalles-claves-cuentas-economicas-sevilla-junta-accionistas_18_017674493.html\" rel=\"nofollow noopener\" target=\"_blank\">al ejercicio 2024\/25<\/a>, en una situaci\u00f3n muy distinta a la del a\u00f1o pasado e, incluso, a la \u00faltima extraordinaria, celebrada en marzo de este a\u00f1o y que evidenci\u00f3 el cambio en las mayor\u00edas accionariales. Eso s\u00ed, la situaci\u00f3n deportiva, econ\u00f3mica y social <a href=\"https:\/\/www.eldesmarque.com\/futbol\/20251021\/junta-accionistas-clave-venta-sevilla_18_017540934.html#utm_source=cuerpo&amp;utm_medium=articulo\" rel=\"nofollow noopener\" target=\"_blank\">sigue en jaque<\/a>.<\/p>\n<p class=\"_container_r6ld5_1 _container_1uguc_1 &#10;    color_eta\">No est\u00e1, ni mucho menos, exenta de pol\u00e9mica, aunque desde que el grupo de los americanos de A-CAP se alineara con el consejo de administraci\u00f3n, representado por Juan de Dios Crespo, las votaciones han dejado de tener demasiado inter\u00e9s, pues con ese movimiento <a href=\"https:\/\/www.eldesmarque.com\/futbol\/sevilla-fc\/20250327\/cifras-numeros-porcentajes-capital-social-sevilla-fc_300624229.html\" rel=\"nofollow noopener\" target=\"_blank\">qued\u00f3 desactivada a nivel num\u00e9rico<\/a> la feroz oposici\u00f3n de Jos\u00e9 Mar\u00eda del Nido Benavente.<\/p>\n<p>PUEDE INTERESARTE<\/p>\n<p class=\"_container_r6ld5_1 _container_1uguc_1 &#10;    color_eta\">El Sevilla <strong>est\u00e1 inmerso en un proceso de venta<\/strong>. Es p\u00fablico y notorio, y todo hace indicar que en los pr\u00f3ximos meses el club podr\u00eda caer en manos de inversores extranjeros. Estadounidenses para m\u00e1s se\u00f1as. Desde que se convirtiera en Sociedad An\u00f3nima Deportiva, el sevillismo ha presumido de que el club estaba en manos de sevillistas y el capital social estaba atomizado. <\/p>\n<p><img decoding=\"async\" alt=\"El palco del S\u00e1nchez-Pizju\u00e1n, en el Sevilla-Real Oviedo de la jornada 16\" class=\"_author_image__full_lbs33_12 _image_thjnc_1\" loading=\"lazy\" title=\"\" src=\"https:\/\/www.europesays.com\/es\/wp-content\/uploads\/2025\/12\/el-palco-del-sanchez-pizjuan-en-el-sevilla-real-oviedo-de-la-jornada-16-16-9-aspect-ratio-default-0_.jpeg\" width=\"1920\" height=\"1080\"  \/>El palco del S\u00e1nchez-Pizju\u00e1n, en el Sevilla-Real Oviedo de la jornada 16. Kiko HurtadoPUEDE INTERESARTE<\/p>\n<p class=\"_container_r6ld5_1 _container_1uguc_1 &#10;    color_eta\">La Tercera V\u00eda, que pretend\u00eda seguir con esa historia de sevillismo, ha quedado pr\u00e1cticamente descartada, y desde plataformas como Accionistas Unidos del Sevilla FC, la Federaci\u00f3n de Pe\u00f1as Sevillistas San Fernando o el grupo BIris Norte <strong>han expresado su firme oposici\u00f3n a esta posibilidad<\/strong>. A buen seguro, ser\u00e1 tema recurrente en las intervenciones de los accionistas, aunque el presidente Jos\u00e9 Mar\u00eda del Nido Carrasco, quien lleva la voz cantante en la asamblea, ya dej\u00f3 entrever que \u00e9l no tiene mucho que decir en este proceso.<\/p>\n<p><img decoding=\"async\" alt=\"Del Nido Benavente, en el palco del S\u00e1nchez-Pizju\u00e1n\" class=\"_author_image__full_lbs33_12 _image_thjnc_1\" loading=\"lazy\" title=\"\" src=\"https:\/\/www.europesays.com\/es\/wp-content\/uploads\/2025\/12\/del-nido-sevilla-celta-jpeg-16-9-aspect-ratio-default-0_da39.jpg\" width=\"1920\" height=\"1080\"  \/>Del Nido Benavente, en el palco del S\u00e1nchez-Pizju\u00e1n. Kiko HurtadoPUEDE INTERESARTE<\/p>\n<p class=\"_container_r6ld5_1 _container_1uguc_1 &#10;    color_eta\">Desde que en marzo de 2025 el consejo de administraci\u00f3n ganara todas las votaciones que hab\u00eda perdido en las juntas anteriores, tras conseguir que los americanos votaran en su l\u00ednea despu\u00e9s de abstenerse meses antes, <strong>la feroz oposici\u00f3n de Jos\u00e9 Mar\u00eda del Nido Benavente ha quedado pr\u00e1cticamente desactivada<\/strong>. Sus apariciones p\u00fablicas se han reducido al m\u00ednimo y, de hecho, no se pronuncia p\u00fablicamente desde el 18 de septiembre. Anunci\u00f3 otros mensajes, pero no lleg\u00f3 a lanzarlos.<\/p>\n<p class=\"_container_r6ld5_1 _container_1uguc_1 &#10;    color_eta\">Al ser el m\u00e1ximo accionista a t\u00edtulo individual, <strong>su papel en el proceso de venta es fundamental,<\/strong> por lo que es toda una inc\u00f3gnita cu\u00e1l ser\u00e1 su posici\u00f3n en la asamblea de este lunes, que llega sin farragosos procesos judiciales previos y sin petici\u00f3n de punto alguno en el orden del d\u00eda.<\/p>\n<p class=\"_container_r6ld5_1 _container_1uguc_1 &#10;    color_eta\">El deterioro econ\u00f3mico del Sevilla sigue su curso. A nadie se le escapa que volver\u00e1<strong> a presentar p\u00e9rdidas cercanas a los 50 millones de euros<\/strong>, por lo que sacar algo positivo de todo ello resulta complejo. Sin embargo, en la entidad se insiste en que, a pesar de que las primeras previsiones apuntaban a la 26\/27,\u00a0<strong>se estima que, en la presente temporada, el club habr\u00e1 logrado el punto de equilibrio econ\u00f3mico.<\/strong> El\u00a0click\u00a0necesario para volver a crecer. <\/p>\n<p class=\"_container_r6ld5_1 _container_1uguc_1 &#10;    color_eta\">Tal y como explica la entidad en el extenso documento, los costes operativos se han reducido en m\u00e1s de 20 millones de euros en los dos \u00faltimos a\u00f1os y el coste de plantilla ha pasado de 178 a 88 kilos. Sin embargo, se ha ampliado en 70 millones el cr\u00e9dito suscrito con Goldman Sachs y la deuda sigue creciendo. El club est\u00e1 en un callej\u00f3n con una \u00fanica salida: la venta.<\/p>\n","protected":false},"excerpt":{"rendered":"Compartir El Sevilla FC celebra este lunes la Junta General Ordinaria de Accionistas, correspondiente al ejercicio 2024\/25, en&hellip;\n","protected":false},"author":2,"featured_media":289280,"comment_status":"","ping_status":"","sticky":false,"template":"","format":"standard","meta":{"footnotes":""},"categories":[268],"tags":[168,25,24,280,282,281,23,167],"class_list":{"0":"post-289279","1":"post","2":"type-post","3":"status-publish","4":"format-standard","5":"has-post-thumbnail","7":"category-futbol","8":"tag-deportes","9":"tag-es","10":"tag-espana","11":"tag-football","12":"tag-futbol","13":"tag-soccer","14":"tag-spain","15":"tag-sports"},"share_on_mastodon":{"url":"https:\/\/pubeurope.com\/@es\/115722926676614215","error":""},"_links":{"self":[{"href":"https:\/\/www.europesays.com\/es\/wp-json\/wp\/v2\/posts\/289279","targetHints":{"allow":["GET"]}}],"collection":[{"href":"https:\/\/www.europesays.com\/es\/wp-json\/wp\/v2\/posts"}],"about":[{"href":"https:\/\/www.europesays.com\/es\/wp-json\/wp\/v2\/types\/post"}],"author":[{"embeddable":true,"href":"https:\/\/www.europesays.com\/es\/wp-json\/wp\/v2\/users\/2"}],"replies":[{"embeddable":true,"href":"https:\/\/www.europesays.com\/es\/wp-json\/wp\/v2\/comments?post=289279"}],"version-history":[{"count":0,"href":"https:\/\/www.europesays.com\/es\/wp-json\/wp\/v2\/posts\/289279\/revisions"}],"wp:featuredmedia":[{"embeddable":true,"href":"https:\/\/www.europesays.com\/es\/wp-json\/wp\/v2\/media\/289280"}],"wp:attachment":[{"href":"https:\/\/www.europesays.com\/es\/wp-json\/wp\/v2\/media?parent=289279"}],"wp:term":[{"taxonomy":"category","embeddable":true,"href":"https:\/\/www.europesays.com\/es\/wp-json\/wp\/v2\/categories?post=289279"},{"taxonomy":"post_tag","embeddable":true,"href":"https:\/\/www.europesays.com\/es\/wp-json\/wp\/v2\/tags?post=289279"}],"curies":[{"name":"wp","href":"https:\/\/api.w.org\/{rel}","templated":true}]}}