{"id":289315,"date":"2025-12-15T10:05:06","date_gmt":"2025-12-15T10:05:06","guid":{"rendered":"https:\/\/www.europesays.com\/es\/289315\/"},"modified":"2025-12-15T10:05:06","modified_gmt":"2025-12-15T10:05:06","slug":"cambrils-se-convierte-en-una-enorme-galeria-de-arte-abierta-a-todos","status":"publish","type":"post","link":"https:\/\/www.europesays.com\/es\/289315\/","title":{"rendered":"Cambrils se convierte en una enorme galer\u00eda de arte abierta a todos"},"content":{"rendered":"<p>                                    <img decoding=\"async\" loading=\"lazy\" src=\"https:\/\/www.europesays.com\/es\/wp-content\/uploads\/2025\/12\/68f267b4a8619.jpeg\" alt=\"M\u00f3nica P\u00e9rez\" width=\"40\" height=\"40\" data-full-src=\"https:\/\/www.europesays.com\/es\/wp-content\/uploads\/2025\/12\/68f267b4a8619.jpeg\"\/><\/p>\n<p class=\"paragraph\">Las pinturas de la cambrilense <b>Dolors Castells<\/b> se han expuesto en Manhattan, Roma, Corea y Katmand\u00fa y tambi\u00e9n pudieron verse, este fin de semana, en la <b>18\u00aa edici\u00f3n de Tallers Oberts de Cambrils. <\/b>Una q<b>uincena de artistas<\/b> quitaron el pestillo a sus espacios de creaci\u00f3n durante dos d\u00edas, el 13 y 14 de diciembre, y <b>dejaron entrar<\/b> en ellos a quienes quisieron hacerlo.\u00a0<\/p>\n<p class=\"paragraph\">Sobre todo el Barri Antic se convirti\u00f3 en un <b>goteo constante de curiosos que, mapa en mano, trataban de localizar los talleres<\/b> m\u00e1s rec\u00f3nditos, entablaban conversaci\u00f3n con ilustradores y escultores y acababan, a veces, seducidos por alguna de sus piezas. Ese es el sentido de la iniciativa, que pronto cumplir\u00e1 dos d\u00e9cadas sacando brillo al talento local: \u00ab<b>Que la gente nos conozca, que nos vea y que tenga la oportunidad de llevarse algo<\/b>, por qu\u00e9 no, para regalar en Navidad\u00bb. El buen tiempo favoreci\u00f3 la afluencia.<\/p>\n<p class=\"paragraph\">Cada a\u00f1o se pide a los artistas de los Tallers Oberts de Cambrils que impriman su estilo en un objeto concreto y el conjunto se muestra en el Centre Cultural en la siguiente cita. <b>Este 2025, el art\u00edculo elegido ha sido una silla de madera.<\/b> El s\u00e1bado y el domingo fue posible ver los delantales que se reinterpretaron hace justo 12 meses.<\/p>\n<p class=\"paragraph\">Todos los artistas esconden algo especial. <b>\u00abLeo peri\u00f3dicos americanos, cojo titulares que me llaman la atenci\u00f3n y que me inspiran<\/b>, los coloco antes de pintar y quedan dentro de la obra, en estructuras de cityscapes. En ocasiones son grandes pinturas y contienen esta cr\u00edtica; hay algunas de Nueva York, una ciudad que siempre me ha acogido muy bien. En otras, son flores\u00bb, explica Castells.\u00a0<\/p>\n<p class=\"c-detail__media__subtitle\">\n<p>        Nuri Marin\u00e9 (izquierda), pintora, frente a la silla que se expondr\u00e1 en 2026. foto: alba marin\u00e9Alba Marin\u00e9 Torrell<\/p>\n<p class=\"paragraph\">\u00abEl arte es un gran desconocido. <b>La gente no lo ve como algo cercano y hasta siente cierto respeto al entrar en una galer\u00eda.<\/b> Lo que queremos es que esto cambie. Tambi\u00e9n en cuesti\u00f3n de precios: hay piezas, por ejemplo, a partir de 15 euros, asequibles para todos\u00bb, a\u00f1ade desde el Forn del Tallero, donde estuvo instalada junto a la joyera <b>Llu\u00efsa Recasens<\/b>, recientemente jubilada pero que no ha querido perderse los Tallers Oberts.<\/p>\n<p class=\"paragraph\">Recasens tambi\u00e9n prepar\u00f3 expresamente para la iniciativa unos alfileres de solapa que no hab\u00eda hecho desde su \u00e9poca de juventud. <b>\u00abCre\u00e9 mis primeras joyas con esmalte a los 14 a\u00f1os, unos anillos y pulseras que todav\u00eda hoy conservo.<\/b> Siempre me ha gustado el color y el esmalte se lo da. Luego, descubr\u00ed las piedras y se me abri\u00f3 otro mundo\u00bb, explica, y reivindica un arte \u00abrompedor, original, que no se parezca a nada y que sea \u00fanico y manual\u00bb.<\/p>\n<p class=\"paragraph\">Unos metros m\u00e1s all\u00e1, pero en la misma calle Cardenal Vidal i Barraquer, la pintora<b> Marta F\u00e0bregas <\/b>atiende a un par de visitantes. \u00abSi ven\u00eds ma\u00f1ana, que trabajo y pinto aqu\u00ed, esto no est\u00e1 tan ordenado\u00bb, bromea. F\u00e0bregas empez\u00f3 en el mundo del tapiz, al que dedic\u00f3 15 a\u00f1os de su trayectoria. Por eso, <b>en los cuadros que ahora pinta, muy coloristas, se ven puntadas y elementos textiles. <\/b>\u00abEs muy interesante que la gente ubique d\u00f3nde est\u00e1s  y sepa que pueden venir siempre que quieren. Y los Tallers Oberts son <b>una oportunidad para explicar el porqu\u00e9 de las cosas, los or\u00edgenes art\u00edsticos de una<\/b>\u00bb, a\u00f1ade.<\/p>\n<p class=\"c-detail__media__subtitle\">\n<p>        La pintora Dolors Castells y la joyera Llu\u00efsa Recasens ocuparon el Forn del Tallero.Alba Marin\u00e9 Torrell<\/p>\n<p class=\"paragraph\">A <b>Nuri Marin\u00e9<\/b>, los \u00faltimos d\u00edas se le han ido recolocando en su estudio las piezas de la exposici\u00f3n El peix no cau del cel, que se pudo ver hasta el 7 de diciembre en el Tinglado 1 del Moll de Costa de Tarragona. <b>\u00abEs el lugar donde trabajo y aqu\u00ed est\u00e1 toda mi vida en obra\u00bb<\/b>, apunta. \u00bfY c\u00f3mo lo hace? \u00abLos materiales tienen mucho que ver con la tem\u00e1tica que todo. Guardo cosas que encuentro. Y, luego, el concepto me pide piedra, me pide madera&#8230; Y en el taller lo tengo\u00bb. Marin\u00e9 es una de las veteranas de los Tallers Oberts. \u00abCreo que el d\u00eda que surgi\u00f3 la idea, estaba all\u00ed\u00bb, recuerda, y a\u00f1ade: <b>\u00abSoy artista, soy de Cambrils y hay que participar\u00bb.<\/b><\/p>\n<p class=\"paragraph\">Y entre <b>armarios \u00abfrankenstein\u00bb<\/b> hechos recuperando piezas de otros antiguos, junto a <b>una silla triple con patas de pato en la que \u00abse pueden arreglar muchos problemas del mundo\u00bb<\/b>, se mueve el especialista en madera<b> Jes\u00fas G\u00f3mez<\/b>, de Ant\u00edtesi. \u00abB\u00e1sicamente restauro muebles antiguos conservando la t\u00e9cnica antigua\u00bb, indica. Ya no deben de quedar muchos como \u00e9l. \u00abAlguno habr\u00e1\u00bb, dice, encantado de \u00abpreservar esto una generaci\u00f3n m\u00e1s\u00bb. Empez\u00f3 pronto: <b>\u00abDe peque\u00f1o, ya reparaba los juguetes de mis amigos\u00bb<\/b>. Y tiene cuerda para rato.<\/p>\n","protected":false},"excerpt":{"rendered":"Las pinturas de la cambrilense Dolors Castells se han expuesto en Manhattan, Roma, Corea y Katmand\u00fa y tambi\u00e9n&hellip;\n","protected":false},"author":2,"featured_media":289316,"comment_status":"","ping_status":"","sticky":false,"template":"","format":"standard","meta":{"footnotes":""},"categories":[173],"tags":[229,233,231,230,232,234,146,147,25,24,23],"class_list":{"0":"post-289315","1":"post","2":"type-post","3":"status-publish","4":"format-standard","5":"has-post-thumbnail","7":"category-arte-y-diseno","8":"tag-arte","9":"tag-arte-y-diseno","10":"tag-arts","11":"tag-arts-and-design","12":"tag-design","13":"tag-diseno","14":"tag-entertainment","15":"tag-entretenimiento","16":"tag-es","17":"tag-espana","18":"tag-spain"},"share_on_mastodon":{"url":"https:\/\/pubeurope.com\/@es\/115723024699358476","error":""},"_links":{"self":[{"href":"https:\/\/www.europesays.com\/es\/wp-json\/wp\/v2\/posts\/289315","targetHints":{"allow":["GET"]}}],"collection":[{"href":"https:\/\/www.europesays.com\/es\/wp-json\/wp\/v2\/posts"}],"about":[{"href":"https:\/\/www.europesays.com\/es\/wp-json\/wp\/v2\/types\/post"}],"author":[{"embeddable":true,"href":"https:\/\/www.europesays.com\/es\/wp-json\/wp\/v2\/users\/2"}],"replies":[{"embeddable":true,"href":"https:\/\/www.europesays.com\/es\/wp-json\/wp\/v2\/comments?post=289315"}],"version-history":[{"count":0,"href":"https:\/\/www.europesays.com\/es\/wp-json\/wp\/v2\/posts\/289315\/revisions"}],"wp:featuredmedia":[{"embeddable":true,"href":"https:\/\/www.europesays.com\/es\/wp-json\/wp\/v2\/media\/289316"}],"wp:attachment":[{"href":"https:\/\/www.europesays.com\/es\/wp-json\/wp\/v2\/media?parent=289315"}],"wp:term":[{"taxonomy":"category","embeddable":true,"href":"https:\/\/www.europesays.com\/es\/wp-json\/wp\/v2\/categories?post=289315"},{"taxonomy":"post_tag","embeddable":true,"href":"https:\/\/www.europesays.com\/es\/wp-json\/wp\/v2\/tags?post=289315"}],"curies":[{"name":"wp","href":"https:\/\/api.w.org\/{rel}","templated":true}]}}