{"id":289325,"date":"2025-12-15T10:12:10","date_gmt":"2025-12-15T10:12:10","guid":{"rendered":"https:\/\/www.europesays.com\/es\/289325\/"},"modified":"2025-12-15T10:12:10","modified_gmt":"2025-12-15T10:12:10","slug":"memoria-de-delfin-escoltas-sombras-que-salvan-vidas","status":"publish","type":"post","link":"https:\/\/www.europesays.com\/es\/289325\/","title":{"rendered":"Memoria de delf\u00edn &#8211; Escoltas: sombras que salvan vidas"},"content":{"rendered":"<p>Charlamos con Vicente de la Cruz, de la Asociaci\u00f3n Espa\u00f1ola de Escoltas y Profesionales de Seguridad, y con el escolta Alin Atodiresei.<\/p>\n<p>              <strong>TP<\/strong><\/p>\n<p style=\"text-align:justify;\">Hace 33 a\u00f1os, el 18 de diciembre de 1992, la pel\u00edcula <strong>El guardaespaldas <\/strong>se estrenaba en Espa\u00f1a poniendo en el punto de mira a una profesi\u00f3n casi siempre muy alejada del romanticismo que derroch\u00f3 entonces <strong>Frank Farmer<\/strong>, el exagente secreto interpretado por<strong> Kevin Costner<\/strong>, encargado de proteger a una famosa cantante, <strong>Rachel Marron <\/strong>(<strong>Whitney Houston<\/strong>). Para conocer el verdadero origen de este oficio, que se remonta al a\u00f1o 146 a.C., y analizar su situaci\u00f3n actual,<strong> Arturo Mart\u00edn<\/strong> recibe esta semana a <strong>Vicente de la Cruz,<\/strong> presidente de la Asociaci\u00f3n Espa\u00f1ola de Escoltas y Profesionales de la Seguridad desde hace 25 a\u00f1os, y CEO de la empresa Delta13. Tambi\u00e9n interviene <strong>Alin Atodiresei<\/strong>, m\u00e1s conocido como Tod, escolta con m\u00e1s de veinte a\u00f1os de experiencia, autor del podcast El Samur\u00e1i Moderno. Con <strong>Mara Peterssen <\/strong>regresamos a 1992 para recordar los acontecimientos m\u00e1s relevantes que nos dej\u00f3 aquel a\u00f1o. <strong>Luc\u00eda Sancho<\/strong> se sube a bordo de la primera l\u00ednea del AVE, inaugurada el 21 de abril. <strong>Pastora Vega <\/strong>nos invita a otro estreno, el de Belle \u00c9poque, de <strong>Fernando Trueba<\/strong>. Y como cada semana, llegamos al final de Memoria de delf\u00edn con la Historia M\u00ednima de <strong>David Zurdo <\/strong>y la musical de <strong>JPelirrojo<\/strong>.<\/p>\n<p style=\"text-align:justify;\">memoriadedelf\u00ed<a href=\"https:\/\/www.rtve.es\/play\/audios\/memoria-de-delfin\/memoria-delfin-escoltas-sombras-salvan-vidas\/16850621\/mailto:n@rtve.es\" rel=\"nofollow noopener\" target=\"_blank\">n@rtve.es<\/a><\/p>\n","protected":false},"excerpt":{"rendered":"Charlamos con Vicente de la Cruz, de la Asociaci\u00f3n Espa\u00f1ola de Escoltas y Profesionales de Seguridad, y con&hellip;\n","protected":false},"author":2,"featured_media":289326,"comment_status":"","ping_status":"","sticky":false,"template":"","format":"standard","meta":{"footnotes":""},"categories":[91],"tags":[146,147,25,69499,24,69498,133,1448,1986,1987,23],"class_list":{"0":"post-289325","1":"post","2":"type-post","3":"status-publish","4":"format-standard","5":"has-post-thumbnail","7":"category-entretenimiento","8":"tag-entertainment","9":"tag-entretenimiento","10":"tag-es","11":"tag-escoltas-sombras-que-salvan-vidas","12":"tag-espana","13":"tag-memoria-de-delfin","14":"tag-online","15":"tag-radio","16":"tag-rne","17":"tag-rtve-play","18":"tag-spain"},"share_on_mastodon":{"url":"https:\/\/pubeurope.com\/@es\/115723052297773606","error":""},"_links":{"self":[{"href":"https:\/\/www.europesays.com\/es\/wp-json\/wp\/v2\/posts\/289325","targetHints":{"allow":["GET"]}}],"collection":[{"href":"https:\/\/www.europesays.com\/es\/wp-json\/wp\/v2\/posts"}],"about":[{"href":"https:\/\/www.europesays.com\/es\/wp-json\/wp\/v2\/types\/post"}],"author":[{"embeddable":true,"href":"https:\/\/www.europesays.com\/es\/wp-json\/wp\/v2\/users\/2"}],"replies":[{"embeddable":true,"href":"https:\/\/www.europesays.com\/es\/wp-json\/wp\/v2\/comments?post=289325"}],"version-history":[{"count":0,"href":"https:\/\/www.europesays.com\/es\/wp-json\/wp\/v2\/posts\/289325\/revisions"}],"wp:featuredmedia":[{"embeddable":true,"href":"https:\/\/www.europesays.com\/es\/wp-json\/wp\/v2\/media\/289326"}],"wp:attachment":[{"href":"https:\/\/www.europesays.com\/es\/wp-json\/wp\/v2\/media?parent=289325"}],"wp:term":[{"taxonomy":"category","embeddable":true,"href":"https:\/\/www.europesays.com\/es\/wp-json\/wp\/v2\/categories?post=289325"},{"taxonomy":"post_tag","embeddable":true,"href":"https:\/\/www.europesays.com\/es\/wp-json\/wp\/v2\/tags?post=289325"}],"curies":[{"name":"wp","href":"https:\/\/api.w.org\/{rel}","templated":true}]}}