{"id":289354,"date":"2025-12-15T10:34:11","date_gmt":"2025-12-15T10:34:11","guid":{"rendered":"https:\/\/www.europesays.com\/es\/289354\/"},"modified":"2025-12-15T10:34:11","modified_gmt":"2025-12-15T10:34:11","slug":"madrid-recomienda-desde-hoy-el-uso-de-mascarilla-en-centros-sanitarios","status":"publish","type":"post","link":"https:\/\/www.europesays.com\/es\/289354\/","title":{"rendered":"Madrid recomienda desde hoy el uso de mascarilla en centros sanitarios"},"content":{"rendered":"<p>La Comunidad de Madrid recomienda desde este lunes el <b>uso de las mascarillas en todos los hospitales y centros de salud de la regi\u00f3n<\/b>, que se suman a las residencias donde est\u00e1 aconsejada su utilizaci\u00f3n desde el pasado jueves con el objetivo de aumentar la protecci\u00f3n frente a la gripe.<\/p>\n<p>Esta medida la toma la Consejer\u00eda de Sanidad tras alcanzarse el jueves los 277 contagios por cada 100.000 habitantes, con una previsi\u00f3n de aumento de la transmisi\u00f3n al menos durante las pr\u00f3ximas dos semanas.<\/p>\n<p>Por eso mismo, <b>el Ejecutivo auton\u00f3mico recuerda la importancia de que todas las personas que presenten s\u00edntomas respiratorios usen la mascarilla<\/b> cuando se encuentren en medios de transporte p\u00fablicos o espacios como centros comerciales, o cuando est\u00e9n en presencia de poblaci\u00f3n vulnerable, inform\u00f3 el Gobierno auton\u00f3mico en un comunicado.<\/p>\n<p>Estos consejos forman parte del paquete de nuevas medidas de prevenci\u00f3n y control de la transmisi\u00f3n del virus dise\u00f1ado por la Direcci\u00f3n General de Salud P\u00fablica, que tambi\u00e9n incluye la vacunaci\u00f3n de todos los residentes y trabajadores de estos centros sociosanitarios a los que a\u00fan no se hubiera administrado esta inmunizaci\u00f3n.<\/p>\n<p>Uso en residencias<\/p>\n<p>En relaci\u00f3n con el uso de mascarillas, de tipo quir\u00fargico, el Gobierno madrile\u00f1o aconseja que todos los mayores que vivan en residencias con s\u00edntomas respiratorios lo hagan cuando est\u00e9n en zonas comunes con otros residentes.<\/p>\n<p>Asimismo, est\u00e1 indicado, en todo momento y dentro de estos recintos, para el personal de estos recursos y a las visitas, aunque no tengan sintomatolog\u00eda. Como medidas higi\u00e9nicas en las residencias, destacan el lavado de manos frecuente con agua y jab\u00f3n durante, al menos, 20 segundos, o con una soluci\u00f3n hidroalcoh\u00f3lica, especialmente antes y despu\u00e9s del contacto con personas que presenten s\u00edntomas respiratorios.<\/p>\n<p>Igualmente, piden utilizar pa\u00f1uelos desechables para tapar la boca y la nariz al estornudar o toser. No se deben reutilizar y, en caso de carecer de ellos, cubrirse con el antebrazo.<\/p>\n<p>Para evitar nuevos contagios de gripe, Salud P\u00fablica incluye medidas sobre el entorno de estos recursos sociosanitarios: limpieza frecuente de superficies (mesas, pomos, barandillas, botones de los ascensores, aparatos de uso com\u00fan en gimnasios y ludotecas etc\u00e9tera), y ventilaci\u00f3n frecuente de los espacios comunes, antes y despu\u00e9s de la realizaci\u00f3n de actividades.<\/p>\n<p><b>La Comunidad de Madrid tambi\u00e9n recomienda que no coincida m\u00e1s de un visitante por residente de forma simult\u00e1nea<\/b>, con el objetivo de evitar la mayor propagaci\u00f3n de la gripe entre las personas mayores por la alta circulaci\u00f3n del virus y que, hasta la fecha, est\u00e1 afectando sobre todo a menores de 14 a\u00f1os.<\/p>\n<p>Vacunaci\u00f3n sin cita previa en el Zendal<\/p>\n<p>Por otra parte, el Hospital p\u00fablico Enfermera Isabel Zendal de la capital est\u00e1 habilitado desde el pasado 28 de noviembre como punto de vacunaci\u00f3n contra la gripe para adultos, sin necesidad de cita previa, en horario de 8:30 a 20:30 horas, de forma ininterrumpida, de lunes a viernes.<\/p>\n<p>La inmunizaci\u00f3n est\u00e1 especialmente dirigida a los mayores de 60 a\u00f1os, trabajadores del sector sanitario y sociosanitario y pacientes cr\u00f3nicos, pero tambi\u00e9n se aconseja a embarazadas; enfermos con patolog\u00eda cr\u00f3nica cardiovascular, respiratoria, renal, diabetes; cuidadores de personas vulnerables; fumadores, y docentes de Educaci\u00f3n Infantil. En el caso de la poblaci\u00f3n menor de 18 a\u00f1os, deber\u00e1 seguir realiz\u00e1ndose en los centros de salud.<\/p>\n<p>La Comunidad de Madrid reitera que la vacunaci\u00f3n sigue siendo la medida m\u00e1s eficaz para evitar las complicaciones graves de la gripe, y que todas las personas con s\u00edntomas respiratorios deben extremar las precauciones para frenar la transmisi\u00f3n del virus.<\/p>\n","protected":false},"excerpt":{"rendered":"La Comunidad de Madrid recomienda desde este lunes el uso de las mascarillas en todos los hospitales y&hellip;\n","protected":false},"author":2,"featured_media":289355,"comment_status":"","ping_status":"","sticky":false,"template":"","format":"standard","meta":{"footnotes":""},"categories":[92],"tags":[25,24,165,166,23],"class_list":{"0":"post-289354","1":"post","2":"type-post","3":"status-publish","4":"format-standard","5":"has-post-thumbnail","7":"category-salud","8":"tag-es","9":"tag-espana","10":"tag-health","11":"tag-salud","12":"tag-spain"},"share_on_mastodon":{"url":"https:\/\/pubeurope.com\/@es\/115723138993277792","error":""},"_links":{"self":[{"href":"https:\/\/www.europesays.com\/es\/wp-json\/wp\/v2\/posts\/289354","targetHints":{"allow":["GET"]}}],"collection":[{"href":"https:\/\/www.europesays.com\/es\/wp-json\/wp\/v2\/posts"}],"about":[{"href":"https:\/\/www.europesays.com\/es\/wp-json\/wp\/v2\/types\/post"}],"author":[{"embeddable":true,"href":"https:\/\/www.europesays.com\/es\/wp-json\/wp\/v2\/users\/2"}],"replies":[{"embeddable":true,"href":"https:\/\/www.europesays.com\/es\/wp-json\/wp\/v2\/comments?post=289354"}],"version-history":[{"count":0,"href":"https:\/\/www.europesays.com\/es\/wp-json\/wp\/v2\/posts\/289354\/revisions"}],"wp:featuredmedia":[{"embeddable":true,"href":"https:\/\/www.europesays.com\/es\/wp-json\/wp\/v2\/media\/289355"}],"wp:attachment":[{"href":"https:\/\/www.europesays.com\/es\/wp-json\/wp\/v2\/media?parent=289354"}],"wp:term":[{"taxonomy":"category","embeddable":true,"href":"https:\/\/www.europesays.com\/es\/wp-json\/wp\/v2\/categories?post=289354"},{"taxonomy":"post_tag","embeddable":true,"href":"https:\/\/www.europesays.com\/es\/wp-json\/wp\/v2\/tags?post=289354"}],"curies":[{"name":"wp","href":"https:\/\/api.w.org\/{rel}","templated":true}]}}