{"id":289373,"date":"2025-12-15T10:49:10","date_gmt":"2025-12-15T10:49:10","guid":{"rendered":"https:\/\/www.europesays.com\/es\/289373\/"},"modified":"2025-12-15T10:49:10","modified_gmt":"2025-12-15T10:49:10","slug":"mbappe-vuelve-a-marcar-y-amplia-su-ventaja-en-el-pichichi","status":"publish","type":"post","link":"https:\/\/www.europesays.com\/es\/289373\/","title":{"rendered":"Mbapp\u00e9 vuelve a marcar y ampl\u00eda su ventaja en el Pichichi"},"content":{"rendered":"<p data-mrf-recirculation=\"Links P\u00e1rrafos\" class=\"ue-c-article__paragraph paragraph ue-c-article--first-letter-highlighted\">Kylian Mbapp\u00e9 volvi\u00f3 a ver puerta. El franc\u00e9s marc\u00f3 un gol ante el Alav\u00e9s en Mendizorroza y de esta forma ampl\u00eda su ventaja en la carrera por el Trofeo Pichichi.\u00a0<\/p>\n<p>Premios MARCA.02.Jornada 16.Temporada 2025-26<\/p>\n<p data-mrf-recirculation=\"Links P\u00e1rrafos\" class=\"ue-c-article__paragraph paragraph\">El delantero del Real Madrid se mantiene en lo m\u00e1s alto de la clasificaci\u00f3n goleadora, pero ahora con 17 goles, seis m\u00e1s que su m\u00e1s directo perseguidor, Ferran Torres. El delantero del Barcelona anot\u00f3 ante Osasuna, pero su gol fue anulado y de esta forma sigue con 11 goles en LaLiga.<\/p>\n<p>Premios MARCA.03.Jornada 16.Temporada 2025-26<\/p>\n","protected":false},"excerpt":{"rendered":"Kylian Mbapp\u00e9 volvi\u00f3 a ver puerta. El franc\u00e9s marc\u00f3 un gol ante el Alav\u00e9s en Mendizorroza y de&hellip;\n","protected":false},"author":2,"featured_media":289374,"comment_status":"","ping_status":"","sticky":false,"template":"","format":"standard","meta":{"footnotes":""},"categories":[268],"tags":[168,25,24,280,282,281,23,167],"class_list":{"0":"post-289373","1":"post","2":"type-post","3":"status-publish","4":"format-standard","5":"has-post-thumbnail","7":"category-futbol","8":"tag-deportes","9":"tag-es","10":"tag-espana","11":"tag-football","12":"tag-futbol","13":"tag-soccer","14":"tag-spain","15":"tag-sports"},"share_on_mastodon":{"url":"https:\/\/pubeurope.com\/@es\/115723197880658295","error":""},"_links":{"self":[{"href":"https:\/\/www.europesays.com\/es\/wp-json\/wp\/v2\/posts\/289373","targetHints":{"allow":["GET"]}}],"collection":[{"href":"https:\/\/www.europesays.com\/es\/wp-json\/wp\/v2\/posts"}],"about":[{"href":"https:\/\/www.europesays.com\/es\/wp-json\/wp\/v2\/types\/post"}],"author":[{"embeddable":true,"href":"https:\/\/www.europesays.com\/es\/wp-json\/wp\/v2\/users\/2"}],"replies":[{"embeddable":true,"href":"https:\/\/www.europesays.com\/es\/wp-json\/wp\/v2\/comments?post=289373"}],"version-history":[{"count":0,"href":"https:\/\/www.europesays.com\/es\/wp-json\/wp\/v2\/posts\/289373\/revisions"}],"wp:featuredmedia":[{"embeddable":true,"href":"https:\/\/www.europesays.com\/es\/wp-json\/wp\/v2\/media\/289374"}],"wp:attachment":[{"href":"https:\/\/www.europesays.com\/es\/wp-json\/wp\/v2\/media?parent=289373"}],"wp:term":[{"taxonomy":"category","embeddable":true,"href":"https:\/\/www.europesays.com\/es\/wp-json\/wp\/v2\/categories?post=289373"},{"taxonomy":"post_tag","embeddable":true,"href":"https:\/\/www.europesays.com\/es\/wp-json\/wp\/v2\/tags?post=289373"}],"curies":[{"name":"wp","href":"https:\/\/api.w.org\/{rel}","templated":true}]}}