{"id":289379,"date":"2025-12-15T10:53:12","date_gmt":"2025-12-15T10:53:12","guid":{"rendered":"https:\/\/www.europesays.com\/es\/289379\/"},"modified":"2025-12-15T10:53:12","modified_gmt":"2025-12-15T10:53:12","slug":"la-promesa-anuncia-una-muerte-que-pondra-punto-y-final-a-la-trama-de-la-serie-de-tve","status":"publish","type":"post","link":"https:\/\/www.europesays.com\/es\/289379\/","title":{"rendered":"&#8216;La Promesa&#8217; anuncia una muerte que pondr\u00e1 punto y final a la trama de la serie de TVE"},"content":{"rendered":"<p data-journey-content=\"true\" data-node-id=\"4\" class=\"css-6wxqfj emevuu60\">&#8216;<a href=\"https:\/\/www.diezminutos.es\/telenovela-la-promesa\/\" target=\"_blank\" data-vars-ga-outbound-link=\"https:\/\/www.diezminutos.es\/telenovela-la-promesa\/\" data-vars-ga-ux-element=\"Hyperlink\" data-vars-ga-call-to-action=\"La Promesa\" data-node-id=\"4.1\" class=\"body-link css-177bzfx emevuu60\" rel=\"nofollow noopener\">La Promesa<\/a>&#8216; se prepara para uno de los momentos m\u00e1s impactantes de toda su historia. <strong data-node-id=\"4.3\">La serie diaria de La 1 emitir\u00e1 el mi\u00e9rcoles 24 de diciembre el cap\u00edtulo que cerrar\u00e1 la cuarta temporada<\/strong>, seg\u00fan una promoci\u00f3n que ha dejado en shock a los espectadores. RTVE no ha querido jugar al despiste: la promo que pod\u00e9is ver al final del art\u00edculo adelanta que el palacio volver\u00e1 a vestirse de luto y se\u00f1ala directamente a una v\u00edctima muy concreta. Una muerte que, de confirmarse, pondr\u00eda fin a la trama principal que ha vertebrado la ficci\u00f3n durante meses: <a href=\"https:\/\/www.diezminutos.es\/telenovela\/espanolas\/a69466648\/la-promesa-boda-angela-beltran-lorenzo-de-la-mata\/\" target=\"_blank\" data-vars-ga-outbound-link=\"https:\/\/www.diezminutos.es\/telenovela\/espanolas\/a69466648\/la-promesa-boda-angela-beltran-lorenzo-de-la-mata\/\" data-vars-ga-ux-element=\"Hyperlink\" data-vars-ga-call-to-action=\"la boda entre Lorenzo y \u00c1ngela\" data-node-id=\"4.5\" class=\"body-link css-177bzfx emevuu60\" rel=\"nofollow noopener\">la boda entre Lorenzo y \u00c1ngela<\/a>, y los intentos de Curro por impedirle, como vimos en ese <a href=\"https:\/\/www.diezminutos.es\/telenovela\/espanolas\/a69530290\/la-promesa-capitulo-724-hoy-formato-especial-historia-telenovelas\/\" target=\"_blank\" data-vars-ga-outbound-link=\"https:\/\/www.diezminutos.es\/telenovela\/espanolas\/a69530290\/la-promesa-capitulo-724-hoy-formato-especial-historia-telenovelas\/\" data-vars-ga-ux-element=\"Hyperlink\" data-vars-ga-call-to-action=\"cap\u00edtulo especial rodado en un \u00fanico escenario\" data-node-id=\"4.7\" class=\"body-link css-177bzfx emevuu60\" rel=\"nofollow noopener\">cap\u00edtulo especial rodado en un \u00fanico escenario<\/a>.<\/p>\n<p data-journey-content=\"true\" data-node-id=\"7\" class=\"css-6wxqfj emevuu60\">En el avance que la cadena ha lanzado para promocionar el final de temporada, que se emitir\u00e1 el 24 de diciembre, <strong data-node-id=\"7.1\">\u00c1ngela aparece sin vida vestida de novia<\/strong>, justo el d\u00eda de su enlace con Lorenzo. El grito desgarrador de Curro, que ya ha perdido a su hermana Jana y su madre Eugenia, confirma la magnitud de la tragedia. Todo apunta a que la joven habr\u00eda decidido acabar con su vida antes de casarse con el capit\u00e1n de la Mata, una uni\u00f3n que iba a ser una condena para ella. <\/p>\n<p>La muerte de \u00c1ngela marcar\u00e1 el final de temporada de &#8216;La Promesa&#8217;<img draggable=\"true\" alt=\"la promesa tve angela\" title=\"la promesa tve angela\" loading=\"lazy\" width=\"4096\" height=\"2730\" decoding=\"async\" data-nimg=\"1\" style=\"color:transparent;width:100%;height:auto;\"   src=\"https:\/\/www.europesays.com\/es\/wp-content\/uploads\/2025\/12\/promesa-1-3-690cba186c391.jpg\" class=\"css-0 e1g79fud0\"\/><\/p>\n<p>Productora<\/p>\n<p data-journey-content=\"true\" data-node-id=\"11\" class=\"css-6wxqfj emevuu60\">En la propia promo, en una tensa conversaci\u00f3n con Lorenzo, se dice: \u00ab<strong data-node-id=\"11.1\">\u00c1ngela prefiri\u00f3 envenenarse a casarse contigo<\/strong>\u00ab. Sin embargo, el hecho de que TVE haya vendido tan claro que esta semana un suceso iba a cambiar la serie para tanto, hace pensar que el supuesto suicidio podr\u00eda formar parte de una estrategia para cerrar la temporada con el m\u00e1ximo impacto. Pero el final de temporada no nos va a dejar solo con la duda de si \u00c1ngela muere o no, sino con qu\u00e9 va a hacer Curro a continuaci\u00f3n.<\/p>\n<p data-journey-content=\"true\" data-node-id=\"16\" class=\"css-6wxqfj emevuu60\">Curro aparece en un paraje alejado del palacio,<strong data-node-id=\"16.1\"> enca\u00f1onando a su hermano Manuel<\/strong>, mientras le advierte de que no d\u00e9 un paso m\u00e1s. Se escucha un disparo, acompa\u00f1ando de la frase: \u00aba veces hay que sacrificar lo que m\u00e1s queremos\u00bb. Pase lo que pase, &#8216;La Promesa&#8217; afronta uno de los finales m\u00e1s oscuros y \u00e9picos de su historia, dejando al palacio completamente roto para empezar la nueva temporada el viernes 26 de diciembre. <\/p>\n<p><img src=\"https:\/\/www.europesays.com\/es\/wp-content\/uploads\/2025\/12\/1765795992_270_04c0b0af-4dfe-409a-8e0c-876f8f325877_1664867977.file\" alt=\"Headshot of Ignacio Herruzo Mart\u00ednez\" title=\"Headshot of Ignacio Herruzo Mart\u00ednez\" width=\"100%\" height=\"100%\" decoding=\"async\" loading=\"lazy\" class=\"css-o0wq4v ev8dhu53\"\/><\/p>\n<p>Ignacio es experto en cultura, pero desde hace m\u00e1s de 10 a\u00f1os se ha especializado en cine y series, tanto las que se estrenan en la gran pantalla como en las plataformas de streaming. Lo mismo te habla de los estrenos de Netflix, HBO Max o Amazon Prime Video, como que te cuenta la \u00faltima hora de \u2018Masterchef\u2019 o de cualquier otro programa de televisi\u00f3n. \u00a0\u00a0<\/p>\n<p>Con ya una larga experiencia como cr\u00edtico, conoce las mejores series y pel\u00edculas y le encanta verlas antes que t\u00fa para poder decirte si merecen la pena o no. Conoce todos los estrenos de la semana y le encanta recomendar series y pel\u00edculas a sus amigos, familiares y a los lectores, algo que ha ido haciendo en diferentes blogs personales y a trav\u00e9s de las redes sociales. Le gusta todo: sigue a grandes directores como Martin Scorsese, Quentin Tarantino o Steven Spielberg, y se sabe de memoria todo el universo de Marvel, Star Wars, El se\u00f1or de los anillos y el mundo Disney. \u00a0\u00a0\u00a0<\/p>\n<p>La cultura es su principal hobby y aunque se considera un cin\u00e9filo, tambi\u00e9n le encanta la m\u00fasica, sobre todo internacional, y los videojuegos, a los que dedica todo el tiempo que le deja el cine y las series, claro. El deporte es su otra pasi\u00f3n, que desarroll\u00f3 en sus inicios en el diario deportivo MARCA. \u00a0\u00a0Ignacio Herruzo es Graduado en Periodismo por la Universidad Rey Juan Carlos en 2012. Desde entonces no ha parado de escribir desde que comenz\u00f3 en 2013 en el grupo Hearst, donde ha ejercido de redactor en diferentes webs y revistas como Teleprograma, Supertele y Diez Minutos. \u00a0<\/p>\n","protected":false},"excerpt":{"rendered":"&#8216;La Promesa&#8216; se prepara para uno de los momentos m\u00e1s impactantes de toda su historia. La serie diaria&hellip;\n","protected":false},"author":2,"featured_media":289380,"comment_status":"","ping_status":"","sticky":false,"template":"","format":"standard","meta":{"footnotes":""},"categories":[171],"tags":[253,146,147,25,24,23,214],"class_list":{"0":"post-289379","1":"post","2":"type-post","3":"status-publish","4":"format-standard","5":"has-post-thumbnail","7":"category-tv","8":"tag-discover","9":"tag-entertainment","10":"tag-entretenimiento","11":"tag-es","12":"tag-espana","13":"tag-spain","14":"tag-tv"},"share_on_mastodon":{"url":"https:\/\/pubeurope.com\/@es\/115723214024000398","error":""},"_links":{"self":[{"href":"https:\/\/www.europesays.com\/es\/wp-json\/wp\/v2\/posts\/289379","targetHints":{"allow":["GET"]}}],"collection":[{"href":"https:\/\/www.europesays.com\/es\/wp-json\/wp\/v2\/posts"}],"about":[{"href":"https:\/\/www.europesays.com\/es\/wp-json\/wp\/v2\/types\/post"}],"author":[{"embeddable":true,"href":"https:\/\/www.europesays.com\/es\/wp-json\/wp\/v2\/users\/2"}],"replies":[{"embeddable":true,"href":"https:\/\/www.europesays.com\/es\/wp-json\/wp\/v2\/comments?post=289379"}],"version-history":[{"count":0,"href":"https:\/\/www.europesays.com\/es\/wp-json\/wp\/v2\/posts\/289379\/revisions"}],"wp:featuredmedia":[{"embeddable":true,"href":"https:\/\/www.europesays.com\/es\/wp-json\/wp\/v2\/media\/289380"}],"wp:attachment":[{"href":"https:\/\/www.europesays.com\/es\/wp-json\/wp\/v2\/media?parent=289379"}],"wp:term":[{"taxonomy":"category","embeddable":true,"href":"https:\/\/www.europesays.com\/es\/wp-json\/wp\/v2\/categories?post=289379"},{"taxonomy":"post_tag","embeddable":true,"href":"https:\/\/www.europesays.com\/es\/wp-json\/wp\/v2\/tags?post=289379"}],"curies":[{"name":"wp","href":"https:\/\/api.w.org\/{rel}","templated":true}]}}