{"id":289417,"date":"2025-12-15T11:20:10","date_gmt":"2025-12-15T11:20:10","guid":{"rendered":"https:\/\/www.europesays.com\/es\/289417\/"},"modified":"2025-12-15T11:20:10","modified_gmt":"2025-12-15T11:20:10","slug":"abre-un-tercer-punto-de-atencion-continuada-por-las-tardes-en-pamplona-para-hacer-frente-a-la-epidemia-de-gripe","status":"publish","type":"post","link":"https:\/\/www.europesays.com\/es\/289417\/","title":{"rendered":"Abre un tercer punto de atenci\u00f3n continuada por las tardes en Pamplona para hacer frente a la epidemia de gripe"},"content":{"rendered":"<p class=\"paragraph\">La incidencia de los <b>virus respiratorios<\/b> sigue aumentando en <b>Navarra<\/b>, en especial la gripe, y con ello la <b>demanda en los centros de urgencias<\/b> tanto hospitalarios como extrahospitalarios de toda la comunidad foral. Con el fin de hacer frente a esta presi\u00f3n asistencial y mejorar la atenci\u00f3n de todos los pacientes, desde hoy d\u00eda 15 de diciembre se abrir\u00e1 un tercer punto de atenci\u00f3n continuada en Pamplona en el <b>Centro de Salud de Ermitaga\u00f1a<\/b>.<\/p>\n<p class=\"paragraph\">Este punto estar\u00e1 abierto hasta el 2 de enero todos los d\u00edas laborables, de 16 a 20 horas, atenci\u00f3n que se une a los centros habituales de <b>urgencias extrahospitalarias de Pamplona, el de San Mart\u00edn y el de <\/b><b>Buztintxuri<\/b>, que mantienen su\u00a0<a href=\"https:\/\/www.navarra.es\/home_es\/Temas\/Portal+de+la+Salud\/Ciudadania\/Me+cuido\/Controlo+mi+salud\/horarios.htm\" target=\"_blank\" rel=\"noreferrer noopener nofollow\">horario habitual<\/a>.<\/p>\n<p class=\"paragraph\">Este tercer punto atender\u00e1 a todos los usuarios con procesos agudos respiratorios, gastrointestinales y urinarios y, en un marco colaborativo con el <b>Hospital Universitario de Navarra<\/b>, asistir\u00e1 a los pacientes derivados del triaje inverso, un sistema por el que los <b>pacientes de 18 a 50 a\u00f1os<\/b> que acudan a las Urgencias del HUN con s\u00edntomas respiratorios leves, sin factores de riesgo, ni datos de alarma, que presenten prioridad baja en el triaje y que acudan por iniciativa propia, es decir, sin volante de derivaci\u00f3n, ser\u00e1n derivados a los centros de <b>Urgencias Extrahospitalarias (SUE San Mart\u00edn y <\/b><b>Buztintxuri y ahora tambi\u00e9n Ermitaga\u00f1a<\/b><b>)<\/b>.\u00a0<\/p>\n<p class=\"paragraph\"><b>PLAN INVERNAL ACTIVADO<\/b><\/p>\n<p class=\"paragraph\">El Servicio Navarro de Salud- Osasunbidea activ\u00f3 la semana pasada el\u00a0Plan de Contingencia Invernal 2025-2026, con el objetivo de hacer frente a las incidencias derivadas del incremento estacional de enfermedades respiratorias que suponen un aumento importante de la presi\u00f3n asistencial.\u00a0<\/p>\n<p class=\"paragraph\">En el caso de<b> Atenci\u00f3n Primaria <\/b>el objetivo principal, como en a\u00f1os anteriores, es optimizar los recursos disponibles para asegurar una respuesta adecuada y eficiente a la presi\u00f3n asistencial que suelen experimentar los centros de salud, consultorios y <b>Servicios de Urgencias Extrahospitalarias (SUE) <\/b>en esta temporada.\u00a0<\/p>\n<p class=\"paragraph\">Adem\u00e1s de la <b>apertura de Ermitaga\u00f1a<\/b>, este a\u00f1o tambi\u00e9n se ha reforzado con personal de enfermer\u00eda los<b> centros de San Mart\u00edn y <\/b><b>Buztintxuri<\/b>. De 15:00 a 22:00 horas en d\u00edas laborales y de 9:00 a 21:00 horas en fines de semana y festivos, estas profesionales trabajar\u00e1n para absorber la demanda asistencial derivada de procesos agudos, incluyendo la que pueda resultar del <b>triaje inverso de urgencias del HUN.<\/b><\/p>\n<p class=\"paragraph\">Tambi\u00e9n est\u00e1 operativo todos los d\u00edas de la semana, de 8 a 22 horas, el servicio telef\u00f3nico del Consejo Sanitario (948 290 290) para resolver las dudas de salud no urgentes de la ciudadan\u00eda de toda la Comunidad Foral.\u00a0<\/p>\n<p class=\"paragraph\">En cuanto a la <b>Atenci\u00f3n Hospitalaria<\/b>, en los tres centros, el <b>Hospital Universitario de Navarra<\/b>\u00a0<b>de Pamplona (HUN)<\/b>, el <b>Hospital Reina Sof\u00eda de Tudela (HRS) <\/b>y el <b>Hospital Garc\u00eda Orcoyen de Estella-Lizarra (HGO)<\/b>, se est\u00e1n activando de forma los diferentes recursos en funci\u00f3n de la demanda, seg\u00fan lo establecido en los planes de cada centro. El objetivo es dar respuesta al aumento de la demanda asistencial urgente, minimizar su impacto en el sistema, permitir una atenci\u00f3n m\u00e1s eficaz y eficiente facilitando el acceso y la correcta atenci\u00f3n a los pacientes, tanto los de edad adulta como pedi\u00e1trica, y proporcionar el apoyo necesario a todos los profesionales en <b>momentos de gran presi\u00f3n asistencial<\/b> y poner a su disposici\u00f3n las herramientas que facilitan la atenci\u00f3n a la ciudadan\u00eda.<\/p>\n<p class=\"paragraph\">Las medidas suponen, principalmente, apertura de nuevas camas, refuerzo del personal, definici\u00f3n de circuitos diferenciados para los pacientes con virus respiratorios y triajes diferenciados para una atenci\u00f3n m\u00e1s \u00e1gil.<\/p>\n<p class=\"paragraph\">Desde el<b> Departamento de Salud <\/b>se recuerda a la ciudadan\u00eda que es clave para que la temporada de invierno el sistema funcione con toda la agilidad y eficiencia posible. Por ello, se recomienda acudir al recurso m\u00e1s adecuado a la urgencia de la patolog\u00eda y seguir los consejos de autocuidado en los casos m\u00e1s leves.<\/p>\n","protected":false},"excerpt":{"rendered":"La incidencia de los virus respiratorios sigue aumentando en Navarra, en especial la gripe, y con ello la&hellip;\n","protected":false},"author":2,"featured_media":289418,"comment_status":"","ping_status":"","sticky":false,"template":"","format":"standard","meta":{"footnotes":""},"categories":[92],"tags":[490,1348,69509,25,24,165,2320,166,23,619],"class_list":{"0":"post-289417","1":"post","2":"type-post","3":"status-publish","4":"format-standard","5":"has-post-thumbnail","7":"category-salud","8":"tag-abre","9":"tag-atencion","10":"tag-continuada","11":"tag-es","12":"tag-espana","13":"tag-health","14":"tag-punto","15":"tag-salud","16":"tag-spain","17":"tag-tercer"},"share_on_mastodon":{"url":"https:\/\/pubeurope.com\/@es\/115723319768051885","error":""},"_links":{"self":[{"href":"https:\/\/www.europesays.com\/es\/wp-json\/wp\/v2\/posts\/289417","targetHints":{"allow":["GET"]}}],"collection":[{"href":"https:\/\/www.europesays.com\/es\/wp-json\/wp\/v2\/posts"}],"about":[{"href":"https:\/\/www.europesays.com\/es\/wp-json\/wp\/v2\/types\/post"}],"author":[{"embeddable":true,"href":"https:\/\/www.europesays.com\/es\/wp-json\/wp\/v2\/users\/2"}],"replies":[{"embeddable":true,"href":"https:\/\/www.europesays.com\/es\/wp-json\/wp\/v2\/comments?post=289417"}],"version-history":[{"count":0,"href":"https:\/\/www.europesays.com\/es\/wp-json\/wp\/v2\/posts\/289417\/revisions"}],"wp:featuredmedia":[{"embeddable":true,"href":"https:\/\/www.europesays.com\/es\/wp-json\/wp\/v2\/media\/289418"}],"wp:attachment":[{"href":"https:\/\/www.europesays.com\/es\/wp-json\/wp\/v2\/media?parent=289417"}],"wp:term":[{"taxonomy":"category","embeddable":true,"href":"https:\/\/www.europesays.com\/es\/wp-json\/wp\/v2\/categories?post=289417"},{"taxonomy":"post_tag","embeddable":true,"href":"https:\/\/www.europesays.com\/es\/wp-json\/wp\/v2\/tags?post=289417"}],"curies":[{"name":"wp","href":"https:\/\/api.w.org\/{rel}","templated":true}]}}