{"id":289427,"date":"2025-12-15T11:25:16","date_gmt":"2025-12-15T11:25:16","guid":{"rendered":"https:\/\/www.europesays.com\/es\/289427\/"},"modified":"2025-12-15T11:25:16","modified_gmt":"2025-12-15T11:25:16","slug":"los-alumnos-del-calasanz-dejan-su-huella-con-el-mural-amistad-en-el-patio-de-su-colegio","status":"publish","type":"post","link":"https:\/\/www.europesays.com\/es\/289427\/","title":{"rendered":"Los alumnos del Calasanz \u2018dejan su huella\u2019 con el mural \u2018Amistad\u2019 en el patio de su colegio"},"content":{"rendered":"<p><strong>El Ayuntamiento de Alcal\u00e1 contin\u00faa con este proyecto que ya se ha desarrollado en una veintena de centros educativos de la ciudad.<\/strong><\/p>\n<p>Alcal\u00e1 de Henares, 15-diciembre-2025.- La concejala de Educaci\u00f3n, Lola L\u00f3pez, visit\u00f3 los trabajos que el alumnado del colegio Calasanz han llevado a cabo dentro de la iniciativa \u201cDeja tu huella en el cole\u201d. Se trata de un proyecto de arte participativo promovido desde la Concejal\u00eda de Participaci\u00f3n Ciudadana que busca implicar a toda la comunidad educativa en la creaci\u00f3n de murales colaborativos que promuevan valores como la convivencia, la inclusi\u00f3n y la creatividad.<\/p>\n<p>L\u00f3pez ha se\u00f1alado que este programa, que ya se ha implantado con \u00e9xito en una veintena de centros de la ciudad, tiene como objetivo mejorar y renovar los espacios comunes de los colegios, al tiempo que fomenta la participaci\u00f3n activa del alumnado, el profesorado, los equipos directivos y las asociaciones de madres y padres.<\/p>\n<p>Los estudiantes est\u00e1n elaborando un mural titulado \u201cAmistad\u201d, con la colaboraci\u00f3n de los artistas locales Manu Cardiel y Zaida Escobar, quienes han guiado el proceso tanto en el dise\u00f1o como en la ejecuci\u00f3n. Durante varias jornadas, los artistas han impartido talleres creativos en las aulas para que el alumnado pudiera trabajar ideas, bocetos y gamas de color antes de trasladar el dise\u00f1o final a los muros del colegio.<\/p>\n<p>En esta ocasi\u00f3n, la junta directiva seleccion\u00f3 tonos naranjas como gama crom\u00e1tica principal del mural, otorg\u00e1ndole una identidad visual c\u00e1lida y vibrante.<\/p>\n<p>La actividad permiti\u00f3 a los alumnos reflexionar sobre los valores que identifican su vida escolar \u2014especialmente la amistad\u2014 y transformarlos en lenguaje visual. El mural final, representado en tonos naranjas, constituye una obra colectiva que simboliza la uni\u00f3n, el crecimiento y la creatividad del alumnado del Colegio Calasanz.<\/p>\n","protected":false},"excerpt":{"rendered":"El Ayuntamiento de Alcal\u00e1 contin\u00faa con este proyecto que ya se ha desarrollado en una veintena de centros&hellip;\n","protected":false},"author":2,"featured_media":289428,"comment_status":"","ping_status":"","sticky":false,"template":"","format":"standard","meta":{"footnotes":""},"categories":[8],"tags":[17,18,47216,69510,25,24,13,14,11,19,20,63064,9,10,15,16,23,12,21,22],"class_list":{"0":"post-289427","1":"post","2":"type-post","3":"status-publish","4":"format-standard","5":"has-post-thumbnail","7":"category-espana","8":"tag-breaking-news","9":"tag-breakingnews","10":"tag-calasanz","11":"tag-deja-tu-huella-en-el-cole","12":"tag-es","13":"tag-espana","14":"tag-featured-news","15":"tag-featurednews","16":"tag-headlines","17":"tag-latest-news","18":"tag-latestnews","19":"tag-lola-lopez","20":"tag-news","21":"tag-noticias","22":"tag-noticias-destacadas","23":"tag-noticiasdestacadas","24":"tag-spain","25":"tag-titulares","26":"tag-ultimas-noticias","27":"tag-ultimasnoticias"},"share_on_mastodon":{"url":"https:\/\/pubeurope.com\/@es\/115723339344535204","error":""},"_links":{"self":[{"href":"https:\/\/www.europesays.com\/es\/wp-json\/wp\/v2\/posts\/289427","targetHints":{"allow":["GET"]}}],"collection":[{"href":"https:\/\/www.europesays.com\/es\/wp-json\/wp\/v2\/posts"}],"about":[{"href":"https:\/\/www.europesays.com\/es\/wp-json\/wp\/v2\/types\/post"}],"author":[{"embeddable":true,"href":"https:\/\/www.europesays.com\/es\/wp-json\/wp\/v2\/users\/2"}],"replies":[{"embeddable":true,"href":"https:\/\/www.europesays.com\/es\/wp-json\/wp\/v2\/comments?post=289427"}],"version-history":[{"count":0,"href":"https:\/\/www.europesays.com\/es\/wp-json\/wp\/v2\/posts\/289427\/revisions"}],"wp:featuredmedia":[{"embeddable":true,"href":"https:\/\/www.europesays.com\/es\/wp-json\/wp\/v2\/media\/289428"}],"wp:attachment":[{"href":"https:\/\/www.europesays.com\/es\/wp-json\/wp\/v2\/media?parent=289427"}],"wp:term":[{"taxonomy":"category","embeddable":true,"href":"https:\/\/www.europesays.com\/es\/wp-json\/wp\/v2\/categories?post=289427"},{"taxonomy":"post_tag","embeddable":true,"href":"https:\/\/www.europesays.com\/es\/wp-json\/wp\/v2\/tags?post=289427"}],"curies":[{"name":"wp","href":"https:\/\/api.w.org\/{rel}","templated":true}]}}