{"id":289431,"date":"2025-12-15T11:31:37","date_gmt":"2025-12-15T11:31:37","guid":{"rendered":"https:\/\/www.europesays.com\/es\/289431\/"},"modified":"2025-12-15T11:31:37","modified_gmt":"2025-12-15T11:31:37","slug":"alcaraz-gana-a-fonseca-en-un-tercer-set-de-desempate-en-la-exhibicion-de-miami-2","status":"publish","type":"post","link":"https:\/\/www.europesays.com\/es\/289431\/","title":{"rendered":"Alcaraz gana a Fonseca en un tercer set de desempate en la exhibici\u00f3n de Miami"},"content":{"rendered":"<p class=\"ft-text\">El murciano <a class=\"ft-link ft-link--decoration\" href=\"https:\/\/www.laopiniondemurcia.es\/tags\/carlos-alcaraz\/\" rel=\"nofollow noopener\" target=\"_blank\">Carlos Alcaraz<\/a>, mejor tenista del mundo en la actualidad, derrot\u00f3 este lunes a la joven promesa brasile\u00f1a <strong>Jo\u00e3o Fonseca<\/strong> en un tercer set de superdesempate en un partido de exhibici\u00f3n que disputaron en Miami (Estados Unidos).<\/p>\n<p class=\"ft-text\">Alcaraz se deshizo de Fonseca (n\u00famero 24 de la ATP) por<strong> 7-5, 2-6 y 10-8<\/strong>, en un evento conocido como &#8216;Miami Invitational&#8217;. El murciano se desquit\u00f3 as\u00ed de la <a class=\"ft-link ft-link--decoration\" href=\"https:\/\/www.laopiniondemurcia.es\/deportes\/2025\/12\/08\/alcaraz-regresa-derrota-tiafoe-exhibicion-124567564.html\" rel=\"nofollow noopener\" target=\"_blank\">derrota encajada la noche del domingo ante el estadounidense Frances Tiafoe<\/a> en otra exhibici\u00f3n, esta en Nueva York.<\/p>\n<p><img decoding=\"async\" src=\"https:\/\/www.europesays.com\/es\/wp-content\/uploads\/2025\/12\/2a0bed4d-2640-4e59-80fa-d4444668a072_alta-libre-aspect-ratio_default_0.jpg\" width=\"1200\" height=\"800\" alt=\"Carlos Alcaraz, durante la exhibici\u00f3n en Miami con Joao Fonseca\" class=\"ft-helper-img-rd\" loading=\"lazy\"\/><\/p>\n<p class=\"ft-helper-fontColor-quaternary ft-helper-fontSize-body-S ft-helper-spacer-t-xxs\">Carlos Alcaraz, durante la exhibici\u00f3n en Miami con Joao Fonseca  \/ Lynne Sladky\/AP<\/p>\n<p class=\"ft-text\">Antes del individuales, Alcaraz y Fonseca se hab\u00edan enfrentado en un dobles mixto. El espa\u00f1ol y la estadounidense<strong> Jessica Pegula<\/strong> derrotaron por 10-8 a Fonseca y la estadounidense <strong>Amanda Anisimova.<\/strong><\/p>\n<p class=\"ft-text\">El <strong>&#8216;Miami Invitational&#8217;<\/strong> se jug\u00f3 en una pista de tenis instalada en el interior del campo de b\u00e9isbol de los Miami Marlins de la MLB.<\/p>\n<p class=\"ft-text\">Entre el p\u00fablico se encontraban los exfutbolistas <strong>Sergio Busquets y Jordi Alba<\/strong>, que el s\u00e1bado colgaron las botas tras conquistar la MLS con el Inter Miami.<\/p>\n<p class=\"ft-text\">Busquets y Alba devolvieron as\u00ed la visita a Alcaraz, que hace una semana hab\u00eda acudido al campo del Inter a presencial la<strong> final del Este de la MLS.<\/strong><\/p>\n<p class=\"ft-text\">Tambi\u00e9n se dej\u00f3 ver el exfutbolista brasile\u00f1o <strong>Ronaldo<\/strong>, que incluso pelote\u00f3 un rato con Alcaraz antes de que arrancara el evento.<\/p>\n","protected":false},"excerpt":{"rendered":"El murciano Carlos Alcaraz, mejor tenista del mundo en la actualidad, derrot\u00f3 este lunes a la joven promesa&hellip;\n","protected":false},"author":2,"featured_media":289432,"comment_status":"","ping_status":"","sticky":false,"template":"","format":"standard","meta":{"footnotes":""},"categories":[274],"tags":[4736,545,168,25,24,30182,4355,6584,7205,23,167,327,326,619],"class_list":{"0":"post-289431","1":"post","2":"type-post","3":"status-publish","4":"format-standard","5":"has-post-thumbnail","7":"category-tenis","8":"tag-alcaraz","9":"tag-carlos-alcaraz","10":"tag-deportes","11":"tag-es","12":"tag-espana","13":"tag-fonseca","14":"tag-gana","15":"tag-miami","16":"tag-set","17":"tag-spain","18":"tag-sports","19":"tag-tenis","20":"tag-tennis","21":"tag-tercer"},"share_on_mastodon":{"url":"https:\/\/pubeurope.com\/@es\/115723363493142366","error":""},"_links":{"self":[{"href":"https:\/\/www.europesays.com\/es\/wp-json\/wp\/v2\/posts\/289431","targetHints":{"allow":["GET"]}}],"collection":[{"href":"https:\/\/www.europesays.com\/es\/wp-json\/wp\/v2\/posts"}],"about":[{"href":"https:\/\/www.europesays.com\/es\/wp-json\/wp\/v2\/types\/post"}],"author":[{"embeddable":true,"href":"https:\/\/www.europesays.com\/es\/wp-json\/wp\/v2\/users\/2"}],"replies":[{"embeddable":true,"href":"https:\/\/www.europesays.com\/es\/wp-json\/wp\/v2\/comments?post=289431"}],"version-history":[{"count":0,"href":"https:\/\/www.europesays.com\/es\/wp-json\/wp\/v2\/posts\/289431\/revisions"}],"wp:featuredmedia":[{"embeddable":true,"href":"https:\/\/www.europesays.com\/es\/wp-json\/wp\/v2\/media\/289432"}],"wp:attachment":[{"href":"https:\/\/www.europesays.com\/es\/wp-json\/wp\/v2\/media?parent=289431"}],"wp:term":[{"taxonomy":"category","embeddable":true,"href":"https:\/\/www.europesays.com\/es\/wp-json\/wp\/v2\/categories?post=289431"},{"taxonomy":"post_tag","embeddable":true,"href":"https:\/\/www.europesays.com\/es\/wp-json\/wp\/v2\/tags?post=289431"}],"curies":[{"name":"wp","href":"https:\/\/api.w.org\/{rel}","templated":true}]}}