{"id":289439,"date":"2025-12-15T11:36:15","date_gmt":"2025-12-15T11:36:15","guid":{"rendered":"https:\/\/www.europesays.com\/es\/289439\/"},"modified":"2025-12-15T11:36:15","modified_gmt":"2025-12-15T11:36:15","slug":"asi-ha-sido-la-inauguracion-con-sus-dos-hijas","status":"publish","type":"post","link":"https:\/\/www.europesays.com\/es\/289439\/","title":{"rendered":"as\u00ed ha sido la inauguraci\u00f3n con sus dos hijas"},"content":{"rendered":"<p id=\"emibPTg0Q_\" data-wc=\"96\">Fue un icono de la nueva libertad de los a\u00f1os 60 y 70, pero tambi\u00e9n una de las mujeres que m\u00e1s han marcado la moda en el \u00faltimo siglo. <a class=\"hm-link ho-link\" href=\"https:\/\/www.hola.com\/fashion\/20251214872583\/jane-birkin-curiosidades-estilo-bolso-romance\/\" data-mrf-recirculation=\"article-body-link\" rel=\"nofollow noopener\" target=\"_blank\">Jane Birkin -cantante, actriz y musa eterna de estilo-\u00a0<\/a>hubiera cumplido este domingo <strong>14 de diciembre 79 a\u00f1os<\/strong>, de no haber<a class=\"hm-link ho-link\" href=\"https:\/\/www.hola.com\/actualidad\/20230716235844\/encuentran-muerta-jane-birkin-paris\/\" data-mrf-recirculation=\"article-body-link\" rel=\"nofollow noopener\" target=\"_blank\">\u00a0fallecido en julio de 2023<\/a>, con 76. Una fecha se\u00f1alada que la ciudad de Par\u00eds y sus dos hijas, Charlotte Gainsbourg y Lou Doillon, han aprovechado para rendir homenaje a la artista inaugurando nada m\u00e1s y nada menos que <strong>su propio puente sobre el canal Saint-Martin.<\/strong><\/p>\n<p> <img src=\"https:\/\/www.europesays.com\/es\/wp-content\/uploads\/2025\/12\/7039cf0b88ea-gettyimages-187990592.jpg\"   width=\"681\" height=\"1024\" loading=\"lazy\" decoding=\"async\" alt=\"Jane Birkini en 2011\" fetchpriority=\"auto\" class=\"image ho-image\"\/>\u00a9 AFP via Getty ImagesJane Birkini en 2011<\/p>\n<p id=\"ePtPoAWmai\" data-wc=\"91\">Fue inspiraci\u00f3n para la moda &#8211;<strong>Jean-Louis Dumas, presidente de Herm\u00e8s, lanz\u00f3\u00a0<\/strong><a class=\"hm-link ho-link\" href=\"https:\/\/www.hola.com\/moda\/actualidad\/20230717235870\/jane-birkin-bolso-hermes-historia\/\" data-mrf-recirculation=\"article-body-link\" rel=\"nofollow noopener\" target=\"_blank\">un bolso pensado para ella<\/a>-, y tambi\u00e9n para artistas como el cantante y compositor<strong>\u00a0Serge Gainsbourg, uno de sus grandes amores<\/strong> y padre de su hija Charlotte Gainsbourg, que ha seguido sus pasos en el cine y en la m\u00fasica. Charlotte y su hermana, Lou Doillon (que igualmente es actriz, modelo y cantante), han sido las encargadas de presidir el acto con el que<strong>\u00a0la ciudad de Par\u00eds ha bautizado uno de sus puentes<\/strong> con el nombre de su madre.<\/p>\n<p> <img src=\"https:\/\/www.europesays.com\/es\/wp-content\/uploads\/2025\/12\/045d24c11205-gettyimages-2251732495.jpg\"   width=\"1024\" height=\"682\" loading=\"lazy\" decoding=\"async\" alt=\"Media Image\" fetchpriority=\"auto\" class=\"image ho-image\"\/>\u00a9 Getty Images<\/p>\n<p id=\"eeZq_Q52cg\" data-wc=\"76\">El emotivo acto ha reunido a muchas admiradores de la estrella alrededor del canal Saint-Martin, que ahora cruza el paso peatonal Jane Birkin. <strong>\u00abPasserelle Jane Birkin. Cantante, comediante, realizadora\u00bb<\/strong>, reza la placa instalada bajo la escalinata del puente. \u00abLa pasarela es po\u00e9tica, le habr\u00eda encantado\u00bb, ha dicho Charlotte Gainsbourg en el evento, al que tambi\u00e9n ha asistido<strong>\u00a0Roman de Kermadec, nieto de Jane Birkin e hijo de Kate Barry\u00a0<\/strong>(la primog\u00e9nita de Jane, fallecida en 2013).<\/p>\n<p> <img src=\"https:\/\/www.europesays.com\/es\/wp-content\/uploads\/2025\/12\/cd972b766437-gettyimages-2251080000.jpg\"   width=\"1024\" height=\"682\" loading=\"lazy\" decoding=\"async\" alt=\"Media Image\" fetchpriority=\"auto\" class=\"image ho-image\"\/>\u00a9 AFP via Getty Images<\/p>\n<p>  <img src=\"https:\/\/www.europesays.com\/es\/wp-content\/uploads\/2025\/12\/7d795e3af275-gettyimages-2251732500.jpg\"   width=\"1080\" height=\"1800\" loading=\"lazy\" decoding=\"async\" alt=\"Charlotte Gainsbourg y Lou Doillon \" fetchpriority=\"auto\" class=\"image ho-image\"\/>\u00a9 Getty ImagesCharlotte Gainsbourg y Lou Doillon <\/p>\n<p>  <img src=\"https:\/\/www.europesays.com\/es\/wp-content\/uploads\/2025\/12\/67e17af21193-gettyimages-2251732798.jpg\"   width=\"1080\" height=\"1800\" loading=\"lazy\" decoding=\"async\" alt=\"Media Image\" fetchpriority=\"auto\" class=\"image ho-image\"\/>\u00a9 Getty Images<\/p>\n<p>Herederas del estilo de su madre<\/p>\n<p id=\"eMjmfqrqEE\" data-wc=\"86\">A pesar de lo emotivo de la cita, Charlotte Gainsbourg y Lou Doillon se han vestido como su madre hubiera querido: relajadas y fieles a su propio estilo. Jane Birkin fue una de las primeras estrellas que, en los a\u00f1os 60 y 70, cambi\u00f3 los trajes de falda por vaqueros y los dise\u00f1os de gala, por vestidos de punto. <a class=\"hm-link ho-link\" href=\"https:\/\/www.hola.com\/fashion\/tendencias\/2023071775755\/jane-birkin-muerte-mejores-looks-recopilacion\/\" data-mrf-recirculation=\"article-body-link\" rel=\"nofollow noopener\" target=\"_blank\">Su armario era todo lo que una amante del boho so\u00f1ar\u00eda tener,<\/a> entonces y ahora, y sus hijas han heredado esta particular forma de entender la moda.<\/p>\n<p>  <img src=\"https:\/\/www.europesays.com\/es\/wp-content\/uploads\/2025\/12\/1107f0907d64-gettyimages-2251732422.jpg\"   width=\"1080\" height=\"1800\" loading=\"lazy\" decoding=\"async\" alt=\"Media Image\" fetchpriority=\"auto\" class=\"image ho-image\"\/>\u00a9 Getty Images<\/p>\n<p>  <img src=\"https:\/\/www.europesays.com\/es\/wp-content\/uploads\/2025\/12\/4ba8a2bfce6b-gettyimages-2251732466.jpg\"   width=\"1080\" height=\"1800\" loading=\"lazy\" decoding=\"async\" alt=\"Media Image\" fetchpriority=\"auto\" class=\"image ho-image\"\/>\u00a9 Getty Images<\/p>\n<p id=\"eO0oCFmOAOy\" data-wc=\"68\">Americana, un su\u00e9ter rojo y vaqueros campana (y una gorra, un toque muy de directora) han formado el conjunto elegido por Charlotte. Su hermana, Lou, ha preferido un traje de americana y pantal\u00f3n ancho con raya diplom\u00e1tica. Eso s\u00ed, ha buscado rebajar la formalidad del look con una bufanda estrecha, botines de tac\u00f3n grueso y<strong>\u00a0dejando su pelo al natural, un estilo que su madre luc\u00eda casi siempre.<\/strong><\/p>\n<p>  <img src=\"https:\/\/www.europesays.com\/es\/wp-content\/uploads\/2025\/12\/af9ab01dd486-gettyimages-1327521479.jpg\"   width=\"1080\" height=\"1800\" loading=\"lazy\" decoding=\"async\" alt=\"Julio de 2021\" fetchpriority=\"auto\" class=\"image ho-image\"\/>\u00a9 Corbis via Getty ImagesCharlotte Gainsbourg y Jane Birkin en julio de 2021<\/p>\n<p>  <img src=\"https:\/\/www.europesays.com\/es\/wp-content\/uploads\/2025\/12\/0bd12f8bac76-gettyimages-1301841463.jpg\"   width=\"1080\" height=\"1800\" loading=\"lazy\" decoding=\"async\" alt=\"Jane Birkin y Lou Doillon (R) en febrero de 2021\" fetchpriority=\"auto\" class=\"image ho-image\"\/>\u00a9 Corbis via Getty ImagesJane Birkin y Lou Doillon en febrero de 2021<\/p>\n","protected":false},"excerpt":{"rendered":"Fue un icono de la nueva libertad de los a\u00f1os 60 y 70, pero tambi\u00e9n una de las&hellip;\n","protected":false},"author":2,"featured_media":289440,"comment_status":"","ping_status":"","sticky":false,"template":"","format":"standard","meta":{"footnotes":""},"categories":[174],"tags":[1024,255,146,147,25,24,256,1023,23],"class_list":{"0":"post-289439","1":"post","2":"type-post","3":"status-publish","4":"format-standard","5":"has-post-thumbnail","7":"category-famosos","8":"tag-actualidad-moda","9":"tag-celebrities","10":"tag-entertainment","11":"tag-entretenimiento","12":"tag-es","13":"tag-espana","14":"tag-famosos","15":"tag-moda","16":"tag-spain"},"share_on_mastodon":{"url":"https:\/\/pubeurope.com\/@es\/115723383762649417","error":""},"_links":{"self":[{"href":"https:\/\/www.europesays.com\/es\/wp-json\/wp\/v2\/posts\/289439","targetHints":{"allow":["GET"]}}],"collection":[{"href":"https:\/\/www.europesays.com\/es\/wp-json\/wp\/v2\/posts"}],"about":[{"href":"https:\/\/www.europesays.com\/es\/wp-json\/wp\/v2\/types\/post"}],"author":[{"embeddable":true,"href":"https:\/\/www.europesays.com\/es\/wp-json\/wp\/v2\/users\/2"}],"replies":[{"embeddable":true,"href":"https:\/\/www.europesays.com\/es\/wp-json\/wp\/v2\/comments?post=289439"}],"version-history":[{"count":0,"href":"https:\/\/www.europesays.com\/es\/wp-json\/wp\/v2\/posts\/289439\/revisions"}],"wp:featuredmedia":[{"embeddable":true,"href":"https:\/\/www.europesays.com\/es\/wp-json\/wp\/v2\/media\/289440"}],"wp:attachment":[{"href":"https:\/\/www.europesays.com\/es\/wp-json\/wp\/v2\/media?parent=289439"}],"wp:term":[{"taxonomy":"category","embeddable":true,"href":"https:\/\/www.europesays.com\/es\/wp-json\/wp\/v2\/categories?post=289439"},{"taxonomy":"post_tag","embeddable":true,"href":"https:\/\/www.europesays.com\/es\/wp-json\/wp\/v2\/tags?post=289439"}],"curies":[{"name":"wp","href":"https:\/\/api.w.org\/{rel}","templated":true}]}}