{"id":289445,"date":"2025-12-15T11:40:15","date_gmt":"2025-12-15T11:40:15","guid":{"rendered":"https:\/\/www.europesays.com\/es\/289445\/"},"modified":"2025-12-15T11:40:15","modified_gmt":"2025-12-15T11:40:15","slug":"mas-grandes-que-la-vida","status":"publish","type":"post","link":"https:\/\/www.europesays.com\/es\/289445\/","title":{"rendered":"M\u00e1s grandes que la vida"},"content":{"rendered":"<p><strong><a href=\"https:\/\/indiehoy.com\/historias\/cuanto-valia-una-entrada-para-ver-a-kiss-y-ac-dc-en-1977\/\" target=\"_blank\" rel=\"noreferrer noopener nofollow\">Kiss<\/a><\/strong> fue una de las bandas m\u00e1s influyentes de todos los tiempos. A lo largo de su carrera, el conjunto neoyorquino no solo public\u00f3 20 discos de estudio, sino que recorri\u00f3 el mundo compartiendo su obra. Claro est\u00e1, durante ese tiempo, los rockeros de cara pintada tambi\u00e9n marcaron a millones de personas que disfrutaron de sus creaciones, como fue el caso de <strong>Mike<\/strong> <strong>McCready<\/strong>, el guitarrista de <a href=\"https:\/\/indiehoy.com\/historias\/los-3-mejores-discos-de-pearl-jam\/\" target=\"_blank\" rel=\"noreferrer noopener nofollow\"><strong>Pearl<\/strong> <strong>Jam<\/strong><\/a>. En una entrevista con la revista Rolling Stone en 2014, no solo expres\u00f3 su fanatismo por Kiss, sino que hasta <strong>se anim\u00f3 a decir que \u00aberan los Beatles\u00bb de su juventud<\/strong>.<\/p>\n<p>\u201cRecuerdo estar en un autob\u00fas escolar en sexto grado en 1976 con mi amigo Rick Friel, quien con el tiempo toc\u00f3 en la banda Shadow de mi instituto\u201d, cont\u00f3 el violero nacido en Pensacola. \u201c\u00c9l ten\u00eda una lonchera con la imagen de Kiss. \u2019\u00bfQu\u00e9 es eso?\u2019, pregunt\u00e9. Luego me puso m\u00fasica y me enganch\u00e9 al instante. Despu\u00e9s <strong>tuve una habitaci\u00f3n de Kiss y empec\u00e9 a tocar la guitarra. Para m\u00ed eran los Beatles. Son la raz\u00f3n por la que empec\u00e9 a tocar m\u00fasica<\/strong>\u00ab.<\/p>\n<p>Acto seguido, asegur\u00f3 que \u00ab<strong>eran m\u00e1s grandes que la vida misma, con ese algo intangible en el que pienso constantemente.<\/strong> [&#8230;] Me encant\u00f3 [el disco] Alive!. &#8216;Black Diamond&#8217; me dej\u00f3 alucinado. <a href=\"https:\/\/indiehoy.com\/historias\/5-canciones-por-las-que-ace-frehley-sentia-mucho-orgullo\/\" target=\"_blank\" rel=\"noreferrer noopener nofollow\"><strong>Ace<\/strong> <strong>Frehley<\/strong><\/a> subi\u00f3 al escenario y lo hizo con nosotros en el Madison Square Garden hace unos a\u00f1os, lo cual fue un momento clave en mi vida. Cuando ten\u00eda 13, ni en un mill\u00f3n de a\u00f1os pens\u00e9 que siquiera hablar\u00eda con \u00e9l; probablemente me desmayar\u00eda. \u00a1Y ac\u00e1 estoy, tocando m\u00fasica con \u00e9l!\u00bb.<\/p>\n","protected":false},"excerpt":{"rendered":"Kiss fue una de las bandas m\u00e1s influyentes de todos los tiempos. A lo largo de su carrera,&hellip;\n","protected":false},"author":2,"featured_media":289446,"comment_status":"","ping_status":"","sticky":false,"template":"","format":"standard","meta":{"footnotes":""},"categories":[170],"tags":[146,147,25,24,4272,69511,184,185,23],"class_list":{"0":"post-289445","1":"post","2":"type-post","3":"status-publish","4":"format-standard","5":"has-post-thumbnail","7":"category-musica","8":"tag-entertainment","9":"tag-entretenimiento","10":"tag-es","11":"tag-espana","12":"tag-kiss","13":"tag-mike-mccready","14":"tag-music","15":"tag-musica","16":"tag-spain"},"share_on_mastodon":{"url":"https:\/\/pubeurope.com\/@es\/115723398410612640","error":""},"_links":{"self":[{"href":"https:\/\/www.europesays.com\/es\/wp-json\/wp\/v2\/posts\/289445","targetHints":{"allow":["GET"]}}],"collection":[{"href":"https:\/\/www.europesays.com\/es\/wp-json\/wp\/v2\/posts"}],"about":[{"href":"https:\/\/www.europesays.com\/es\/wp-json\/wp\/v2\/types\/post"}],"author":[{"embeddable":true,"href":"https:\/\/www.europesays.com\/es\/wp-json\/wp\/v2\/users\/2"}],"replies":[{"embeddable":true,"href":"https:\/\/www.europesays.com\/es\/wp-json\/wp\/v2\/comments?post=289445"}],"version-history":[{"count":0,"href":"https:\/\/www.europesays.com\/es\/wp-json\/wp\/v2\/posts\/289445\/revisions"}],"wp:featuredmedia":[{"embeddable":true,"href":"https:\/\/www.europesays.com\/es\/wp-json\/wp\/v2\/media\/289446"}],"wp:attachment":[{"href":"https:\/\/www.europesays.com\/es\/wp-json\/wp\/v2\/media?parent=289445"}],"wp:term":[{"taxonomy":"category","embeddable":true,"href":"https:\/\/www.europesays.com\/es\/wp-json\/wp\/v2\/categories?post=289445"},{"taxonomy":"post_tag","embeddable":true,"href":"https:\/\/www.europesays.com\/es\/wp-json\/wp\/v2\/tags?post=289445"}],"curies":[{"name":"wp","href":"https:\/\/api.w.org\/{rel}","templated":true}]}}