{"id":289471,"date":"2025-12-15T11:58:09","date_gmt":"2025-12-15T11:58:09","guid":{"rendered":"https:\/\/www.europesays.com\/es\/289471\/"},"modified":"2025-12-15T11:58:09","modified_gmt":"2025-12-15T11:58:09","slug":"el-prodigio-terrenal-de-fernando-torres-como-entrenador-del-filial-lider-del-atletico","status":"publish","type":"post","link":"https:\/\/www.europesays.com\/es\/289471\/","title":{"rendered":"El prodigio terrenal de Fernando Torres como entrenador del filial l\u00edder del Atl\u00e9tico"},"content":{"rendered":"<p data-mrf-recirculation=\"Links P\u00e1rrafos\" class=\"ue-c-article__paragraph paragraph ue-c-article--first-letter-highlighted\">El <strong>Atl\u00e9tico Madrile\u00f1o<\/strong> que entrena Fernando Torres se <a href=\"https:\/\/www.marca.com\/futbol\/atletico\/2025\/12\/14\/atletico-madrileno-sigue-imparable-liderato.html\" rel=\"nofollow noopener\" target=\"_blank\"><strong>impuso 1-0 al Sevilla Atl\u00e9tico<\/strong><\/a> en la Ciudad Deportiva Alcal\u00e1 de Henares para <a href=\"https:\/\/www.marca.com\/futbol\/primera-rfef\/clasificacion\/grupo-2.html\" rel=\"nofollow noopener\" target=\"_blank\"><strong>consolidarse en el liderato del Grupo II de Primera Federaci\u00f3n<\/strong><\/a>.<\/p>\n<p>Mart\u00edn Bellotti, el goleador del Atl\u00e9tico Madrile\u00f1o que se foj\u00f3 en Argentina<\/p>\n<p data-mrf-recirculation=\"Links P\u00e1rrafos\" class=\"ue-c-article__paragraph paragraph\"><strong>Mart\u00edn Bellotti<\/strong>, centrocampista italoargentino formado en las categor\u00edas inferiores de <strong>Newell&#8217;s Old Boy<\/strong>s y que fich\u00f3 el Atl\u00e9tico en verano procedente del  <strong>CF Intercity<\/strong>, fue el autor del gol que alarga la racha rojiblanca hasta los <strong>cuatro triunfos en los \u00faltimos cinco partidos<\/strong>.<\/p>\n<p data-mrf-recirculation=\"Links P\u00e1rrafos\" class=\"ue-c-article__paragraph paragraph\">\u00abLo pudimos sacar adelante. Estoy muy contento por todo lo que pueda sumar al equipo. Estoy feliz. Tenemos que seguir en nuestra l\u00ednea\u00bb, declar\u00f3 Mart\u00edn Bellotti tras el partido.<\/p>\n<p>Fernando Torres: \u00abEstoy muy contento con el compromiso de este grupo\u00bb<\/p>\n<p data-mrf-recirculation=\"Links P\u00e1rrafos\" class=\"ue-c-article__paragraph paragraph\"><a href=\"https:\/\/www.marca.com\/futbol\/primera-rfef\/2025\/11\/17\/fernando-torres-50-partidos-entrenador-atletico-madrileno-lider-numeros-exito.html\" rel=\"nofollow noopener\" target=\"_blank\"><strong>Fernando Torres<\/strong><\/a> comparti\u00f3, tras sumar tres nuevos puntos con el filial del Atl\u00e9tico, que \u00abha sido un partido muy complicado, tal y como preve\u00edamos\u00bb.<\/p>\n<p data-mrf-recirculation=\"Links P\u00e1rrafos\" class=\"ue-c-article__paragraph paragraph\">\u00abEstoy muy contento con el compromiso de este grupo\u00bb, subray\u00f3 el t\u00e9cnico madrile\u00f1o de 41 a\u00f1os.<\/p>\n<p><img decoding=\"async\" width=\"680\" height=\"615\" class=\"ue-c-article__image lazyload\" alt=\"El milagro terrenal de Fernando Torres como entrenador del filial del Atl\u00e9tico\" loading=\"lazy\" src=\"https:\/\/www.europesays.com\/es\/wp-content\/uploads\/2025\/12\/693fdc65aeb2b.jpeg\"\/><\/p>\n<p>El milagro terrenal de Fernando Torres como entrenador del filial del Atl\u00e9ticoAtl\u00e9tico de Madrid<\/p>\n<p data-mrf-recirculation=\"Links P\u00e1rrafos\" class=\"ue-c-article__paragraph paragraph\">El Atl\u00e9tico Madrile\u00f1o es l\u00edder de su grupo con 33 puntos, seguido por Europa (29), Sabadell (29), Teruel (26) y Gimn\u00e1stic (25).<\/p>\n<p data-mrf-recirculation=\"Links P\u00e1rrafos\" class=\"ue-c-article__paragraph paragraph\">Javier Bo\u00f1ar, Dani Martinez, Javi Serrano, Rayane Belaid, Jano Monserrate, Mart\u00edn Bellotti, Javi Morcillo, Omar Janneh, Iker Luque, Koke Mota, Miguel Cubo y Arnau Ortiz (7 goles) forman la columna vertebral del exitoso Atl\u00e9tico Madrile\u00f1o que ha construido Fernando Torres.<\/p>\n<p>Ficha t\u00e9cnica del Atl\u00e9tico Madrile\u00f1o 1-0 Sevilla Atl\u00e9tico<\/p>\n<p data-mrf-recirculation=\"Links P\u00e1rrafos\" class=\"ue-c-article__paragraph paragraph\"><strong>Atl\u00e9tico Madrile\u00f1o:<\/strong> Esquivel, Bo\u00f1ar (A&#8217; 89), Puric, Dani Mart\u00ednez, Julio D\u00edaz, Javi Serrano, Bellotti (92&#8242; Castillo), Rayane (92&#8242; Morcillo), Iker Luque (65&#8242; Jano), Arnau (65&#8242; Koke Mota) y Cubo (82&#8242; Sits). Entrenador: Fernando Torres<\/p>\n<p data-mrf-recirculation=\"Links P\u00e1rrafos\" class=\"ue-c-article__paragraph paragraph\"><strong>Sevilla Atl\u00e9tico: <\/strong>Rafa Romero, Espi\u00f1eira (82&#8242; Miguel), Jalade, Sergio Mart\u00ednez, Pablo Rivera (82&#8242; Altozano A&#8217;96), Nico Guill\u00e9n, Collado (63&#8242; Alexis Ciria), Bakary (63&#8242; Alcaide) Sow (A26&#8242;), Raihani (46&#8242; Isra Dom\u00ednguez) e Ibra. Entrenador: Luci Mart\u00edn<\/p>\n","protected":false},"excerpt":{"rendered":"El Atl\u00e9tico Madrile\u00f1o que entrena Fernando Torres se impuso 1-0 al Sevilla Atl\u00e9tico en la Ciudad Deportiva Alcal\u00e1&hellip;\n","protected":false},"author":2,"featured_media":289472,"comment_status":"","ping_status":"","sticky":false,"template":"","format":"standard","meta":{"footnotes":""},"categories":[268],"tags":[168,25,24,280,282,281,23,167],"class_list":{"0":"post-289471","1":"post","2":"type-post","3":"status-publish","4":"format-standard","5":"has-post-thumbnail","7":"category-futbol","8":"tag-deportes","9":"tag-es","10":"tag-espana","11":"tag-football","12":"tag-futbol","13":"tag-soccer","14":"tag-spain","15":"tag-sports"},"share_on_mastodon":{"url":"https:\/\/pubeurope.com\/@es\/115723470003691672","error":""},"_links":{"self":[{"href":"https:\/\/www.europesays.com\/es\/wp-json\/wp\/v2\/posts\/289471","targetHints":{"allow":["GET"]}}],"collection":[{"href":"https:\/\/www.europesays.com\/es\/wp-json\/wp\/v2\/posts"}],"about":[{"href":"https:\/\/www.europesays.com\/es\/wp-json\/wp\/v2\/types\/post"}],"author":[{"embeddable":true,"href":"https:\/\/www.europesays.com\/es\/wp-json\/wp\/v2\/users\/2"}],"replies":[{"embeddable":true,"href":"https:\/\/www.europesays.com\/es\/wp-json\/wp\/v2\/comments?post=289471"}],"version-history":[{"count":0,"href":"https:\/\/www.europesays.com\/es\/wp-json\/wp\/v2\/posts\/289471\/revisions"}],"wp:featuredmedia":[{"embeddable":true,"href":"https:\/\/www.europesays.com\/es\/wp-json\/wp\/v2\/media\/289472"}],"wp:attachment":[{"href":"https:\/\/www.europesays.com\/es\/wp-json\/wp\/v2\/media?parent=289471"}],"wp:term":[{"taxonomy":"category","embeddable":true,"href":"https:\/\/www.europesays.com\/es\/wp-json\/wp\/v2\/categories?post=289471"},{"taxonomy":"post_tag","embeddable":true,"href":"https:\/\/www.europesays.com\/es\/wp-json\/wp\/v2\/tags?post=289471"}],"curies":[{"name":"wp","href":"https:\/\/api.w.org\/{rel}","templated":true}]}}