{"id":289489,"date":"2025-12-15T12:08:09","date_gmt":"2025-12-15T12:08:09","guid":{"rendered":"https:\/\/www.europesays.com\/es\/289489\/"},"modified":"2025-12-15T12:08:09","modified_gmt":"2025-12-15T12:08:09","slug":"un-inexplicable-error-la-app-fotos-de-ios-26-tine-de-rojo-las-fotos-de-los-iphone-smartphones-smartlife","status":"publish","type":"post","link":"https:\/\/www.europesays.com\/es\/289489\/","title":{"rendered":"Un inexplicable error la app Fotos de iOS 26 ti\u00f1e de rojo las fotos de los iPhone | Smartphones | Smartlife"},"content":{"rendered":"<p class=\"\">Apple siempre ha buscado ofrecer una experiencia cerrada y controlada, evitando que los servicios y dispositivos Android se integren f\u00e1cilmente en su ecosistema. Sin embargo, un reciente <b>error en iOS 26<\/b> est\u00e1 generando un problema inesperado que afecta a la visualizaci\u00f3n de im\u00e1genes en la <b>aplicaci\u00f3n Fotos del iPhone<\/b>. Este fallo ha sorprendido a los usuarios y que, lo cierto, es algo inexplicable.<\/p>\n<p>\u00bfEn qu\u00e9 consiste el fallo?<\/p>\n<p class=\"\">Desde hace un tiempo, usuarios de iPhone <a href=\"https:\/\/www.reddit.com\/r\/ios\/comments\/1optavh\/ios_26_bug_photo_turns_red_when_zoomed_in\/\" target=\"_blank\" rel=\"nofollow noopener\" title=\"https:\/\/www.reddit.com\/r\/ios\/comments\/1optavh\/ios_26_bug_photo_turns_red_when_zoomed_in\/\">han reportado<\/a> en foros y redes sociales que algunas <b>fotos hechas con dispositivos Android<\/b>, al ser visualizadas en la app Fotos de iOS 26, adquieren <b>un tono rojo intenso al hacer zoom<\/b>. Curiosamente, las miniaturas se muestran con colores normales, lo que hace que el problema pase desapercibido hasta que se ampl\u00eda la imagen.<\/p>\n<p class=\"\">Este comportamiento no se limita \u00fanicamente a im\u00e1genes procedentes de Android. Aunque la mayor\u00eda de los casos involucran modelos como el Moto Razr o el Samsung Galaxy S24, tambi\u00e9n se han reportado incidencias con fotos tomadas en<a href=\"https:\/\/cincodias.elpais.com\/smartlife\/2023\/09\/28\/smartphones\/1695886878_600625.html\" rel=\"nofollow noopener\" target=\"_blank\"> un iPhone 15<\/a> y visualizadas en un modelo posterior de la firma de Cupertino (pero esto es mucho menos habitual). Esto sugiere que el error podr\u00eda estar relacionado con la <b>interpretaci\u00f3n de perfiles de color <\/b>m\u00e1s que con el origen del dispositivo.<\/p>\n<p>\u00bfCu\u00e1ndo ocurre y qu\u00e9 lo provoca?<\/p>\n<p class=\"\">El fallo aparece de forma aleatoria y no afecta a todas las im\u00e1genes. Seg\u00fan las hip\u00f3tesis m\u00e1s s\u00f3lidas, el problema podr\u00eda deberse a <b>incompatibilidades<\/b> en los est\u00e1ndares HDR o a errores en la lectura de los metadatos de color por parte de la app Fotos. Diferencias en la forma en que Android y iOS gestionan los perfiles de color podr\u00edan ser la ra\u00edz del conflicto.<\/p>\n<p class=\"\">Adem\u00e1s, algunos usuarios han se\u00f1alado que, al intentar <b>editar la foto<\/b> afectada, esta se vuelve completamente gris, lo que a\u00f1ade m\u00e1s confusi\u00f3n al problema a la hora de detectar lo que ocurre.<\/p>\n<p class=\"\">Es importante indicar que, por el momento, el error <b>no se ha solucionado<\/b>, por lo que persiste incluso despu\u00e9s de las actualizaciones menores, <a href=\"https:\/\/cincodias.elpais.com\/smartlife\/smartphones\/2025-11-03\/ios-261-estable-llegada-novedades.html\" rel=\"nofollow noopener\" target=\"_blank\">como iOS 26.1<\/a> y la reciente iOS 26.2. Apple no ha emitido ning\u00fan comunicado oficial ni ha reconocido p\u00fablicamente el fallo, lo que mantiene la incertidumbre entre los usuarios que esperan una soluci\u00f3n definitiva.<\/p>\n<p>\u00bfHay alguna soluci\u00f3n temporal?<\/p>\n<p class=\"\">Afortunadamente, por lo que parece, existe un m\u00e9todo sencillo para recuperar la apariencia original de las fotos afectadas. Basta con abrir la imagen en la app Fotos, pulsar en <b>Editar<\/b> y, a continuaci\u00f3n, seleccionar <b>Revertir<\/b> en la esquina superior derecha. Este proceso elimina el filtro rojo y devuelve la foto a su estado normal. Eso s\u00ed, hay que repetirlo manualmente para cada imagen, lo que puede resultar tedioso si el problema afecta a muchas fotos.<\/p>\n<p><img alt=\"C\u00e1mara trasera del iPhone 17 Pro de color naranja\" decoding=\"auto\" class=\"_re lazyload a_m-h\" height=\"239\"  width=\"414\"  src=\"https:\/\/www.europesays.com\/es\/wp-content\/uploads\/2025\/12\/A5TK2QJPXFHH3ETOGJZ6HVBORQ.jpg\" loading=\"lazy\"\/>C\u00e1mara trasera del iPhone 17 ProApple\u00bfPor qu\u00e9 ocurre solo al hacer zoom?<\/p>\n<p class=\"\">Este detalle es clave, y por ahora no hay <b>nada oficial<\/b> que d\u00e9 luz. Eso s\u00ed, recordamos que el error no se aprecia en las miniaturas, lo que indica que el fallo se activa cuando la aplicaci\u00f3n procesa la imagen en tama\u00f1o completo. Esto refuerza la teor\u00eda de que se trata de un problema relacionado con la interpretaci\u00f3n de perfiles de color incrustados en las fotos.<\/p>\n<p class=\"\">En plataformas como Reddit, los comentarios van desde la sorpresa hasta la <b>frustraci\u00f3n<\/b>. Algunos usuarios lo ven como una curiosidad tecnol\u00f3gica, mientras que otros exigen una respuesta r\u00e1pida por parte de Apple. La comunidad ha compartido capturas y v\u00eddeos mostrando c\u00f3mo las fotos cambian de color al ampliarlas, lo que ha ayudado a visibilizar el problema.<\/p>\n","protected":false},"excerpt":{"rendered":"Apple siempre ha buscado ofrecer una experiencia cerrada y controlada, evitando que los servicios y dispositivos Android se&hellip;\n","protected":false},"author":2,"featured_media":289490,"comment_status":"","ping_status":"","sticky":false,"template":"","format":"standard","meta":{"footnotes":""},"categories":[81],"tags":[7009,2823,119,123,124,2308,25,24,2824,2822,13368,117,121,122,23,118,120,2307],"class_list":{"0":"post-289489","1":"post","2":"type-post","3":"status-publish","4":"format-standard","5":"has-post-thumbnail","7":"category-ciencia-y-tecnologia","8":"tag-android","9":"tag-apple","10":"tag-ciencia","11":"tag-ciencia-y-tecnologia","12":"tag-cienciaytecnologia","13":"tag-empresas","14":"tag-es","15":"tag-espana","16":"tag-ios","17":"tag-iphone","18":"tag-moviles","19":"tag-science","20":"tag-science-and-technology","21":"tag-scienceandtechnology","22":"tag-spain","23":"tag-technology","24":"tag-tecnologia","25":"tag-telefonia"},"share_on_mastodon":{"url":"https:\/\/pubeurope.com\/@es\/115723508810911917","error":""},"_links":{"self":[{"href":"https:\/\/www.europesays.com\/es\/wp-json\/wp\/v2\/posts\/289489","targetHints":{"allow":["GET"]}}],"collection":[{"href":"https:\/\/www.europesays.com\/es\/wp-json\/wp\/v2\/posts"}],"about":[{"href":"https:\/\/www.europesays.com\/es\/wp-json\/wp\/v2\/types\/post"}],"author":[{"embeddable":true,"href":"https:\/\/www.europesays.com\/es\/wp-json\/wp\/v2\/users\/2"}],"replies":[{"embeddable":true,"href":"https:\/\/www.europesays.com\/es\/wp-json\/wp\/v2\/comments?post=289489"}],"version-history":[{"count":0,"href":"https:\/\/www.europesays.com\/es\/wp-json\/wp\/v2\/posts\/289489\/revisions"}],"wp:featuredmedia":[{"embeddable":true,"href":"https:\/\/www.europesays.com\/es\/wp-json\/wp\/v2\/media\/289490"}],"wp:attachment":[{"href":"https:\/\/www.europesays.com\/es\/wp-json\/wp\/v2\/media?parent=289489"}],"wp:term":[{"taxonomy":"category","embeddable":true,"href":"https:\/\/www.europesays.com\/es\/wp-json\/wp\/v2\/categories?post=289489"},{"taxonomy":"post_tag","embeddable":true,"href":"https:\/\/www.europesays.com\/es\/wp-json\/wp\/v2\/tags?post=289489"}],"curies":[{"name":"wp","href":"https:\/\/api.w.org\/{rel}","templated":true}]}}