{"id":289500,"date":"2025-12-15T12:20:11","date_gmt":"2025-12-15T12:20:11","guid":{"rendered":"https:\/\/www.europesays.com\/es\/289500\/"},"modified":"2025-12-15T12:20:11","modified_gmt":"2025-12-15T12:20:11","slug":"pablo-laso-analiza-su-primer-partido-con-el-anadolu-efes","status":"publish","type":"post","link":"https:\/\/www.europesays.com\/es\/289500\/","title":{"rendered":"Pablo Laso analiza su primer partido con el Anadolu Efes"},"content":{"rendered":"<p>El entrenador vitoriano dirigi\u00f3 su primer partido con el equipo turco en la liga dom\u00e9stica<\/p>\n<p>La era Pablo Laso ya ha comenzado en Turqu\u00eda. El entrenador vitoriano se estren\u00f3 como <a href=\"https:\/\/www.gigantes.com\/euroliga\/pablo-laso-anadolu-efes\/\" rel=\"nofollow noopener\" target=\"_blank\">nuevo t\u00e9cnico<\/a> del <strong>Anadolu Efes<\/strong> con un partido dur\u00edsimo, el derbi ante <strong>Fenerbah\u00e7e <\/strong>que se resolvi\u00f3 en la pr\u00f3rroga con victoria para el Fener, local en este encuentro (97-94).<\/p>\n<p>Un duelo que supuso el primer partido de Pablo Laso en el banquillo otomano y en el que enfrente tambi\u00e9n tuvo presencia espa\u00f1ola. El entrenador ayudante David Garc\u00eda ocup\u00f3 el puesto en el banquillo del Fenerbah\u00e7e de Saras Jasikevicius, que se ausent\u00f3 por el fallecimiento de su suegro.<\/p>\n<p>Tras el partido, Pablo Laso <a href=\"https:\/\/www.anadoluefessk.org\/tr\/news\/G1VZB-MhW5F8nYg607keng==\" rel=\"nofollow noopener\" target=\"_blank\">analiz\u00f3 <\/a>la derrota del Anadolu Efes:<\/p>\n<p>Tengo una buena opini\u00f3n de mis jugadores. Fue uno de los partidos fuera de casa m\u00e1s complicados de Europa y perdimos el partido en el \u00faltimo tiro. <\/p>\n<p>Claro, cuando llegue a casa pensar\u00e9 en qu\u00e9 nos equivocamos. Por ahora, felicito a mis jugadores por su esfuerzo. <\/p>\n<p>Estoy contento de haber comenzado mi carrera como entrenador en Turqu\u00eda de esta manera. No estoy satisfecho con el resultado, pero s\u00ed con la reacci\u00f3n de mis jugadores. Mis jugadores demostraron car\u00e1cter.<\/p>\n<p> Claro que necesitamos mejorar, pero demostramos desde el salto inicial que podemos competir. Necesitamos mejorar. Necesitamos tiempo, pero con un calendario tan apretado, no es f\u00e1cil pedirlo. Ahora mismo, mi objetivo es competir con nuestros jugadores al d\u00eda siguiente.<\/p>\n<p>El equipo turco contin\u00faa arrastrando las bajas de Shane Larkin, PJ Dozier, Georgios Papagiannis y Burak Can Y\u0131ld\u0131zl\u0131, todos ellos lesionados.<\/p>\n<p>Te puede interesar: <strong><a href=\"https:\/\/www.gigantes.com\/euroliga\/situacion-anadolu-efes-pablo-laso\/\" rel=\"nofollow noopener\" target=\"_blank\">\u00bfQu\u00e9 se va a encontrar Pablo Laso en el Anadolu Efes? An\u00e1lisis de la situaci\u00f3n del equipo turco<\/a><\/strong><\/p>\n","protected":false},"excerpt":{"rendered":"El entrenador vitoriano dirigi\u00f3 su primer partido con el equipo turco en la liga dom\u00e9stica La era Pablo&hellip;\n","protected":false},"author":2,"featured_media":289501,"comment_status":"","ping_status":"","sticky":false,"template":"","format":"standard","meta":{"footnotes":""},"categories":[269],"tags":[63041,299,298,20089,168,25,24,24503,17591,23,167],"class_list":{"0":"post-289500","1":"post","2":"type-post","3":"status-publish","4":"format-standard","5":"has-post-thumbnail","7":"category-baloncesto","8":"tag-anadolu-efes","9":"tag-baloncesto","10":"tag-basketball","11":"tag-david-garcia","12":"tag-deportes","13":"tag-es","14":"tag-espana","15":"tag-fenerbahce","16":"tag-pablo-laso","17":"tag-spain","18":"tag-sports"},"share_on_mastodon":{"url":"https:\/\/pubeurope.com\/@es\/115723555661461494","error":""},"_links":{"self":[{"href":"https:\/\/www.europesays.com\/es\/wp-json\/wp\/v2\/posts\/289500","targetHints":{"allow":["GET"]}}],"collection":[{"href":"https:\/\/www.europesays.com\/es\/wp-json\/wp\/v2\/posts"}],"about":[{"href":"https:\/\/www.europesays.com\/es\/wp-json\/wp\/v2\/types\/post"}],"author":[{"embeddable":true,"href":"https:\/\/www.europesays.com\/es\/wp-json\/wp\/v2\/users\/2"}],"replies":[{"embeddable":true,"href":"https:\/\/www.europesays.com\/es\/wp-json\/wp\/v2\/comments?post=289500"}],"version-history":[{"count":0,"href":"https:\/\/www.europesays.com\/es\/wp-json\/wp\/v2\/posts\/289500\/revisions"}],"wp:featuredmedia":[{"embeddable":true,"href":"https:\/\/www.europesays.com\/es\/wp-json\/wp\/v2\/media\/289501"}],"wp:attachment":[{"href":"https:\/\/www.europesays.com\/es\/wp-json\/wp\/v2\/media?parent=289500"}],"wp:term":[{"taxonomy":"category","embeddable":true,"href":"https:\/\/www.europesays.com\/es\/wp-json\/wp\/v2\/categories?post=289500"},{"taxonomy":"post_tag","embeddable":true,"href":"https:\/\/www.europesays.com\/es\/wp-json\/wp\/v2\/tags?post=289500"}],"curies":[{"name":"wp","href":"https:\/\/api.w.org\/{rel}","templated":true}]}}