{"id":289506,"date":"2025-12-15T12:23:10","date_gmt":"2025-12-15T12:23:10","guid":{"rendered":"https:\/\/www.europesays.com\/es\/289506\/"},"modified":"2025-12-15T12:23:10","modified_gmt":"2025-12-15T12:23:10","slug":"frank-gehry-y-la-autenticidad-de-la-arquitectura-cubana","status":"publish","type":"post","link":"https:\/\/www.europesays.com\/es\/289506\/","title":{"rendered":"Frank Gehry y la autenticidad de la arquitectura cubana"},"content":{"rendered":"<p>La ingeniosa labor del <strong>arquitecto canadiense <\/strong><a href=\"https:\/\/www.admagazine.com\/galerias\/edificios-espectaculares-disenados-por-frank-gehry\" rel=\"nofollow noopener\" target=\"_blank\"><strong>Frank Gehry<\/strong><\/a> le fue reconocida en vida, y ahora, tras su deceso, se multiplican las alabanzas para quien definitivamente pas\u00f3 a la historia como<strong> uno de los grandes maestros de la arquitectura moderna<\/strong>. En su larga trayectoria dot\u00f3 sus inmuebles de una marca personal, inconfundible, que supuso una ruptura con los modos de hacer, sacudiendo los juicios de lo que puede esperarse de un espacio arquitect\u00f3nico.<\/p>\n<p>Los edificios de <strong>Gehry<\/strong>, muchos concebidos como <strong>hitos urbanos<\/strong>, subrayan el <strong>poder expresivo de la arquitectura<\/strong>, difuminando sus l\u00edmites con la escultura. Su propuesta transgresora a nivel compositivo y en el uso de materiales, constatan el poder transformador del objeto arquitect\u00f3nico dentro de un proceso evolutivo org\u00e1nico que ha tenido lugar a lo largo de la historia de la humanidad, pero tambi\u00e9n de su capacidad transformadora dentro del paisaje. \u00a0<\/p>\n<p>Esto le ha llevado a<strong> formar parte del grupo selecto de arquitectos internacionales<\/strong> comisionados en las \u00faltimas d\u00e9cadas por varias ciudades para crear estructuras ic\u00f3nicas. Esta pr\u00e1ctica, tan vanidosa como antigua, sit\u00faa a dichas ciudades en el mapa cultural mundial como poseedoras de un <strong>edificio moderno de dise\u00f1o excepcional<\/strong>, m\u00e1s all\u00e1 de su utilidad local como museo, puente, sala de conciertos, etc. Al mismo tiempo, la nueva obra presume el poder econ\u00f3mico de quien ha sido capaz de pagar cifras estrafalarias por su factura. \u00a0<\/p>\n<p>El propio <strong>Gehry<\/strong> se revaloriz\u00f3 de la misma manera que un artista pl\u00e1stico, si observamos los presupuestos de algunas de sus obras m\u00e1s conocidas. Del <strong>Museo Guggenheim de Bilbao<\/strong> (1997), por ejemplo, se han descrito cifras que oscilan entre 84 y 132 millones de euros; el <strong>Disney Concert Hall<\/strong> (2003), de los \u00c1ngeles, cost\u00f3 entre 215 y 274 millones de d\u00f3lares; la <strong>Fundaci\u00f3n Louis Vuitton<\/strong> (2014), en Par\u00eds, 800 millones de euros; y las nuevas instalaciones de la corporaci\u00f3n Facebook (2018) en California, redundaron los 17.000 millones de d\u00f3lares.<\/p>\n<p>Independientemente de la exactitud de los n\u00fameros que reflejan distintas fuentes, es evidente que la exclusividad de su car\u00e1cter trasciende los l\u00edmites de la realidad constructiva, y que su poder simb\u00f3lico no solo acompa\u00f1a el espacio f\u00edsico. Llevando nuevamente la mirada al objeto arquitect\u00f3nico, las obras de <strong>Gehry<\/strong>, como la de otros maestros modernos, alcanzan una fuerza centr\u00edpeta all\u00e1 donde se plantan y esto tiene un impacto significativo en el contexto urbano.<\/p>\n<p><strong>La Habana<\/strong> no tuvo la capacidad financiera para coleccionar una obra de <strong>Gehry<\/strong>. Sin embargo, en estos d\u00edas que tanto se le recuerda, me gusta pensar que s\u00ed fue objeto de un mensaje poderoso, tanto m\u00e1s venido de genio moderno absoluto. La primera vez que <strong>Frank Gehry visit\u00f3 La Habana <\/strong>fue en el a\u00f1o 2000. En 2015 volvi\u00f3 y tuvo la experiencia completa de arribar a la bah\u00eda en barco, caminar el centro hist\u00f3rico con Eusebio Leal y visitar las <a href=\"https:\/\/diariodecuba.com\/cuba\/1709464751_53239.html\" rel=\"nofollow noopener\" target=\"_blank\">Escuelas de Arte<\/a> con uno de sus art\u00edfices, <a href=\"https:\/\/diariodecuba.com\/cultura\/1503338809_33425.html\" rel=\"nofollow noopener\" target=\"_blank\">Roberto Gottardi<\/a>. Se infiere que tuvo la oportunidad de observar el gran abanico de lenguajes que define <a href=\"https:\/\/diariodecuba.com\/cultura\/1736078519_59123.html\" rel=\"nofollow noopener\" target=\"_blank\">nuestro patrimonio urbano<\/a> y sus din\u00e1micas.<\/p>\n<p>De un encuentro sostenido con artistas y arquitectos cubanos en la UNEAC, as\u00ed como en declaraciones que hizo a Habana Radio, queda su impresi\u00f3n sobre <strong>La Habana y su futuro<\/strong>, donde reconoci\u00f3 su enorme valor como ciudad hist\u00f3rica y alert\u00f3 sobre los cambios que han puesto en peligro la visualidad de otros paisajes tradicionales, trastocando los modos de vida y las costumbres.<\/p>\n<p>\u00abLa historia es m\u00e1s hermosa que la modernidad, el hecho de que encontremos m\u00e1s esta \u00faltima, es solo una raz\u00f3n adicional\u00a0para preocuparse\u00bb. Por lo que previno, \u00abdebemos preocuparnos por c\u00f3mo proteger el patrimonio que ya tenemos, que ha sido salvaguardado durante tanto tiempo\u00bb.<\/p>\n<p>\u00abUstedes saben que <strong>Cuba<\/strong> est\u00e1 en el centro de atenci\u00f3n de mucha gente y en un futuro inmediato atraer\u00e1 a muchos inversionistas, particularmente en el sector tur\u00edstico, pero estoy seguro de que ustedes sabr\u00e1n ser cuidadosos con los proyectos\u00bb, dijo. Basado en experiencias internacionales a\u00f1adi\u00f3: \u00abcuando las relaciones con EEUU se normalicen, hay que tener presente que la ciudad no comience a parecerse a cualquier otra\u00bb.<\/p>\n<p>Estas reflexiones dirigidas a <strong>La Habana<\/strong> por quien dedic\u00f3 su vida a irrumpir con la tradici\u00f3n son, cuanto menos, reveladoras. Tampoco son ajenas al sentir de muchos <strong>arquitectos cubanos<\/strong> y coinciden con lo que otros especialistas extranjeros han planteado para <strong>Cuba<\/strong>. Viene a mi mente las charlas en el Capitolio de La Habana, en 2004, del arquitecto <strong>Andr\u00e9s Duany<\/strong>, considerado una de las principales figuras del Movimiento del Nuevo Urbanismo en EEUU. \u00a0<\/p>\n<p><strong>Cuba<\/strong> causa fascinaci\u00f3n como una joya detenida en el tiempo, a pesar de lo profundamente deteriorado que se encuentra su paisaje urbano. Esto impone metas enormes y urgentes, e irremediablemente continuas p\u00e9rdidas. Sin embargo, los especialistas valoran su condici\u00f3n \u00fanica como espacio hist\u00f3rico preservado a gran escala, que <strong>no lleg\u00f3 a sufrir el urbanismo moderno tecnocr\u00e1tico<\/strong> que ha privilegiado el modelo de dispersi\u00f3n suburbana con casitas y condominios, la zonificaci\u00f3n, las grandes torres y el uso intensivo del autom\u00f3vil.<\/p>\n<p>En su base, de <strong>La Habana<\/strong> se aprecia el balance que tiene entre el dise\u00f1o urbano y la arquitectura que lo completa, la pervivencia espont\u00e1nea de funciones (vivienda, comercio, ocio, oficinas, etc.) y el poder medir a distancia peatonal el acceso a las necesidades b\u00e1sicas diarias (mercado, farmacia, colegio, etc.).<\/p>\n<p>Sobre esto ampliaremos en el art\u00edculo siguiente. Antes de terminar este art\u00edculo que enlaza al premio Pritzker de Arquitectura, <strong>Frank Gehry<\/strong>, con lo cubano, me gustar\u00eda apuntar su relaci\u00f3n directa con una obra de <strong>dos arquitectos cubanos en Miami<\/strong>: la antigua sede del emporio Bacard\u00ed. Adquirida en 2012 por la National Young Arts Foundation, fue remozada por <strong>Gehry<\/strong> para adecuar el dise\u00f1o interior a las nuevas funciones de la instituci\u00f3n cultural. De este modo, el conjunto moderno de la torre dise\u00f1ada por <strong>Enrique Guti\u00e9rrez<\/strong> en 1963, y el volumen horizontal de<strong> Ignacio Carrera-J\u00fastiz<\/strong>, de 1972, incorpor\u00f3 en 2013 el nuevo dise\u00f1o espacial del genio canadiense.\u00a0<\/p>\n","protected":false},"excerpt":{"rendered":"La ingeniosa labor del arquitecto canadiense Frank Gehry le fue reconocida en vida, y ahora, tras su deceso,&hellip;\n","protected":false},"author":2,"featured_media":289507,"comment_status":"","ping_status":"","sticky":false,"template":"","format":"standard","meta":{"footnotes":""},"categories":[173],"tags":[801,229,233,231,230,232,234,146,147,25,24,39673,23,2965],"class_list":{"0":"post-289506","1":"post","2":"type-post","3":"status-publish","4":"format-standard","5":"has-post-thumbnail","7":"category-arte-y-diseno","8":"tag-arquitectura","9":"tag-arte","10":"tag-arte-y-diseno","11":"tag-arts","12":"tag-arts-and-design","13":"tag-design","14":"tag-diseno","15":"tag-entertainment","16":"tag-entretenimiento","17":"tag-es","18":"tag-espana","19":"tag-la-habana","20":"tag-spain","21":"tag-urbanismo"},"share_on_mastodon":{"url":"https:\/\/pubeurope.com\/@es\/115723567351744320","error":""},"_links":{"self":[{"href":"https:\/\/www.europesays.com\/es\/wp-json\/wp\/v2\/posts\/289506","targetHints":{"allow":["GET"]}}],"collection":[{"href":"https:\/\/www.europesays.com\/es\/wp-json\/wp\/v2\/posts"}],"about":[{"href":"https:\/\/www.europesays.com\/es\/wp-json\/wp\/v2\/types\/post"}],"author":[{"embeddable":true,"href":"https:\/\/www.europesays.com\/es\/wp-json\/wp\/v2\/users\/2"}],"replies":[{"embeddable":true,"href":"https:\/\/www.europesays.com\/es\/wp-json\/wp\/v2\/comments?post=289506"}],"version-history":[{"count":0,"href":"https:\/\/www.europesays.com\/es\/wp-json\/wp\/v2\/posts\/289506\/revisions"}],"wp:featuredmedia":[{"embeddable":true,"href":"https:\/\/www.europesays.com\/es\/wp-json\/wp\/v2\/media\/289507"}],"wp:attachment":[{"href":"https:\/\/www.europesays.com\/es\/wp-json\/wp\/v2\/media?parent=289506"}],"wp:term":[{"taxonomy":"category","embeddable":true,"href":"https:\/\/www.europesays.com\/es\/wp-json\/wp\/v2\/categories?post=289506"},{"taxonomy":"post_tag","embeddable":true,"href":"https:\/\/www.europesays.com\/es\/wp-json\/wp\/v2\/tags?post=289506"}],"curies":[{"name":"wp","href":"https:\/\/api.w.org\/{rel}","templated":true}]}}