{"id":289524,"date":"2025-12-15T12:33:30","date_gmt":"2025-12-15T12:33:30","guid":{"rendered":"https:\/\/www.europesays.com\/es\/289524\/"},"modified":"2025-12-15T12:33:30","modified_gmt":"2025-12-15T12:33:30","slug":"el-pinochetismo-reconquista-chile-victoria-electoral-de-kast-que-sera-nuevo-presidente-el-salto","status":"publish","type":"post","link":"https:\/\/www.europesays.com\/es\/289524\/","title":{"rendered":"El pinochetismo reconquista Chile: victoria electoral de Kast, que ser\u00e1 nuevo presidente &#8211; El Salto"},"content":{"rendered":"<p>No hubo sorpresa y s\u00ed una brecha m\u00e1s amplia de la esperada. El ultraderechista\u00a0Jos\u00e9 Antonio Kast ha ganado las elecciones y ser\u00e1 nuevo presidente de Chile. Su triunfo se ha certificado en las 16 regiones del pa\u00eds. Kast obtuvo el 58,16% de los votos, mientras que la ministra de Trabajo del Gobierno saliente, Jeannette Jara, solo alcanz\u00f3 el 41,84%. Los an\u00e1lisis coinciden en que el que en marzo ser\u00e1 presidente del pa\u00eds <a href=\"https:\/\/www.elsaltodiario.com\/chile\/jara-kast-buscan-centro-voto-definira-presidencia-chile\" target=\"_blank\" rel=\"nofollow noopener\">ha absorbido el voto<\/a>\u00a0de Franco Parisi, tercero en la primera vuelta, que no hab\u00eda respaldado a ninguno de los candidatos de cara a la cita del domingo 14 de diciembre.<\/p>\n<p>En su primer discurso, Kast volvi\u00f3 a incidir en el \u201cmiedo que atormenta a las familias\u201d, de manera consecuente con su campa\u00f1a electoral, que ha basado en el discurso securitario, en la promesa de mano dura y de \u201ccontrol migratorio\u201d. Como en el caso de EEUU, se trataba de plantear cifras para una posible deportaci\u00f3n masiva, y as\u00ed lo hizo Kast en campa\u00f1a, en la que ha amenazado con expulsar a 330.000 personas sin papeles, en su mayor\u00eda llegadas desde Venezuela. Adem\u00e1s, el candidato ha asegurado que construir\u00e1 mayor infraestructura fronteriza (muros, vallas y zanjas) y aumentar\u00e1 el dispositivo militar en los l\u00edmites con Per\u00fa y Bolivia.<\/p>\n<p>Se trata de la tercera vez que Kast se postulaba como presidente. En las oportunidades anteriores, se hab\u00eda centrado en la agenda cat\u00f3lica y en la cr\u00edtica de los m\u00e9todos anticonceptivos, el aborto y la denuncia de los colectivos LGTBIQ. En esta ocasi\u00f3n, cabalgando la ola del trumpismo, su campa\u00f1a ha virado hasta presentar a Chile como un pa\u00eds presa del crimen organizado por la negligencia del presidente Gabriel Boric. Su promesa \u201ca lo Bukele\u201d es\u00a0la construcci\u00f3n de c\u00e1rceles de m\u00e1xima seguridad para dejar a \u201cnarcotraficantes\u201d sin contacto con el exterior.<\/p>\n<p>Como se\u00f1alaba Gaspar Escobar Vallv\u00e9 en un an\u00e1lisis en El Salto, esta narrativa solo ha sido posible gracias a unos medios de comunicaci\u00f3n expertos en la batalla cultural, que han sabido inducir \u00edndices de percepci\u00f3n de inseguridad en la poblaci\u00f3n chilena considerablemente superiores a los de pa\u00edses de la regi\u00f3n con tasas de delitos objetivamente m\u00e1s altas.<\/p>\n<p>Boric ha reconocido la victoria del que ser\u00e1 su predecesor, as\u00ed como tambi\u00e9n Jeanette Jara, cuyos resultados auguran un periodo de reflexi\u00f3n para la izquierda, tocada en el pa\u00eds desde la derrota del refer\u00e9ndum constitucional en 2022. El pobre porcentaje de Jara no le sit\u00faa como l\u00edder incontestable del espacio y existe la posibilidad de que el propio Boric se reclame como candidato, pese al desgaste que la izquierda emergente del estallido social de 2019, achacable a su mandato.<\/p>\n<p>Desde el 11 de marzo del pr\u00f3ximo a\u00f1o hasta 2030 ser\u00e1 el turno de Kast, hijo de un soldado alem\u00e1n que, seg\u00fan se ha sabido, estuvo afiliado al Partido Nazi en la II Guerra Mundial y admirador del dictador Augusto Pinochet, responsable de m\u00e1s de 30.000 muertes y m\u00e1s de mil desapariciones despu\u00e9s de su golpe de Estado. Su hermano,\u00a0Miguel Kast, particip\u00f3 como ministro y desde otros altos cargos en el Gobierno de la dictadura.<\/p>\n<p>El futuro presidente de Chile reconoci\u00f3 haber votado &#8216;s\u00ed&#8217; en el plebiscito convocado por Pinochet en 1988. La derrota inesperada de los militares en aquella votaci\u00f3n abri\u00f3 el actual periodo democr\u00e1tico, si bien muchas de las estructuras de poder, comenzando por la propia Constituci\u00f3n del pa\u00eds, se mantuvieron en pie.<\/p>\n<p>Kast se alinea con la extrema derecha latinoamericana, que ha corrido a celebrar su victoria. Comenzando por Javier Milei y siguiendo por Nayib Bukele, presidente-dictador de El Salvador, de quien Kast ha dicho admirar sus m\u00e9todos de control de la poblaci\u00f3n.\u00a0<\/p>\n","protected":false},"excerpt":{"rendered":"No hubo sorpresa y s\u00ed una brecha m\u00e1s amplia de la esperada. El ultraderechista\u00a0Jos\u00e9 Antonio Kast ha ganado&hellip;\n","protected":false},"author":2,"featured_media":241099,"comment_status":"","ping_status":"","sticky":false,"template":"","format":"standard","meta":{"footnotes":""},"categories":[42],"tags":[17,18,13,14,4975,11,61,62,63,64,19,20,9,10,15,16,12,21,22,65,66,67],"class_list":{"0":"post-289524","1":"post","2":"type-post","3":"status-publish","4":"format-standard","5":"has-post-thumbnail","7":"category-internacional","8":"tag-breaking-news","9":"tag-breakingnews","10":"tag-featured-news","11":"tag-featurednews","12":"tag-global","13":"tag-headlines","14":"tag-internacional","15":"tag-international","16":"tag-international-news","17":"tag-internationalnews","18":"tag-latest-news","19":"tag-latestnews","20":"tag-news","21":"tag-noticias","22":"tag-noticias-destacadas","23":"tag-noticiasdestacadas","24":"tag-titulares","25":"tag-ultimas-noticias","26":"tag-ultimasnoticias","27":"tag-world","28":"tag-world-news","29":"tag-worldnews"},"share_on_mastodon":{"url":"https:\/\/pubeurope.com\/@es\/115723606717709952","error":""},"_links":{"self":[{"href":"https:\/\/www.europesays.com\/es\/wp-json\/wp\/v2\/posts\/289524","targetHints":{"allow":["GET"]}}],"collection":[{"href":"https:\/\/www.europesays.com\/es\/wp-json\/wp\/v2\/posts"}],"about":[{"href":"https:\/\/www.europesays.com\/es\/wp-json\/wp\/v2\/types\/post"}],"author":[{"embeddable":true,"href":"https:\/\/www.europesays.com\/es\/wp-json\/wp\/v2\/users\/2"}],"replies":[{"embeddable":true,"href":"https:\/\/www.europesays.com\/es\/wp-json\/wp\/v2\/comments?post=289524"}],"version-history":[{"count":0,"href":"https:\/\/www.europesays.com\/es\/wp-json\/wp\/v2\/posts\/289524\/revisions"}],"wp:featuredmedia":[{"embeddable":true,"href":"https:\/\/www.europesays.com\/es\/wp-json\/wp\/v2\/media\/241099"}],"wp:attachment":[{"href":"https:\/\/www.europesays.com\/es\/wp-json\/wp\/v2\/media?parent=289524"}],"wp:term":[{"taxonomy":"category","embeddable":true,"href":"https:\/\/www.europesays.com\/es\/wp-json\/wp\/v2\/categories?post=289524"},{"taxonomy":"post_tag","embeddable":true,"href":"https:\/\/www.europesays.com\/es\/wp-json\/wp\/v2\/tags?post=289524"}],"curies":[{"name":"wp","href":"https:\/\/api.w.org\/{rel}","templated":true}]}}