{"id":289566,"date":"2025-12-15T13:07:09","date_gmt":"2025-12-15T13:07:09","guid":{"rendered":"https:\/\/www.europesays.com\/es\/289566\/"},"modified":"2025-12-15T13:07:09","modified_gmt":"2025-12-15T13:07:09","slug":"el-sevilla-avanza-posiciones-para-el-fichaje-de-himad-abdelli-un-amigo-de-bade-y-pape-gueye-que-brilla-en-la-ligue-1","status":"publish","type":"post","link":"https:\/\/www.europesays.com\/es\/289566\/","title":{"rendered":"El Sevilla avanza posiciones para el fichaje de Himad Abdelli, un amigo de Bad\u00e9 y Pape Gueye que brilla en la Ligue 1"},"content":{"rendered":"<p>El director deportivo nervionense, Antonio Cord\u00f3n, sigue peinando el mercado en busca de opciones a coste cero o &#8216;low cost&#8217; para las dos pr\u00f3ximas ventanas de transferencias y desde Francia apuntan que ha echado el lazo a un talentoso mediocentro creativo del Angers SCO que termina contrato el pr\u00f3ximo 30 de junio  <\/p>\n<p class=\"parrafo\">El director deportivo del Sevilla FC, <strong>Antonio Cord\u00f3n<\/strong>, trabaja a destajo para buscar refuerzos para la plantilla de Mat\u00edas Almeyda y lo hace con el h\u00e1ndicap a\u00f1adido de esas conocidas limitaciones que reducen much\u00edsimo el repertorio de futbolistas a los que puede optar. B\u00e1sicamente, en el radar nervionense s\u00f3lo caben agentes libres, jugadores muy pr\u00f3ximos a terminar sus contratos, cedidos o, a lo sumo, efectivos &#8216;low cost&#8217; que est\u00e9n pasando por malos momentos y busquen un lugar para renacer. Luego, dentro de esa tamizada lista hay que buscar talento e incluso un margen para la plusval\u00eda futura. No es nada sencillo, pero a veces surgen opciones interesantes que cumplen con todas esas condicionantes y surgen <strong>oportunidades de mercado como la de<\/strong> <strong>Himad Abdelli<\/strong><strong>, mediocentro creativo del Angers Sporting Club de l&#8217;Ouest que ha empezado a un gran nivel en la Ligue 1 en esta 25\/26<\/strong>, su \u00faltima temporada de contrato y a 16 d\u00edas de ser libre para negociar su fichaje a coste cero con el club que desee. <\/p>\n<p><a class=\"elementos-rel-t2\" href=\"https:\/\/www.estadiodeportivo.com\/futbol\/sevilla-fc\/que-piden-los-sevillistas-antonio-cordon-aficion-tiene-claro-hacen-falta-once-jugadores-nuevos-20251215-523728.html\" title=\"\u00bfQu\u00e9 le piden los sevillistas a Antonio Cord\u00f3n? La afici\u00f3n lo tiene claro: &quot;Hacen falta once jugadores nuevos&quot;\" rel=\"nofollow noopener\" target=\"_blank\"><\/p>\n<p class=\"titular titulo-4\">\u00bfQu\u00e9 le piden los sevillistas a Antonio Cord\u00f3n? La afici\u00f3n lo tiene claro: \u00abHacen falta once jugadores nuevos\u00bb<\/p>\n<p><img decoding=\"async\" src=\"https:\/\/www.europesays.com\/es\/wp-content\/uploads\/2025\/12\/e8da4299-fb9f-454c-9f86-0282f1ae702d_320x180.jpeg\" alt=\"\u00bfQu\u00e9 le piden los sevillistas a Antonio Cord\u00f3n? La afici\u00f3n lo tiene claro: &quot;Hacen falta once jugadores nuevos&quot;\"\/><\/a><a class=\"elementos-rel-t2\" href=\"https:\/\/www.estadiodeportivo.com\/futbol\/sevilla-fc\/sevilla-interesa-por-affengruber-pero-elche-pone-muy-dificil-central-revelacion-laliga-enamora-media-europa-20251210-523185.html\" title=\"El Sevilla se interesa por Affengruber, pero el Elche lo pone muy dif\u00edcil: el central revelaci\u00f3n de LaLiga enamora a media Europa\" rel=\"nofollow noopener\" target=\"_blank\"><\/p>\n<p class=\"titular titulo-4\">El Sevilla se interesa por Affengruber, pero el Elche lo pone muy dif\u00edcil: el central revelaci\u00f3n de LaLiga enamora a media Europa<\/p>\n<p><img decoding=\"async\" src=\"https:\/\/www.europesays.com\/es\/wp-content\/uploads\/2025\/12\/e337f4b6-b7fa-4841-bc70-c8349751c810_320x180.jpeg\" alt=\"El Sevilla se interesa por Affengruber, pero el Elche lo pone muy dif\u00edcil: el central revelaci\u00f3n de LaLiga enamora a media Europa\"\/><\/a><a class=\"elementos-rel-t2\" href=\"https:\/\/www.estadiodeportivo.com\/futbol\/sevilla-fc\/catalogo-ventas-del-sevilla-para-mercado-fichajes-enero-carmona-vargas-agoume-juanlu-akor-adams-20251213-523588.html\" title=\"El cat\u00e1logo de ventas del Sevilla para el mercado de fichajes de enero: Carmona, Vargas, Agoum\u00e9, Juanlu y... \u00bfAkor Adams?  \" rel=\"nofollow noopener\" target=\"_blank\"><\/p>\n<p class=\"titular titulo-4\">El cat\u00e1logo de ventas del Sevilla para el mercado de fichajes de enero: Carmona, Vargas, Agoum\u00e9, Juanlu y&#8230; \u00bfAkor Adams?  <\/p>\n<p><img decoding=\"async\" src=\"https:\/\/www.europesays.com\/es\/wp-content\/uploads\/2025\/12\/82496e4e-44f0-4fec-9e58-856bdef44a15_320x180.jpeg\" alt=\"El cat\u00e1logo de ventas del Sevilla para el mercado de fichajes de enero: Carmona, Vargas, Agoum\u00e9, Juanlu y... \u00bfAkor Adams?  \"\/><\/a>El Sevilla FC lucha por el fichaje de Himad Abdelli, centrocampista del Angers SCO<\/p>\n<p class=\"parrafo\">Abdelli s\u00f3lo tiene firmado hasta el <strong>30 de junio de 2026<\/strong> y las informaciones que vienen publicando los medios deportivos galos descartan por el momento cualquier posibilidad de renovaci\u00f3n, pues el futbolista de 26 a\u00f1os desea emprender un cambio de aires para afrontar nuevos retos. En este sentido, el periodista Santi Aouna ha destapado que el Sevilla FC es el club que m\u00e1s avanzadas tendr\u00eda las gestiones de cara a poder incorporarle a coste cero el pr\u00f3ximo verano o incluso hacerlo en la inminente ventana invernal de fichajes por un precio simb\u00f3lico siempre que al Angers SCO le interese negociar para no quedarse con las manos vac\u00edas.     <\/p>\n<p class=\"parrafo\">Himad Abdelli es un espigado (1,86 m) y talentoso mediocentro creativo que puede actuar como mediapunta e incluso como extremo derecho. Nacido en la localidad francesa de Montivilliers, ha sido cuatro veces internacional absoluto por su pa\u00eds de origen, Argelia, que no le ha convocado para la nueva edici\u00f3n de <a href=\"https:\/\/www.estadiodeportivo.com\/futbol\/sevilla-fc\/fifa-interviene-aclara-cuando-deberan-marcharse-los-jugadores-convocados-buenas-noticias-para-sevilla-betis-20251203-522546.html\" target=\"_blank\" class=\"intext-link\" rel=\"nofollow noopener\">la Copa de \u00c1frica que arranca el domingo en Marruecos<\/a> a pesar de su <strong>buen inicio de curso con el Angers: dos goles en 13 partidos, 11 de ellos como titular<\/strong>. S\u00f3lo se ha perdido tres encuentros y todos se debieron a una lesi\u00f3n de espalda que tambi\u00e9n explica sus dos suplencias posteriores en su progresivo regreso al equipo. <strong>Una vez que ha estado al cien por cien se ha convertido en intocable en el once titular de Alexandre Dujeux<\/strong>, t\u00e9cnico del conjunto del Valle del Loira. <\/p>\n<p class=\"parrafo\">En total, con el Angers suma <strong>20 goles y seis asistencias en los 119 partidos oficiales<\/strong> que ha disputado desde su llegada en el verano de 2022 procedente del Le Havre AC, donde jug\u00f3 85 citas (meti\u00f3 cinco tantos y dio otros cinco) en los tres cursos posteriores a su promoci\u00f3n al primer equipo tras formarse en la cantera del club de la Alta Normand\u00eda. All\u00ed, <strong>Himad Abdelli coincidi\u00f3 con dos viejos conocidos de la afici\u00f3n del Sevilla FC: <a href=\"https:\/\/www.estadiodeportivo.com\/futbol\/sevilla-fc\/foto-del-cambio-sevilla-20230215-413434.html\" target=\"_blank\" class=\"intext-link\" rel=\"nofollow noopener\">el central Lo\u00efc Bad\u00e9 y el mediocentro Pape Gueye<\/a><\/strong><a href=\"https:\/\/www.estadiodeportivo.com\/futbol\/sevilla-fc\/foto-del-cambio-sevilla-20230215-413434.html\" target=\"_blank\" class=\"intext-link\" rel=\"nofollow noopener\">, quienes se reencontraron en Nervi\u00f3n<\/a> y actualmente militan en el Bayer Leverkusen y en el Villarreal CF, respectivamente. A buen seguro, al talentoso mediapunta francoargelino no le faltar\u00e1n buenas referencias.  <\/p>\n","protected":false},"excerpt":{"rendered":"El director deportivo nervionense, Antonio Cord\u00f3n, sigue peinando el mercado en busca de opciones a coste cero o&hellip;\n","protected":false},"author":2,"featured_media":289567,"comment_status":"","ping_status":"","sticky":false,"template":"","format":"standard","meta":{"footnotes":""},"categories":[268],"tags":[7370,168,25,24,284,285,280,282,1698,4525,2993,281,23,167],"class_list":{"0":"post-289566","1":"post","2":"type-post","3":"status-publish","4":"format-standard","5":"has-post-thumbnail","7":"category-futbol","8":"tag-angers","9":"tag-deportes","10":"tag-es","11":"tag-espana","12":"tag-estadio-deportivo","13":"tag-fichajes","14":"tag-football","15":"tag-futbol","16":"tag-futbol-internacional","17":"tag-ligue-1","18":"tag-sevilla-futbol-club","19":"tag-soccer","20":"tag-spain","21":"tag-sports"},"share_on_mastodon":{"url":"https:\/\/pubeurope.com\/@es\/115723740816437009","error":""},"_links":{"self":[{"href":"https:\/\/www.europesays.com\/es\/wp-json\/wp\/v2\/posts\/289566","targetHints":{"allow":["GET"]}}],"collection":[{"href":"https:\/\/www.europesays.com\/es\/wp-json\/wp\/v2\/posts"}],"about":[{"href":"https:\/\/www.europesays.com\/es\/wp-json\/wp\/v2\/types\/post"}],"author":[{"embeddable":true,"href":"https:\/\/www.europesays.com\/es\/wp-json\/wp\/v2\/users\/2"}],"replies":[{"embeddable":true,"href":"https:\/\/www.europesays.com\/es\/wp-json\/wp\/v2\/comments?post=289566"}],"version-history":[{"count":0,"href":"https:\/\/www.europesays.com\/es\/wp-json\/wp\/v2\/posts\/289566\/revisions"}],"wp:featuredmedia":[{"embeddable":true,"href":"https:\/\/www.europesays.com\/es\/wp-json\/wp\/v2\/media\/289567"}],"wp:attachment":[{"href":"https:\/\/www.europesays.com\/es\/wp-json\/wp\/v2\/media?parent=289566"}],"wp:term":[{"taxonomy":"category","embeddable":true,"href":"https:\/\/www.europesays.com\/es\/wp-json\/wp\/v2\/categories?post=289566"},{"taxonomy":"post_tag","embeddable":true,"href":"https:\/\/www.europesays.com\/es\/wp-json\/wp\/v2\/tags?post=289566"}],"curies":[{"name":"wp","href":"https:\/\/api.w.org\/{rel}","templated":true}]}}