{"id":289590,"date":"2025-12-15T13:21:20","date_gmt":"2025-12-15T13:21:20","guid":{"rendered":"https:\/\/www.europesays.com\/es\/289590\/"},"modified":"2025-12-15T13:21:20","modified_gmt":"2025-12-15T13:21:20","slug":"el-centro-de-bienestar-animal-llevara-el-nombre-de-reina-sofia","status":"publish","type":"post","link":"https:\/\/www.europesays.com\/es\/289590\/","title":{"rendered":"El Centro de Bienestar Animal llevar\u00e1 el nombre de Reina Sof\u00eda"},"content":{"rendered":"<p>La Reina em\u00e9rita Do\u00f1a Sof\u00eda visita las obras del Centro de Bienestar Animal<\/p>\n<p>\u00a0<\/p>\n<p>Esta ma\u00f1ana, la Reina em\u00e9rita, Do\u00f1a Sof\u00eda, ha visitado las obras del Centro de Bienestar Animal, acompa\u00f1ada por la alcaldesa, Almudena Negro, el concejal de Urbanismo, Antonio Iraizoz, y la concejal de bienestar animal, Marta L\u00f3pez.<\/p>\n<p>La Reina, que ha recorrido las instalaciones, ha aceptado el ofrecimiento de la alcaldesa para que el Centro lleve su nombre, Reina Sof\u00eda.<\/p>\n<p>Durante la visita se ha interesado por cada una de las estancias que conformar\u00e1n el Centro, con especial relevancia a la zona de quir\u00f3fanos, adem\u00e1s de las zonas diferenciadas para perros, gatos, aves y roedores.<\/p>\n<p>Dispone tambi\u00e9n con una zona diferenciada y aislada para animales que est\u00e9n en cuarentena.<\/p>\n<p>\u00a0<\/p>\n<p><a href=\"https:\/\/www.europesays.com\/es\/wp-content\/uploads\/2025\/12\/reina-sofia-1.jpg\" target=\"_blank\"><img decoding=\"async\" src=\"https:\/\/www.europesays.com\/es\/wp-content\/uploads\/2025\/12\/reina-sofia-1.jpg\" alt=\"reina sofia 1\" width=\"60%\"\/><\/a><\/p>\n<p>\u00a0<\/p>\n<p><strong>Sobre el Centro de Bienestar Animal<\/strong><\/p>\n<p>El Centro se sit\u00faa en una parcela municipal y cuenta con 304 metros construidos. La inversi\u00f3n es de 390.000 euros, que se financia a trav\u00e9s del Plan de Inversi\u00f3n de la Comunidad de Madrid (80%) y el Ayuntamiento de Torrelodones (20%).\u00a0<\/p>\n<p>Habr\u00e1 dos zonas diferenciadas: la primera de ellas, Zona de cuidados, que se destinar\u00e1 a las personas que cuidar\u00e1n de los animales. La segunda, Zona de Animales, albergar\u00e1 el hospedaje.\u00a0<\/p>\n<p>La zona de gatos tendr\u00e1 una superficie de 22,49 m2. La de aves y roedores, 17,84 metros cuadrados. Y, finalmente, la zona de perros cuenta con 43,45 m2, divididos en ocho cheniles. A su vez, cada grupo de animales cuenta con un espacio propio segregado de los dem\u00e1s.<\/p>\n<p>Toda la edificaci\u00f3n se articula en torno a un patio central, que ofrecer\u00e1 un espacio exterior seguro y protegido del ruido.<\/p>\n<p>La fachada se termina mediante un aislamiento t\u00e9rmico exterior con un z\u00f3calo de bloques de hormig\u00f3n para evitar la humedad y olores de los orines de los perros.<\/p>\n<p>\u00a0<\/p>\n<p><a href=\"https:\/\/www.europesays.com\/es\/wp-content\/uploads\/2025\/12\/reina-sofia.jpg\" target=\"_blank\"><img decoding=\"async\" src=\"https:\/\/www.europesays.com\/es\/wp-content\/uploads\/2025\/12\/reina-sofia.jpg\" alt=\"reina sofia\" width=\"60%\"\/><\/a><\/p>\n<p>\u00a0<\/p>\n<p><strong>El Club del Gato\u00a0<\/strong><\/p>\n<p>Todos aquellos que accedan al Centro se encontrar\u00e1n con una sala de recepci\u00f3n y, junto a ella, con la oficina de adopciones y el \u201cClub del Gato\u201d. Este es el espacio de mayor dimensi\u00f3n del centro y es contiguo a las jaulas para gatos. Cuenta con una zona\u00a0exterior protegida, adem\u00e1s de la interior.<\/p>\n<p>Todos los animales tendr\u00e1n jaulas interiores y exteriores bien comunicadas y orientadas, seg\u00fan sus necesidades.<\/p>\n<p>\u00a0<\/p>\n<p><strong>Sostenibilidad<\/strong><\/p>\n<p>El dise\u00f1o del edificio tiene en consideraci\u00f3n su orientaci\u00f3n a la hora de crear soluciones bioclim\u00e1ticas. Las estancias tienen ventilaci\u00f3n cruzada al disponer de aberturas de ventilaci\u00f3n en fachadas opuestas.<\/p>\n<p>El edificio permitir\u00e1 la captaci\u00f3n solar en invierno y la acumulaci\u00f3n de esta energ\u00eda en el grosor de masa de pavimentos y paredes.<\/p>\n<p>Las obras se adjudicaron en octubre de 2024 por parte de la Junta de Gobierno local a la empresa Manile, S.A.\u00a0<\/p>\n<p>La Reina Do\u00f1a Sof\u00eda ya ha avanzado que volver\u00e1 para inaugurar este Centro pionero en la Comunidad de Madrid, cuya puesta en marcha est\u00e1 prevista para la primavera de 2026.<\/p>\n<p>Como se recordar\u00e1, el Centro de Bienestar Animal fue compromiso personal de la alcaldesa, Almudena Negro, durante la campa\u00f1a electoral.\u00a0<\/p>\n<p>\u00a0<\/p>\n<p><a href=\"https:\/\/www.europesays.com\/es\/wp-content\/uploads\/2025\/12\/reina-sofia-3.jpg\" target=\"_blank\"><img decoding=\"async\" src=\"https:\/\/www.europesays.com\/es\/wp-content\/uploads\/2025\/12\/reina-sofia-3.jpg\" alt=\"reina sofia 3\" width=\"60%\"\/><\/a><\/p>\n","protected":false},"excerpt":{"rendered":"La Reina em\u00e9rita Do\u00f1a Sof\u00eda visita las obras del Centro de Bienestar Animal \u00a0 Esta ma\u00f1ana, la Reina&hellip;\n","protected":false},"author":2,"featured_media":289591,"comment_status":"","ping_status":"","sticky":false,"template":"","format":"standard","meta":{"footnotes":""},"categories":[5],"tags":[67916,49005,69529,17,18,69528,25,24,13,14,11,19,20,9,10,15,16,11789,23,12,21,22],"class_list":{"0":"post-289590","1":"post","2":"type-post","3":"status-publish","4":"format-standard","5":"has-post-thumbnail","7":"category-titulares","8":"tag-almudena-negro","9":"tag-ayuntamiento-de-torrelodones","10":"tag-bienestar-animal","11":"tag-breaking-news","12":"tag-breakingnews","13":"tag-centro-de-bienestar-animal","14":"tag-es","15":"tag-espana","16":"tag-featured-news","17":"tag-featurednews","18":"tag-headlines","19":"tag-latest-news","20":"tag-latestnews","21":"tag-news","22":"tag-noticias","23":"tag-noticias-destacadas","24":"tag-noticiasdestacadas","25":"tag-reina-sofia","26":"tag-spain","27":"tag-titulares","28":"tag-ultimas-noticias","29":"tag-ultimasnoticias"},"share_on_mastodon":{"url":"https:\/\/pubeurope.com\/@es\/115723795980155135","error":""},"_links":{"self":[{"href":"https:\/\/www.europesays.com\/es\/wp-json\/wp\/v2\/posts\/289590","targetHints":{"allow":["GET"]}}],"collection":[{"href":"https:\/\/www.europesays.com\/es\/wp-json\/wp\/v2\/posts"}],"about":[{"href":"https:\/\/www.europesays.com\/es\/wp-json\/wp\/v2\/types\/post"}],"author":[{"embeddable":true,"href":"https:\/\/www.europesays.com\/es\/wp-json\/wp\/v2\/users\/2"}],"replies":[{"embeddable":true,"href":"https:\/\/www.europesays.com\/es\/wp-json\/wp\/v2\/comments?post=289590"}],"version-history":[{"count":0,"href":"https:\/\/www.europesays.com\/es\/wp-json\/wp\/v2\/posts\/289590\/revisions"}],"wp:featuredmedia":[{"embeddable":true,"href":"https:\/\/www.europesays.com\/es\/wp-json\/wp\/v2\/media\/289591"}],"wp:attachment":[{"href":"https:\/\/www.europesays.com\/es\/wp-json\/wp\/v2\/media?parent=289590"}],"wp:term":[{"taxonomy":"category","embeddable":true,"href":"https:\/\/www.europesays.com\/es\/wp-json\/wp\/v2\/categories?post=289590"},{"taxonomy":"post_tag","embeddable":true,"href":"https:\/\/www.europesays.com\/es\/wp-json\/wp\/v2\/tags?post=289590"}],"curies":[{"name":"wp","href":"https:\/\/api.w.org\/{rel}","templated":true}]}}