{"id":289603,"date":"2025-12-15T13:34:11","date_gmt":"2025-12-15T13:34:11","guid":{"rendered":"https:\/\/www.europesays.com\/es\/289603\/"},"modified":"2025-12-15T13:34:11","modified_gmt":"2025-12-15T13:34:11","slug":"oihan-el-joven-de-oiartzun-que-conquista-la-voz-y-se-mete-en-la-final","status":"publish","type":"post","link":"https:\/\/www.europesays.com\/es\/289603\/","title":{"rendered":"Oihan, el joven de Oiartzun que conquista La Voz y se mete en la final"},"content":{"rendered":"<p class=\"v-mdl-ath__p v-mdl-ath__p--6\">\nLunes, 15 de diciembre 2025, 13:08<\/p>\n<p class=\"v-p\">La \u00faltima semifinal de &#8216;La Voz&#8217; fue tan emocionante como imprevisible. Una gala decisiva que arranc\u00f3 con fuerza, sorpresas y mucha emoci\u00f3n, y que termin\u00f3 con un un guipuzcoano entre los cuatro elegidos: <a href=\"https:\/\/www.diariovasco.com\/culturas\/tv\/ohian-lavoz-oiartzun-20220625105903-nt.html\" title=\"www.diariovasco.com\" data-voc-vtm-id=\"in-text-traffic\" data-mrf-link=\"www.diariovasco.com\" rel=\"nofollow noopener\" target=\"_blank\">Oihan Aristizabal, joven cantante de Oiartzun<\/a> y miembro del equipo de Sebasti\u00e1n Yatra, logr\u00f3 clasificarse para la gran final del talent musical de Antena 3.<\/p>\n<p class=\"v-p\">Mika, Mal\u00fa y Sebasti\u00e1n Yatra fueron los encargados de encender el plat\u00f3 interpretando &#8216;Me fui&#8217; y &#8216;En guerra&#8217; en un medley que desat\u00f3 los aplausos del p\u00fablico desde el primer segundo. La \u00fanica ausencia fue la de Pablo L\u00f3pez, que tuvo que seguir la actuaci\u00f3n desde su sill\u00f3n rojo al no encontrarse bien. Aun as\u00ed, el malague\u00f1o no quiso faltar a su compromiso y m\u00e1s tarde subi\u00f3 al escenario para cantar &#8216;El patio&#8217; junto a sus semifinalistas, protagonizando uno de los momentos m\u00e1s emotivos de la gala.<\/p>\n<p class=\"v-p\">Con la emoci\u00f3n a flor de piel, lleg\u00f3 el turno de los ocho semifinalistas, que defendieron sus temas con m\u00e1xima entrega y personalidad. Actuaciones llenas de sensibilidad, potencia y estilo propio se sucedieron mientras el p\u00fablico votaba en directo desde sus casas a trav\u00e9s de la web de Antena 3. La tensi\u00f3n fue en aumento, consciente todo el mundo de que cada actuaci\u00f3n pod\u00eda ser decisiva.<\/p>\n<p class=\"v-p\">La semifinal cont\u00f3 adem\u00e1s con un cartel de invitados de primer nivel. Pablo Albor\u00e1n sorprendi\u00f3 al p\u00fablico al unirse a una de las actuaciones m\u00e1s aplaudidas de la noche junto a Carla Morrison y los semifinalistas del equipo de Mika. Vanesa Mart\u00edn regres\u00f3 al programa para cantar con el equipo de Sebasti\u00e1n Yatra, mientras que Joaquina comparti\u00f3 escenario con los talents de Mal\u00fa. Chiara Oliver tampoco quiso perderse la cita y actu\u00f3 junto a Ant\u00eda y Aroa.<\/p>\n<p>Sebasti\u00e1n Yatra logr\u00f3 calsificar a sus dos concursantes<\/p>\n<p class=\"v-p\">Los coaches tambi\u00e9n cantaron con sus semifinalistas. Mal\u00fa emocion\u00f3 junto a Audrey y Victoria interpretando &#8216;Ni un segundo&#8217;; Mika hizo lo propio con su equipo; y Sebasti\u00e1n Yatra llen\u00f3 el plat\u00f3 de ritmo con Kimy y Oihan al son de &#8216;Pareja del a\u00f1o&#8217;, una actuaci\u00f3n clave para el concursante de Oiartzun.<\/p>\n<p class=\"v-p\">Finalmente, tras una noche cargada de emoci\u00f3n y nervios, Eva anunci\u00f3 los nombres de los cuatro talents que pasan a la gran final del pr\u00f3ximo viernes: Oihan, Kimy, Ant\u00eda y Audrey. Mika se qued\u00f3 sin representaci\u00f3n tras la eliminaci\u00f3n de Pedro y Javier, mientras que Sebasti\u00e1n Yatra logr\u00f3 colar a sus dos concursantes, convirti\u00e9ndose en el \u00fanico coach con doble presencia en la final. La gala tambi\u00e9n fue especial para Mal\u00fa, que rompe una racha de tres a\u00f1os sin finalistas gracias a Audrey, y para Pablo L\u00f3pez, que estar\u00e1 representado por Ant\u00eda. <\/p>\n<p>Reporta un error<\/p>\n","protected":false},"excerpt":{"rendered":"Lunes, 15 de diciembre 2025, 13:08 La \u00faltima semifinal de &#8216;La Voz&#8217; fue tan emocionante como imprevisible. Una&hellip;\n","protected":false},"author":2,"featured_media":289604,"comment_status":"","ping_status":"","sticky":false,"template":"","format":"standard","meta":{"footnotes":""},"categories":[171],"tags":[5566,146,147,25,24,1058,31015,23,214],"class_list":{"0":"post-289603","1":"post","2":"type-post","3":"status-publish","4":"format-standard","5":"has-post-thumbnail","7":"category-tv","8":"tag-antena3","9":"tag-entertainment","10":"tag-entretenimiento","11":"tag-es","12":"tag-espana","13":"tag-final","14":"tag-la-voz","15":"tag-spain","16":"tag-tv"},"share_on_mastodon":{"url":"https:\/\/pubeurope.com\/@es\/115723846543530811","error":""},"_links":{"self":[{"href":"https:\/\/www.europesays.com\/es\/wp-json\/wp\/v2\/posts\/289603","targetHints":{"allow":["GET"]}}],"collection":[{"href":"https:\/\/www.europesays.com\/es\/wp-json\/wp\/v2\/posts"}],"about":[{"href":"https:\/\/www.europesays.com\/es\/wp-json\/wp\/v2\/types\/post"}],"author":[{"embeddable":true,"href":"https:\/\/www.europesays.com\/es\/wp-json\/wp\/v2\/users\/2"}],"replies":[{"embeddable":true,"href":"https:\/\/www.europesays.com\/es\/wp-json\/wp\/v2\/comments?post=289603"}],"version-history":[{"count":0,"href":"https:\/\/www.europesays.com\/es\/wp-json\/wp\/v2\/posts\/289603\/revisions"}],"wp:featuredmedia":[{"embeddable":true,"href":"https:\/\/www.europesays.com\/es\/wp-json\/wp\/v2\/media\/289604"}],"wp:attachment":[{"href":"https:\/\/www.europesays.com\/es\/wp-json\/wp\/v2\/media?parent=289603"}],"wp:term":[{"taxonomy":"category","embeddable":true,"href":"https:\/\/www.europesays.com\/es\/wp-json\/wp\/v2\/categories?post=289603"},{"taxonomy":"post_tag","embeddable":true,"href":"https:\/\/www.europesays.com\/es\/wp-json\/wp\/v2\/tags?post=289603"}],"curies":[{"name":"wp","href":"https:\/\/api.w.org\/{rel}","templated":true}]}}