{"id":28961,"date":"2025-08-06T07:50:13","date_gmt":"2025-08-06T07:50:13","guid":{"rendered":"https:\/\/www.europesays.com\/es\/28961\/"},"modified":"2025-08-06T07:50:13","modified_gmt":"2025-08-06T07:50:13","slug":"imagenes-fotos-los-reyes-y-sus-hijas-visitan-la-exposicion-de-joan-miro-en-la-lonja-de-palma-heraldo-es","status":"publish","type":"post","link":"https:\/\/www.europesays.com\/es\/28961\/","title":{"rendered":"Im\u00e1genes: Fotos | Los Reyes y sus hijas visitan la exposici\u00f3n de Joan Mir\u00f3 en La Lonja de Palma &#8211; heraldo.es"},"content":{"rendered":"<ol>\n<li><a href=\"https:\/\/news.google.com\/rss\/articles\/CBMitgFBVV95cUxQUmNVWW9GSVNza0I5dWNmbUVvN0o0TzZjR0lpZW5TVUhwWGl1bVdFeUZobVBGd0NVZEM5dEIweVZkOWNkNElHRXNDNU9VanhGQjJkcVFNT1k1U2wxZjY2RE5YeTl0ZlhVX2lrSndac29Jd0hNMXNwVGlHWXRDLV9vblQxeGoyQkZnamhRUDZQbUZwZU9UeTBlLUZ4c2VHTlVzWkctV2dNWTRmeXJtT1pzTThGOW5iQQ?oc=5\" target=\"_blank\" rel=\"nofollow noopener\">Im\u00e1genes: Fotos | Los Reyes y sus hijas visitan la exposici\u00f3n de Joan Mir\u00f3 en La Lonja de Palma<\/a>&nbsp;&nbsp;heraldo.es<\/li>\n<li><a href=\"https:\/\/news.google.com\/rss\/articles\/CBMigwFBVV95cUxNYnJLY2FYQWg4amlJbXBHVlRCSWV3bFc3cE1jWmtPTmo5c0NZa1JFMTZLcE9RMTcyZUpRbGNGd05XNkdXeVlnV0ViUTY5OU91czlGWUhXY19oMUxzdElRNHVnSTZVNU1rWnJlRDNUN0YyVHhDUDRVN0tUVVlMd3FWeHVCONIBgwFBVV95cUxQNmRGN0JnOTNWTXVrN0QyZ2tKOGl1Y25UdUJWWE9kaXlVeVkzTHBUNXp1Q2hqUnF6NGZJendZMms3bExYcXlDYzViQ2UyeFFHNVR3OGxFOWE5OFRPaVdBY2poQ29Fc0ZfNUNZOWZDb3lDYmRRNy00ZlNWRm9MSmlrZk1ZUQ?oc=5\" target=\"_blank\" rel=\"nofollow noopener\">Los Reyes, con Leonor y Sof\u00eda, terminan sus d\u00edas en Palma conociendo el legado de Joan Mir\u00f3<\/a>&nbsp;&nbsp;El Mundo<\/li>\n<li><a href=\"https:\/\/news.google.com\/rss\/articles\/CBMiywFBVV95cUxQaExEZXJwX01yM3B5eTNFSGJWalNyWUxOQVV3ci1tczladV9ZbThPYk81UXRHUGtjLUM2bUpoVjNYUWh5dVo5WjFOQldiOVRQYVFMU2ZoS3QwVldVOUtJTlZONHBJSXZ3UDRxY0dxeFYxWFJ1dnpwRTJZZzBEQy1KS0NYenJNX2FhTE1kbFRIb0l1UDBaUmRmNFJHUkJqcGhjRTROZWt5Zk05OW45blJqMXN1Y3hIQ0x3czNKcmJjSXRmdURORDA4aDVKWdIB0AFBVV95cUxPZWJISTU4dmxEX1dMRktFUUl5V3RXTno1VnFUeTZZQmhCelNzc04tWGtaZm9sV3Y0Z2FGc21Oa19IdlRzSWFsRWFWMVJLWGNIREI1REh5MGptQ3dNbXdWVzEtQmVqUUtJQjRUOHZKdDdCQzZZZFE5MjliYWF1eW9KbWpxWThGTFItdXBGcXVaX2NYWmlxM2xEaVRXbUo3cm5ySnBDeDZldDMySlRyNnRVM2Q2NnVTU04yVGx5RkhrTnhBMjFSOFE2VWctYmhZcGVh?oc=5\" target=\"_blank\" rel=\"nofollow noopener\">Rom\u00e1ntica, sencilla y perfecta: la reina Letizia en Mallorca, con vestido rosa, bolso Ikat y alpargatas planas<\/a>&nbsp;&nbsp;Vanitatis<\/li>\n<li><a href=\"https:\/\/news.google.com\/rss\/articles\/CBMiowFBVV95cUxORWljTE45Q1dadGFBNXIwTm40aFdfMm9pUVl1YnZDaTgwRlZybkxsN0VoQ2ZCaG5sdlVBcHFVbkZyaUFZRDJ0eFdaeU5NbUUzNUhqd0g5TEsxRlJMdC1KelJkdVpXdVU3bXFyd3lVaVBmSnNYSW5BbkNZVWk3NG93eXcxdThmbHZoZWdQYVJScGE1VWEyNVdRX0NpTUc4bUZGRHJn?oc=5\" target=\"_blank\" rel=\"nofollow noopener\">Joan Mir\u00f3 impacta a la Familia Real en la Llotja de Palma con sus seres imaginarios<\/a>&nbsp;&nbsp;Diario de Mallorca<\/li>\n<li><a href=\"https:\/\/news.google.com\/rss\/articles\/CBMiqwFBVV95cUxQWlo0U3I2WWV1cjlWV2R2a09wVEhxWG5ERUFVM2JwZ09LT05neDRtaFFDd2tKemo1YnpOaGVBXzdRLXd4a3pWQmVOX3dfRmRmRDlLX0t4SE9JYTJnY0wtQ01ZenRLZmNCZDd1eFI2N1VObHZFY3FFaXVEejZYQUVoZy0tUmx1bVhsT2d6Q2kzcmxudmd0c2R2YlZzeE00UHdmcjM5VGlUVHJjS3c?oc=5\" target=\"_blank\" rel=\"nofollow noopener\">Los Reyes, Leonor y Sof\u00eda se suman, en Palma, al homenaje a Joan Mir\u00f3<\/a>&nbsp;&nbsp;La Vanguardia<\/li>\n<\/ol>\n","protected":false},"excerpt":{"rendered":"Im\u00e1genes: Fotos | Los Reyes y sus hijas visitan la exposici\u00f3n de Joan Mir\u00f3 en La Lonja de&hellip;\n","protected":false},"author":2,"featured_media":28962,"comment_status":"","ping_status":"","sticky":false,"template":"","format":"standard","meta":{"footnotes":""},"categories":[173],"tags":[229,233,231,230,232,234,146,147,25,24,2003,1642,15567,2553,23,2985],"class_list":{"0":"post-28961","1":"post","2":"type-post","3":"status-publish","4":"format-standard","5":"has-post-thumbnail","7":"category-arte-y-diseno","8":"tag-arte","9":"tag-arte-y-diseno","10":"tag-arts","11":"tag-arts-and-design","12":"tag-design","13":"tag-diseno","14":"tag-entertainment","15":"tag-entretenimiento","16":"tag-es","17":"tag-espana","18":"tag-exposicion","19":"tag-hijas","20":"tag-lonja","21":"tag-palma","22":"tag-spain","23":"tag-visitan"},"share_on_mastodon":{"url":"","error":""},"_links":{"self":[{"href":"https:\/\/www.europesays.com\/es\/wp-json\/wp\/v2\/posts\/28961","targetHints":{"allow":["GET"]}}],"collection":[{"href":"https:\/\/www.europesays.com\/es\/wp-json\/wp\/v2\/posts"}],"about":[{"href":"https:\/\/www.europesays.com\/es\/wp-json\/wp\/v2\/types\/post"}],"author":[{"embeddable":true,"href":"https:\/\/www.europesays.com\/es\/wp-json\/wp\/v2\/users\/2"}],"replies":[{"embeddable":true,"href":"https:\/\/www.europesays.com\/es\/wp-json\/wp\/v2\/comments?post=28961"}],"version-history":[{"count":0,"href":"https:\/\/www.europesays.com\/es\/wp-json\/wp\/v2\/posts\/28961\/revisions"}],"wp:featuredmedia":[{"embeddable":true,"href":"https:\/\/www.europesays.com\/es\/wp-json\/wp\/v2\/media\/28962"}],"wp:attachment":[{"href":"https:\/\/www.europesays.com\/es\/wp-json\/wp\/v2\/media?parent=28961"}],"wp:term":[{"taxonomy":"category","embeddable":true,"href":"https:\/\/www.europesays.com\/es\/wp-json\/wp\/v2\/categories?post=28961"},{"taxonomy":"post_tag","embeddable":true,"href":"https:\/\/www.europesays.com\/es\/wp-json\/wp\/v2\/tags?post=28961"}],"curies":[{"name":"wp","href":"https:\/\/api.w.org\/{rel}","templated":true}]}}