{"id":289621,"date":"2025-12-15T13:45:15","date_gmt":"2025-12-15T13:45:15","guid":{"rendered":"https:\/\/www.europesays.com\/es\/289621\/"},"modified":"2025-12-15T13:45:15","modified_gmt":"2025-12-15T13:45:15","slug":"villafranca-del-campo-estrena-gestion-y-nuevas-instalaciones-del-multiservicio","status":"publish","type":"post","link":"https:\/\/www.europesays.com\/es\/289621\/","title":{"rendered":"Villafranca del Campo estrena gesti\u00f3n y nuevas instalaciones del multiservicio"},"content":{"rendered":"<p>\t\t\t\t\t<a href=\"https:\/\/www.dpteruel.es\/DPTweb\/wp-content\/uploads\/2025\/12\/251215_multiserviciovillafranca01.jpeg\" rel=\"nofollow noopener\" target=\"_blank\"><img fetchpriority=\"high\" decoding=\"async\" aria-describedby=\"caption-attachment-50631\" class=\"size-medium wp-image-50631\" src=\"https:\/\/www.europesays.com\/es\/wp-content\/uploads\/2025\/12\/251215_multiserviciovillafranca01-300x169.jpeg\" alt=\"\" width=\"300\" height=\"169\"\/><\/a><\/p>\n<p id=\"caption-attachment-50631\" class=\"wp-caption-text\">Visita de las autoridades al multiservicio.<\/p>\n<p align=\"justify\">Villafranca del Campo acaba de estrenar nueva gesti\u00f3n e instalaciones del multiservicio rural que incorpora ahora al servicio de tienda que ya se prestaba el de restaurante y con la reforma estrena tambi\u00e9n nueva gesti\u00f3n. El presidente de la Diputaci\u00f3n de Teruel Joaqu\u00edn Juste ha sido el encargado de inaugurar este nuevo espacio, cuyo edificio cuenta adem\u00e1s con un piso di\u00e1fano para acondicionar como vivienda.<\/p>\n<p align=\"justify\">El alcalde de Villafranca del Campo Miguel \u00c1ngel Navarro ha explicado que el multiservicio se ha dispuesto en un nuevo edificio que ofrece el servicio de tienda pero tambi\u00e9n cuenta con un sal\u00f3n grande con cocina completamente equipada y un sal\u00f3n adjunto para comedor y restaurante.<\/p>\n<p align=\"justify\">Para hacer las obras, el Consistorio ha contado con ayudas de la Diputaci\u00f3n de Teruel, tanto de las distintas l\u00edneas de ayuda a los multiservicios rurales como del Plan de Obras y Servicios y el Plan de Concertaci\u00f3n, as\u00ed como de fondos propios del Ayuntamiento. El importe total ha ascendido a unos 100.000 euros.<\/p>\n<p align=\"justify\">Seg\u00fan Juste, los multiservicios desempe\u00f1an un papel fundamental como punto de encuentro para los vecinos. \u201cSon una inyecci\u00f3n de energ\u00eda, ilusi\u00f3n y entusiasmo para mantener vivo un municipio\u201d, ha afirmado el presidente de la Diputaci\u00f3n, destacando que, adem\u00e1s de ofrecer servicios, estos establecimientos fomentan la cohesi\u00f3n social y el dinamismo local.<\/p>\n<p align=\"justify\">En la provincia de Teruel, de la mano de la C\u00e1mara de Comercio de Teruel se han puesto en marcha 113 multiservicios, que han demostrado ser una herramienta clave para frenar la despoblaci\u00f3n y revitalizar el tejido rural porque, ha recordado, \u201cno suele haber relevos cuando se jubilan los emprendedores, pero hemos logrado hacer rentable este tipo de establecimientos, lo que ha contribuido a frenar la despoblaci\u00f3n. Con ello, conseguimos atraer a nuevos habitantes, muchos de los cuales se establecen con sus familias\u201d, resalt\u00f3 Juste.<\/p>\n<p align=\"justify\">Por su parte, el presidente de la C\u00e1mara de Comercio de Teruel, entidad creadora y gestora de la marca ha afirmado que \u00ablos Multiservicios Rurales (MSR) son una soluci\u00f3n tangible para mantener los servicios b\u00e1sicos en los pueblos y un modelo de \u00e9xito que est\u00e1 siendo replicado en otros territorios a nivel nacional y europeo como referencia de desarrollo rural.\u00bb<\/p>\n<p align=\"justify\">La Diputaci\u00f3n de Teruel y el Gobierno de Arag\u00f3n convocan anualmente ayudas destinadas a este tipo de establecimientos, tanto en lo que se refiere a dotaci\u00f3n de nuevos equipamientos, como a la remodelaci\u00f3n o ampliaci\u00f3n de los existentes, para que los Ayuntamientos interesados puedan solicitarlas.<\/p>\n","protected":false},"excerpt":{"rendered":"Visita de las autoridades al multiservicio. Villafranca del Campo acaba de estrenar nueva gesti\u00f3n e instalaciones del multiservicio&hellip;\n","protected":false},"author":2,"featured_media":289622,"comment_status":"","ping_status":"","sticky":false,"template":"","format":"standard","meta":{"footnotes":""},"categories":[8],"tags":[17,18,3250,25,24,13,14,11,19,20,69532,9,10,15,16,23,11613,12,21,22,69533],"class_list":{"0":"post-289621","1":"post","2":"type-post","3":"status-publish","4":"format-standard","5":"has-post-thumbnail","7":"category-espana","8":"tag-breaking-news","9":"tag-breakingnews","10":"tag-camara","11":"tag-es","12":"tag-espana","13":"tag-featured-news","14":"tag-featurednews","15":"tag-headlines","16":"tag-latest-news","17":"tag-latestnews","18":"tag-multiservicio","19":"tag-news","20":"tag-noticias","21":"tag-noticias-destacadas","22":"tag-noticiasdestacadas","23":"tag-spain","24":"tag-tienda","25":"tag-titulares","26":"tag-ultimas-noticias","27":"tag-ultimasnoticias","28":"tag-villafranca-del-campo"},"share_on_mastodon":{"url":"https:\/\/pubeurope.com\/@es\/115723889909761454","error":""},"_links":{"self":[{"href":"https:\/\/www.europesays.com\/es\/wp-json\/wp\/v2\/posts\/289621","targetHints":{"allow":["GET"]}}],"collection":[{"href":"https:\/\/www.europesays.com\/es\/wp-json\/wp\/v2\/posts"}],"about":[{"href":"https:\/\/www.europesays.com\/es\/wp-json\/wp\/v2\/types\/post"}],"author":[{"embeddable":true,"href":"https:\/\/www.europesays.com\/es\/wp-json\/wp\/v2\/users\/2"}],"replies":[{"embeddable":true,"href":"https:\/\/www.europesays.com\/es\/wp-json\/wp\/v2\/comments?post=289621"}],"version-history":[{"count":0,"href":"https:\/\/www.europesays.com\/es\/wp-json\/wp\/v2\/posts\/289621\/revisions"}],"wp:featuredmedia":[{"embeddable":true,"href":"https:\/\/www.europesays.com\/es\/wp-json\/wp\/v2\/media\/289622"}],"wp:attachment":[{"href":"https:\/\/www.europesays.com\/es\/wp-json\/wp\/v2\/media?parent=289621"}],"wp:term":[{"taxonomy":"category","embeddable":true,"href":"https:\/\/www.europesays.com\/es\/wp-json\/wp\/v2\/categories?post=289621"},{"taxonomy":"post_tag","embeddable":true,"href":"https:\/\/www.europesays.com\/es\/wp-json\/wp\/v2\/tags?post=289621"}],"curies":[{"name":"wp","href":"https:\/\/api.w.org\/{rel}","templated":true}]}}