{"id":289637,"date":"2025-12-15T13:59:08","date_gmt":"2025-12-15T13:59:08","guid":{"rendered":"https:\/\/www.europesays.com\/es\/289637\/"},"modified":"2025-12-15T13:59:08","modified_gmt":"2025-12-15T13:59:08","slug":"mediaset-prescinde-de-joseba-larranaga-lucia-taboada-y-luis-garcia-los-rostros-de-el-desmarque-el-mundo","status":"publish","type":"post","link":"https:\/\/www.europesays.com\/es\/289637\/","title":{"rendered":"Mediaset prescinde de Joseba Larra\u00f1aga, Luc\u00eda Taboada y Luis Garc\u00eda, los rostros de El Desmarque &#8211; El Mundo"},"content":{"rendered":"<ol>\n<li><a href=\"https:\/\/news.google.com\/rss\/articles\/CBMif0FVX3lxTE81SjgyaEhIaVVSUmNrc3k3dUtWSlNqNXlJbG05WnFfSEhEYVRiMTJhVmYzOGpQU24xUDVLaWVYVHhfYlVYeF9zN0xHUktXbzNtMzNWalVSWGJJUHREUmZPcUlnRUtpYzhhVnRRcDNGYlRhcjZvazZ6RDZxZTFEbDDSAX9BVV95cUxOeU1OdTB2alk3M2RMZFRNa0xCN01OVElNTzZxZlhSTlN5YnJjcHJkcXB6UVpSSHBlYldSY1NKWEhacEIzTFpqbWJLbk5faEo4QjlkYXNwRUdCNDNIUHlaTEN4QWU3THZ5TzZ1N1g3VkRwZFczVXktMEZ0cmRDS1VF?oc=5\" target=\"_blank\" rel=\"nofollow noopener\">Mediaset prescinde de Joseba Larra\u00f1aga, Luc\u00eda Taboada y Luis Garc\u00eda, los rostros de El Desmarque<\/a>&nbsp;&nbsp;El Mundo<\/li>\n<li><a href=\"https:\/\/news.google.com\/rss\/articles\/CBMixAFBVV95cUxObGowN3FqRHRTcVVpUmY0Uy0wSFo2emZEUkYtT2JGSTBTbzJ1bzlsWElDUnVkS3R2ZHU1TVVoWjRfajNTUmVOWDhvODg0aWMzaWJ0UDJGRFRSeHdxODVkUUszdXo2cHlXdXhSTzRvR3llZjFKYzBORDhfaGxVY1h2Rl83TkZDZ1d4aE9VWTNuaVN0UW5Qc2JOYlJtMkJuYzA4Y01WZmx1X2x5eVJ0ZEJyWGxBSkNrbER4MEJpc2NqV1pxeUFE?oc=5\" target=\"_blank\" rel=\"nofollow noopener\">Mediaset despide a los presentadores Joseba Larra\u00f1aga, Luis Garc\u00eda y Luc\u00eda Taboada<\/a>&nbsp;&nbsp;ABC<\/li>\n<li><a href=\"https:\/\/news.google.com\/rss\/articles\/CBMi2gFBVV95cUxNRl8wRUcwRDh0VW5vTXRmVmlUMjdidUVlaloyRDN2dUxuYUR5T2NwWUN2T1NOem5BbC1SN0hqMmtxNUhIdFRYLXZQb0lnOUk4WTZxQ2hSUldIVHRjYnk4dUZGRkVheTc4bmdIbHJBcWxKVHFWNTVVTjF5RXpOXzJtZ3RNTzJ1ZEQ5UFJZYUZWNlRUSUhzMWw3MnVMc3BQTHJEZ2pFcHNxUGFkN3NncXBqX2Z0YnctN1I2MTdwWHVPWUpNQkJRbkpGazZQRWlEMUd3dU5LUll6RjZRQdIB9gFBVV95cUxNQ0c1ZmJvc0QwZzhzdkZaT3NSeWVmeDYwZGw2alUzbFNIaU02WGVXNU1ybnhvYUlFSFFSSnI3SmFjN2ZKWkROR2J4ZVdHVmVBSTJUVUtxWlVZd2NvT1JLbkdhSmJjSXMzRXhHRF84NktwaEVLclFwanROZ1BTS3p1NG5vX1lXVU95UlBLd2UtQmhVN3BMbVRHbEd5dkxndjRaUDJYT0RKTVFWSGNUeUo4ckVpWFpveUVIZWxQRG90Qzhoam14eE4ta2dDR0NQY21kbjZjMmxxcFZyZ0ZFV2wyc0gwRVJXcjUtYjNHeFdlT3EzYXc1aHc?oc=5\" target=\"_blank\" rel=\"nofollow noopener\">Mediaset reorganiza su secci\u00f3n de Deportes por la crisis de audiencias<\/a>&nbsp;&nbsp;La Voz de Galicia<\/li>\n<li><a href=\"https:\/\/news.google.com\/rss\/articles\/CBMizgFBVV95cUxPcjhrU0RxZ3RMQ2RFWGs3NUtmMDlJOGlvczlXXzF0czJIUk1PVnJYLU0zbUVfRVpUUUNPSzR1R2ZTRUxMQ2dzdXN6N2F4aHBTREhLcDdZMDFZZG80RTBUOVdlVndIMjNTaEhSN2VZUVc3Wk5XM3BGQzRKb3dVQzlqT1pkcGZtd1NSX0NfaXhaQkN6WEZQdjI1cXhPaFdaMWg3VHh4dDBUVjlWdGZJLVBHTU8yeUtQeVItOXJ5RWtEM0xzNzkzZzYwVVdyUzE5UQ?oc=5\" target=\"_blank\" rel=\"nofollow noopener\">Cambios en Mediaset: prescinden del guipuzcoano Joseba Larra\u00f1aga en plena reorganizaci\u00f3n interna<\/a>&nbsp;&nbsp;El Diario Vasco<\/li>\n<li><a href=\"https:\/\/news.google.com\/rss\/articles\/CBMioAFBVV95cUxPNURCRGJzN1VieFducGk0clo5c2kxblpYb0hSSVlaMlpIVVgzM0l1SHZmazdaWXpkVHQybHhOUGJVT0tvSldITks1X2l5S2FGV1V6VVJ6UUw3b2g1NWl3THpuVkFOaUZrWG5zMWZwTTRFSHdvb0lSdzdxeTVmeU1JMVVvRms5ZmNVMGRwY3VfUTAzbm9FNXhaSUhDTU45UmZ6?oc=5\" target=\"_blank\" rel=\"nofollow noopener\">Mediaset despide a tres de sus presentadores<\/a>&nbsp;&nbsp;Las Provincias<\/li>\n<\/ol>\n","protected":false},"excerpt":{"rendered":"Mediaset prescinde de Joseba Larra\u00f1aga, Luc\u00eda Taboada y Luis Garc\u00eda, los rostros de El Desmarque&nbsp;&nbsp;El Mundo Mediaset despide&hellip;\n","protected":false},"author":2,"featured_media":289638,"comment_status":"","ping_status":"","sticky":false,"template":"","format":"standard","meta":{"footnotes":""},"categories":[171],"tags":[954,146,147,25,24,955,23,692,807,214],"class_list":{"0":"post-289637","1":"post","2":"type-post","3":"status-publish","4":"format-standard","5":"has-post-thumbnail","7":"category-tv","8":"tag-cuatro","9":"tag-entertainment","10":"tag-entretenimiento","11":"tag-es","12":"tag-espana","13":"tag-mediaset","14":"tag-spain","15":"tag-telecinco","16":"tag-television","17":"tag-tv"},"share_on_mastodon":{"url":"https:\/\/pubeurope.com\/@es\/115723944812358086","error":""},"_links":{"self":[{"href":"https:\/\/www.europesays.com\/es\/wp-json\/wp\/v2\/posts\/289637","targetHints":{"allow":["GET"]}}],"collection":[{"href":"https:\/\/www.europesays.com\/es\/wp-json\/wp\/v2\/posts"}],"about":[{"href":"https:\/\/www.europesays.com\/es\/wp-json\/wp\/v2\/types\/post"}],"author":[{"embeddable":true,"href":"https:\/\/www.europesays.com\/es\/wp-json\/wp\/v2\/users\/2"}],"replies":[{"embeddable":true,"href":"https:\/\/www.europesays.com\/es\/wp-json\/wp\/v2\/comments?post=289637"}],"version-history":[{"count":0,"href":"https:\/\/www.europesays.com\/es\/wp-json\/wp\/v2\/posts\/289637\/revisions"}],"wp:featuredmedia":[{"embeddable":true,"href":"https:\/\/www.europesays.com\/es\/wp-json\/wp\/v2\/media\/289638"}],"wp:attachment":[{"href":"https:\/\/www.europesays.com\/es\/wp-json\/wp\/v2\/media?parent=289637"}],"wp:term":[{"taxonomy":"category","embeddable":true,"href":"https:\/\/www.europesays.com\/es\/wp-json\/wp\/v2\/categories?post=289637"},{"taxonomy":"post_tag","embeddable":true,"href":"https:\/\/www.europesays.com\/es\/wp-json\/wp\/v2\/tags?post=289637"}],"curies":[{"name":"wp","href":"https:\/\/api.w.org\/{rel}","templated":true}]}}