{"id":289788,"date":"2025-12-15T15:56:09","date_gmt":"2025-12-15T15:56:09","guid":{"rendered":"https:\/\/www.europesays.com\/es\/289788\/"},"modified":"2025-12-15T15:56:09","modified_gmt":"2025-12-15T15:56:09","slug":"el-adorable-video-de-richard-gere-haciendo-un-muneco-de-nieve-con-sus-hijos-en-casa","status":"publish","type":"post","link":"https:\/\/www.europesays.com\/es\/289788\/","title":{"rendered":"El adorable v\u00eddeo de Richard Gere haciendo un mu\u00f1eco de nieve con sus hijos en casa"},"content":{"rendered":"<p id=\"eC2cAnl1A_\" data-wc=\"108\">Richard y Alejandra Gere han amanecido con una bonita sorpresa en su <a class=\"hm-link ho-link\" href=\"https:\/\/www.hola.com\/actualidad\/20251118868157\/alejandra-gere-comparte-por-primera-vez-imagenes-desde-su-increible-casa-en-estados-unidos\/\" data-mrf-recirculation=\"article-body-link\" rel=\"nofollow noopener\" target=\"_blank\">nueva casa en Estados Unidos<\/a>, tras su reciente mudanza despu\u00e9s de una temporada en Espa\u00f1a: \u00abLa noche nos dej\u00f3 un regalo: nos despertamos y \u00a1todo hab\u00eda cambiado! Blanco por fuera, alegr\u00eda por dentro: <strong>la primera nevada de verdad de la temporada\u00bb<\/strong>, ha comentado Alejandra. La empresaria espa\u00f1ola ha compartido algunos v\u00eddeos mostrando el manto blanco que ha cubierto su hogar, unas grabaciones en las que podemos ver a Richard Gere haciendo un mu\u00f1eco de nieve con sus hijos Alexander y James, mostrando as\u00ed su faceta m\u00e1s divertida y paternal. No te lo pierdas en este v\u00eddeo.<\/p>\n","protected":false},"excerpt":{"rendered":"Richard y Alejandra Gere han amanecido con una bonita sorpresa en su nueva casa en Estados Unidos, tras&hellip;\n","protected":false},"author":2,"featured_media":289789,"comment_status":"","ping_status":"","sticky":false,"template":"","format":"standard","meta":{"footnotes":""},"categories":[174],"tags":[517,26872,255,146,147,25,24,256,20279,23],"class_list":{"0":"post-289788","1":"post","2":"type-post","3":"status-publish","4":"format-standard","5":"has-post-thumbnail","7":"category-famosos","8":"tag-actualidad","9":"tag-alejandra-gere","10":"tag-celebrities","11":"tag-entertainment","12":"tag-entretenimiento","13":"tag-es","14":"tag-espana","15":"tag-famosos","16":"tag-richard-gere","17":"tag-spain"},"share_on_mastodon":{"url":"https:\/\/pubeurope.com\/@es\/115724404971606053","error":""},"_links":{"self":[{"href":"https:\/\/www.europesays.com\/es\/wp-json\/wp\/v2\/posts\/289788","targetHints":{"allow":["GET"]}}],"collection":[{"href":"https:\/\/www.europesays.com\/es\/wp-json\/wp\/v2\/posts"}],"about":[{"href":"https:\/\/www.europesays.com\/es\/wp-json\/wp\/v2\/types\/post"}],"author":[{"embeddable":true,"href":"https:\/\/www.europesays.com\/es\/wp-json\/wp\/v2\/users\/2"}],"replies":[{"embeddable":true,"href":"https:\/\/www.europesays.com\/es\/wp-json\/wp\/v2\/comments?post=289788"}],"version-history":[{"count":0,"href":"https:\/\/www.europesays.com\/es\/wp-json\/wp\/v2\/posts\/289788\/revisions"}],"wp:featuredmedia":[{"embeddable":true,"href":"https:\/\/www.europesays.com\/es\/wp-json\/wp\/v2\/media\/289789"}],"wp:attachment":[{"href":"https:\/\/www.europesays.com\/es\/wp-json\/wp\/v2\/media?parent=289788"}],"wp:term":[{"taxonomy":"category","embeddable":true,"href":"https:\/\/www.europesays.com\/es\/wp-json\/wp\/v2\/categories?post=289788"},{"taxonomy":"post_tag","embeddable":true,"href":"https:\/\/www.europesays.com\/es\/wp-json\/wp\/v2\/tags?post=289788"}],"curies":[{"name":"wp","href":"https:\/\/api.w.org\/{rel}","templated":true}]}}