{"id":289805,"date":"2025-12-15T16:06:11","date_gmt":"2025-12-15T16:06:11","guid":{"rendered":"https:\/\/www.europesays.com\/es\/289805\/"},"modified":"2025-12-15T16:06:11","modified_gmt":"2025-12-15T16:06:11","slug":"las-3-p-de-la-nueva-generacion-de-pimiento-de-panora","status":"publish","type":"post","link":"https:\/\/www.europesays.com\/es\/289805\/","title":{"rendered":"Las 3 \u2018P\u2019 de la Nueva Generaci\u00f3n de Pimiento de Panora"},"content":{"rendered":"<p>\nLa casa de semillas Panora lanza 313 y 311, dos variedades de su nueva generaci\u00f3n de pimiento que destacan por Protecci\u00f3n, Potencia y Producci\u00f3n<\/p>\n<p>La Nueva Generaci\u00f3n de Pimiento de <a href=\"https:\/\/panoraseeds.com\/es\/\" target=\"_blank\" rel=\"noopener nofollow\">Panora<\/a> ya est\u00e1 aqu\u00ed. Recientemente, la casa de semillas celebr\u00f3 unas jornadas para presentar dos novedades con las que inauguran la nueva l\u00ednea de california: 313 y 311.<\/p>\n<p>Ambas cumplen la regla de las <strong>3 \u2018P\u2019 de Panora: Protecci\u00f3n, Potencia y Producci\u00f3n.<\/strong><\/p>\n<p><a class=\"gofollow\" data-track=\"NDAzLDMsMSw2MA==\" href=\"https:\/\/www.maf-roda.com\/fr\/\" target=\"_blank\" rel=\"nofollow noopener\"><img loading=\"lazy\" decoding=\"async\" data-lazyloaded=\"1\" width=\"450\" height=\"270\" src=\"https:\/\/www.europesays.com\/es\/wp-content\/uploads\/2025\/12\/1765799176_628_Maf-Roda-2025_Campana-Smart-Citrus_GIF-450x270_ES_V02_10.gif\"\/><\/a><\/p>\n<p>De momento est\u00e1n en fase precomercial, y en la campa\u00f1a 2026\/27 pasar\u00e1n a ser comerciales.<\/p>\n<p><strong>313, calidad desde los primeros cuajes<\/strong><\/p>\n<p>La variedad 313 se enmarca en fechas de plantaci\u00f3n del 24 de junio al 10 de julio. Incorpora un completo pack de resistencias a nem\u00e1todos (N), o\u00eddio (Lt), TMV0-3, TSW y destaca por su potente sistema radicular.<\/p>\n<p><a class=\"gofollow\" data-track=\"NDA5LDYsMSw2MA==\" href=\"https:\/\/www.vilmorinmikado.es\/semillas\/lechuga\/todo\" target=\"_blank\" rel=\"nofollow noopener\"><img loading=\"lazy\" decoding=\"async\" data-lazyloaded=\"1\" width=\"450\" height=\"270\" src=\"https:\/\/www.europesays.com\/es\/wp-content\/uploads\/2025\/12\/1765799177_951_Zicatela-Fajardo-Banner-Diciembre-Fruittoday1.jpg\"\/><\/a><\/p>\n<p>Su porte abierto favorece que \u201clos tratamientos entren mejor\u201d y \u201clas hojas, al no posarse sobre los frutos, minimizan posibles da\u00f1os por Parvispinus\u201d, explic\u00f3 a Fruit Today <strong>Eva Mar\u00eda Jerez, t\u00e9cnico comercial.<\/strong><\/p>\n<p>Los frutos de 313 tienen un gran calibre, con muy buena calidad desde los primeros cuajes, y aportan facilidad de producci\u00f3n a los productores. Adem\u00e1s, destacan por su color rojo intenso y un verde brillante sin silverelina.<\/p>\n<blockquote>\n<p><strong>NOTICIA RELACIONADA:\u00a0<a href=\"https:\/\/fruittoday.com\/panora-puesta-de-largo-en-madrid\/\" rel=\"nofollow noopener\" target=\"_blank\">Panora: puesta de largo en Madrid<\/a><\/strong><\/p>\n<\/blockquote>\n<p><strong>311, un poco m\u00e1s tard\u00edo<\/strong><\/p>\n<p>En el caso de la variedad 311, estamos ante un california un poco m\u00e1s tard\u00edo (plantaciones del 10 al 25 de julio), que aporta un mayor aguante poscosecha gracias a su firmeza.<\/p>\n<p>Los frutos son de calibre G-GG y aportan mucha continuidad y homogeneidad durante todo el ciclo. Asimismo, 311 cuenta con resistencia a o\u00eddio (Lt), TMV0-3, TSW y buen comportamiento frente a microcracking.<\/p>\n<blockquote>\n<p><a href=\"https:\/\/www.instagram.com\/p\/DR0Sd9ODaZW\/?utm_source=ig_web_copy_link&amp;igsh=MzRlODBiNWFlZA==\" target=\"_blank\" rel=\"noopener nofollow\"><strong>Mira AQU\u00cd la Galer\u00eda de fotos de Instagram<\/strong><\/a>.<\/p>\n<\/blockquote>\n<p><script async src=\"\/\/www.instagram.com\/embed.js\"><\/script><\/p>\n","protected":false},"excerpt":{"rendered":"La casa de semillas Panora lanza 313 y 311, dos variedades de su nueva generaci\u00f3n de pimiento que&hellip;\n","protected":false},"author":2,"featured_media":289806,"comment_status":"","ping_status":"","sticky":false,"template":"","format":"standard","meta":{"footnotes":""},"categories":[80],"tags":[82,95,94,25,24,69585,69586,47477,23],"class_list":{"0":"post-289805","1":"post","2":"type-post","3":"status-publish","4":"format-standard","5":"has-post-thumbnail","7":"category-economia","8":"tag-business","9":"tag-economia","10":"tag-economy","11":"tag-es","12":"tag-espana","13":"tag-panora","14":"tag-pimiento-california","15":"tag-semillas","16":"tag-spain"},"share_on_mastodon":{"url":"https:\/\/pubeurope.com\/@es\/115724444681440932","error":""},"_links":{"self":[{"href":"https:\/\/www.europesays.com\/es\/wp-json\/wp\/v2\/posts\/289805","targetHints":{"allow":["GET"]}}],"collection":[{"href":"https:\/\/www.europesays.com\/es\/wp-json\/wp\/v2\/posts"}],"about":[{"href":"https:\/\/www.europesays.com\/es\/wp-json\/wp\/v2\/types\/post"}],"author":[{"embeddable":true,"href":"https:\/\/www.europesays.com\/es\/wp-json\/wp\/v2\/users\/2"}],"replies":[{"embeddable":true,"href":"https:\/\/www.europesays.com\/es\/wp-json\/wp\/v2\/comments?post=289805"}],"version-history":[{"count":0,"href":"https:\/\/www.europesays.com\/es\/wp-json\/wp\/v2\/posts\/289805\/revisions"}],"wp:featuredmedia":[{"embeddable":true,"href":"https:\/\/www.europesays.com\/es\/wp-json\/wp\/v2\/media\/289806"}],"wp:attachment":[{"href":"https:\/\/www.europesays.com\/es\/wp-json\/wp\/v2\/media?parent=289805"}],"wp:term":[{"taxonomy":"category","embeddable":true,"href":"https:\/\/www.europesays.com\/es\/wp-json\/wp\/v2\/categories?post=289805"},{"taxonomy":"post_tag","embeddable":true,"href":"https:\/\/www.europesays.com\/es\/wp-json\/wp\/v2\/tags?post=289805"}],"curies":[{"name":"wp","href":"https:\/\/api.w.org\/{rel}","templated":true}]}}