{"id":289836,"date":"2025-12-15T16:53:07","date_gmt":"2025-12-15T16:53:07","guid":{"rendered":"https:\/\/www.europesays.com\/es\/289836\/"},"modified":"2025-12-15T16:53:07","modified_gmt":"2025-12-15T16:53:07","slug":"mattias-skjelmose-renueva-con-lidl-trek-hasta-2028-y-consolida-su-futuro-en-la-elite-del-ciclismo-esciclismo-com","status":"publish","type":"post","link":"https:\/\/www.europesays.com\/es\/289836\/","title":{"rendered":"Mattias Skjelmose renueva con Lidl-Trek hasta 2028 y consolida su futuro en la \u00e9lite del ciclismo &#8211; EsCiclismo.com"},"content":{"rendered":"<ol>\n<li><a href=\"https:\/\/news.google.com\/rss\/articles\/CBMiakFVX3lxTE42c3FpWUdUZGZDZGF5aktoRTFDdjc0cEZhOEgyNUFNTHRhbEg4anVwYkt3cGlCYk9rRXQtaTJtS0dSdVpUX3oxNldiUmdTQ0dpbzJXV0tGbWViS0JJU1FkWU85S0cyd0dyeFE?oc=5\" target=\"_blank\" rel=\"nofollow noopener\">Mattias Skjelmose renueva con Lidl-Trek hasta 2028 y consolida su futuro en la \u00e9lite del ciclismo<\/a>&nbsp;&nbsp;EsCiclismo.com<\/li>\n<li><a href=\"https:\/\/news.google.com\/rss\/articles\/CBMiswFBVV95cUxQY3NyZERTcXRtVk5KMzRHdmpILUI5N0ctTU1LcVVJeXZVamQwT2k3YTNYSU5JZVlTR0RINXdFdFVld2RPZVRZeG1YWDRIdDFwNVlhN01EMFBiekpwdVhPaURwZE5CVkU2aU9BOF9TNWlGckhQZjV5R29jaDdVMnJfd1V4NFRpX09EVG13RzlqRjRDWHFKSnM3aE1KTEhtWDYxangzQVZuck1mMk5LY0pFeEs2QdIBxwFBVV95cUxPQUNnVGd6TDhWa0otblIxZmRUOGNkZmoyYnczbmowTE93NXhWdmR6NmFRNlFDRGxoMXpzcHh5UlZpaktJMTd4RFRLWElLeFlCN2ZIZE1CUUJXVkpkSlV6OUNzNzd0TlFQN3VvRkRIMkVvRXNwNzhmWG5XeGQzUklVdHFWeWYxc2V2ME9teFVYUXJkZkIxUkdHdEtaZmVzNUtBalRfTWZrUVhPVUx1ckM3dUN0SnZHVkxGWFZJaUkyT3h1MldpMlhR?oc=5\" target=\"_blank\" rel=\"nofollow noopener\">Skjelmose renueva hasta 2028 y confirma el equipazo del Lidl-Trek<\/a>&nbsp;&nbsp;Diario AS<\/li>\n<li><a href=\"https:\/\/news.google.com\/rss\/articles\/CBMi3wFBVV95cUxOZlRLaWNJTjl4UzVjOG1yRkdTYTdTV1Y5a3ozbkEySW05dVczRWVvY1dVbk5OZjJ1b0ZlZmZyMmdualcxNHR2STdRdUdTVkotb1lRem4tenFlbU8zamJMV3NVeXppUFlWbUhEVS1vWUFkdkk5Rkg4ZW44TVlfeW9RRHUzRmp2bk1WdlRrSWRYa0tjZjVCV0QwNHAwcjVzR2M3SHJjejV0NUpqckh6RG1ia3RIMVFkVHMwZGRvVldnTVVHbEVIUFctSjVzWmw4MEF0M0hGUmg1dWpUMFk1alpJ?oc=5\" target=\"_blank\" rel=\"nofollow noopener\">Ayuso tiene Skjelmose para rato: Renueva con Lidl-Trek hasta 2028 y no se ve \u00aben ning\u00fan otro sitio\u00bb<\/a>&nbsp;&nbsp;Eurosport<\/li>\n<li><a href=\"https:\/\/news.google.com\/rss\/articles\/CBMimAJBVV95cUxPV25feXhsNC1pblFsVUxvUGlNMFlmd1BDM3p6VHB1alY3UXlVWHRSZ1lhNTh1Y3dFTXA3S1FhTU51N2toem94ZjRZQ1QtME9uNktmdXQyenRLWUZ3cWRNRzdmdV9UNDR6N2JibldrdExzd0Q1RDA3ZkExUzdKUUZEdlpiVVBnbXlDdFNxbjBIaS1ueEZxMThsRC10M2tmeFdBMmVMSF96dHFlWnB2MVMtQTNUM2hseG53NEZsSHBQOE42TjJDQTFhOEZWbm5xSGw4TzlHeXZyZHM3Zy1tSUFYVF9uS1VzdnJVSW1pZTZ4Ym9rSGxZeF9lUU83TUMycGhyeU5SR05SLW5ua3NxYU1qOWdBeHJHOFg2?oc=5\" target=\"_blank\" rel=\"nofollow noopener\">Skjelmose aclara su relaci\u00f3n con Ayuso pero se lleva un chasco: \u00abSer\u00e1 nuestra pr\u00f3xima conversaci\u00f3n\u00bb<\/a>&nbsp;&nbsp;Eurosport<\/li>\n<li><a href=\"https:\/\/news.google.com\/rss\/articles\/CBMinAFBVV95cUxPc2lHNHZLS3BsN3hhMUxJU09UNTNqLS1mWmd0bHl3UnNhbkdjTlRGdTQ2LTBnWmJqcjJIbkpJN25QdmdCdFFzUlU1S2tOUDhaenp6RXJZeTVFVUVRYVZHa3NmdG9OZlVjQTRSdlVXZzJtMlBQcEJuYWVzOW1fOFN3aFBWMTI3Y0FUVUpmMkxOVG4yR1h4WkhQa1hoRGs?oc=5\" target=\"_blank\" rel=\"nofollow noopener\">Lidl Trek apaga el fuego con un nuevo contrato para Skjelmose<\/a>&nbsp;&nbsp;Ciclismo Internacional<\/li>\n<\/ol>\n","protected":false},"excerpt":{"rendered":"Mattias Skjelmose renueva con Lidl-Trek hasta 2028 y consolida su futuro en la \u00e9lite del ciclismo&nbsp;&nbsp;EsCiclismo.com Skjelmose renueva&hellip;\n","protected":false},"author":2,"featured_media":289837,"comment_status":"","ping_status":"","sticky":false,"template":"","format":"standard","meta":{"footnotes":""},"categories":[273],"tags":[10605,69595,17207,313,1757,13973,106,312,7423,168,158,622,25,54231,24,2172,7817,44436,4645,61,69594,8883,1051,41024,4690,13156,3154,50670,8457,1135,41025,23,167,1152,8884,11352,26333],"class_list":{"0":"post-289836","1":"post","2":"type-post","3":"status-publish","4":"format-standard","5":"has-post-thumbnail","7":"category-ciclismo","8":"tag-a","9":"tag-amstel","10":"tag-anunciado","11":"tag-ciclismo","12":"tag-ciclista","13":"tag-continuara","14":"tag-contrato","15":"tag-cycling","16":"tag-danes","17":"tag-deportes","18":"tag-el","19":"tag-equipo","20":"tag-es","21":"tag-escuadra","22":"tag-espana","23":"tag-especiales","24":"tag-estadounidense","25":"tag-gold","26":"tag-grandes","27":"tag-internacional","28":"tag-jensen","29":"tag-lidl","30":"tag-lunes","31":"tag-mattias","32":"tag-peloton","33":"tag-promesas","34":"tag-race","35":"tag-realidades","36":"tag-reciente","37":"tag-renovacion","38":"tag-skjelmose","39":"tag-spain","40":"tag-sports","41":"tag-temporada","42":"tag-trek","43":"tag-vencedor","44":"tag-vinculado"},"share_on_mastodon":{"url":"https:\/\/pubeurope.com\/@es\/115724629047055356","error":""},"_links":{"self":[{"href":"https:\/\/www.europesays.com\/es\/wp-json\/wp\/v2\/posts\/289836","targetHints":{"allow":["GET"]}}],"collection":[{"href":"https:\/\/www.europesays.com\/es\/wp-json\/wp\/v2\/posts"}],"about":[{"href":"https:\/\/www.europesays.com\/es\/wp-json\/wp\/v2\/types\/post"}],"author":[{"embeddable":true,"href":"https:\/\/www.europesays.com\/es\/wp-json\/wp\/v2\/users\/2"}],"replies":[{"embeddable":true,"href":"https:\/\/www.europesays.com\/es\/wp-json\/wp\/v2\/comments?post=289836"}],"version-history":[{"count":0,"href":"https:\/\/www.europesays.com\/es\/wp-json\/wp\/v2\/posts\/289836\/revisions"}],"wp:featuredmedia":[{"embeddable":true,"href":"https:\/\/www.europesays.com\/es\/wp-json\/wp\/v2\/media\/289837"}],"wp:attachment":[{"href":"https:\/\/www.europesays.com\/es\/wp-json\/wp\/v2\/media?parent=289836"}],"wp:term":[{"taxonomy":"category","embeddable":true,"href":"https:\/\/www.europesays.com\/es\/wp-json\/wp\/v2\/categories?post=289836"},{"taxonomy":"post_tag","embeddable":true,"href":"https:\/\/www.europesays.com\/es\/wp-json\/wp\/v2\/tags?post=289836"}],"curies":[{"name":"wp","href":"https:\/\/api.w.org\/{rel}","templated":true}]}}