{"id":289915,"date":"2025-12-15T18:09:10","date_gmt":"2025-12-15T18:09:10","guid":{"rendered":"https:\/\/www.europesays.com\/es\/289915\/"},"modified":"2025-12-15T18:09:10","modified_gmt":"2025-12-15T18:09:10","slug":"ee-uu-asegura-que-se-han-resuelto-el-90-de-las-diferencias-con-rusia-y-merz-ve-una-oportunidad-real-de-paz-en-ucrania","status":"publish","type":"post","link":"https:\/\/www.europesays.com\/es\/289915\/","title":{"rendered":"EE.UU. asegura que se han resuelto el 90% de las diferencias con Rusia y Merz ve una \u00aboportunidad real\u00bb de paz en Ucrania"},"content":{"rendered":"<p>El canciller alem\u00e1n, <strong>Friedrich Merz<\/strong>, ha asegurado este lunes que <strong>existe \u00abuna oportunidad de un proceso de paz real\u00bb en Ucrania<\/strong>, \u00abla mayor desde el comienzo de la guerra\u00bb. Seg\u00fan Merz, EE.UU. ha presentado <strong>garant\u00edas de seguridad \u00abdestacables\u00bb<\/strong> en las negociaciones con Ucrania de este pasado domingo, y ahora existe la posibilidad de un \u00abacuerdo de alto alcance que antes no ten\u00edamos\u00bb. <\/p>\n<p>El canciller ha especulado con que <strong>se pueda llegar a un alto el fuego \u00abantes de Navidad\u00bb<\/strong>. \u00abSin Trump, no habr\u00edamos alcanzado la din\u00e1mica positiva de las \u00faltimas horas\u00bb, ha apostillado. <\/p>\n<p>Merz ha comparecido en Berl\u00edn junto con el presidente ucraniano, <strong>Volodimir Zelenski<\/strong>, y ha revelado que <strong>Washington ha ofrecido \u00abcontribuciones materiales destacables\u00bb para las garant\u00edas de seguridad<\/strong>. \u00abTanto EE.UU. como los europeos est\u00e1n dispuestos a hacer lo que sea necesario para dar garant\u00edas\u00bb, ha subrayado Merz, que ha mencionado el Art\u00edculo 5 de la OTAN como ejemplo. \u00abNo vamos a cometer los errores de Minsk, tiene que haber garant\u00edas de seguridad adecuadas\u00bb, ha a\u00f1adido, en relaci\u00f3n al acuerdo que puso fin a los combates en el este de Ucrania en 2014. <\/p>\n<p>Merz ha declarado que la \u00abcuesti\u00f3n territorial es clave\u00bb y que \u00absolo corresponde a Ucrania\u00bb decidir sobre posibles concesiones. <\/p>\n<p>El canciller alem\u00e1n, Friedrich Merz, da la bienvenida al yerno de Trump, Jared Kushner, y al enviado especial del presidente de EE.UU., Steve Witkoff, en la Canciller\u00eda, para las conversaciones sobre Ucrania, este lunes\u00a0Odd ANDERSEN \/ AFP<\/p>\n<p>Por su parte, Zelenski ha declarado que la parte ucraniana est\u00e1 \u00abescuchando los objetivos rusos y hacemos esfuerzos para exponer nuestra posici\u00f3n, me alegro de que seamos escuchados\u00bb, en especial en una \u00abcuesti\u00f3n tan sensible\u00bb de los territorios, donde Ucrania no ha modificado su postura y se niega a ceder soberan\u00eda.<\/p>\n<p>\u00ab<strong>Tenemos que tener muy claro qu\u00e9 garant\u00edas de paz se dan<\/strong> antes de pasar a la acci\u00f3n en el campo de batalla\u00bb, ha advertizo Zelenski, para quien \u00abla monitorizaci\u00f3n del alto el fuego es la base, porque lo que se trata es c\u00f3mo se aplican esas garant\u00edas y qu\u00e9 sanciones se van a aplicar si la comisi\u00f3n de monitorizaci\u00f3n no puede trabajar correctamente\u00bb.<\/p>\n<p>Zelenski se encuentra en Berl\u00edn donde<strong> Ucrania negocia el posible plan de paz<\/strong> con los enviados del presidente estadounidense, <strong>Donald Trump<\/strong>, y con sus aliados europeos. El presidente franc\u00e9s, <strong>Emmanuel Macron<\/strong>, viajar\u00e1 tambi\u00e9n este lunes a Berl\u00edn para participar de las discusiones. Tambi\u00e9n se espera que asistan los mandatarios de Reino Unido, Italia, Pa\u00edses Bajos, Polonia y Suecia, as\u00ed como la presidenta de la Uni\u00f3n Europea (UE), Ursula von der Leyen, y el secretario general de la OTAN, Mark Rutte. <\/p>\n<p>Se espera que Trump llame durante la cena, seg\u00fan fuentes estadounidenses. En Berl\u00edn se encuentran su enviado especial, <strong>Steve Witkoff<\/strong>, y su yerno, <strong>Jared Kushner<\/strong>.<\/p>\n<p>Merz: la UE perder\u00e1 \u00abcapacidad de acci\u00f3n\u00bb si no aprueba el uso de los activos rusos<\/p>\n<p>Merz se ha referido tambi\u00e9n a los activos rusos congelados por las sanciones de la UE. Los socios comunitarios aprobaron el pasado viernes la inmovilizaci\u00f3n de manera indefinida de unos 210.000 millones de euros , lo que permitir\u00eda destinarlos a financiar la reconstrucci\u00f3n del pa\u00eds si los Veintisiete logran consensuar esa medida.<\/p>\n<p>\u00abMe alegra que hayamos inmovilizado los activos rusos hasta que llegue la paz en Ucrania. Queremos hacer ese dinero \u00fatil para ayudar militarmente a Ucrania en los pr\u00f3ximos dos a\u00f1os\u00bb, ha declarado el canciller. \u00abConsidero que <strong>es una cuesti\u00f3n clave para la capacidad de acci\u00f3n de la UE<\/strong>. Y tenemos que resolverla ahora y tenemos que resolverla de manera que todos los Estados europeos asuman el mismo riesgo. Si no lo conseguimos, no nos enga\u00f1emos, <strong>la capacidad de acci\u00f3n de la UE se ver\u00e1 da\u00f1ada durante a\u00f1os<\/strong> y le mostraremos al mundo que no pudimos estar unidos en un momento decisivo de nuestra historia para defender juntos el orden de nuestro continente\u00bb, ha advertido. <\/p>\n<p>Por su parte, Zelenski ha pedido que esos fondos sirvan \u00abplenamente\u00bb a la defensa de su pa\u00eds.<\/p>\n<p>Resueltas el 90 % de las diferencias con Rusia, seg\u00fan fuentes de EE.UU. <\/p>\n<p>Zelenki discute con sus aliados europeos despu\u00e9s de que, el domingo, los negociadores de Ucrania y EE.UU. volvieran a reunirse, tambi\u00e9n en Berl\u00edn. El presidente ucraniano ha calificado estas negociaciones como \u00abdif\u00edciles\u00bb, pero \u00abproductivas\u00bb, mientras que Witkoff ha asegurado que \u00abse ha progresado mucho\u00bb.<\/p>\n<p>Fuentes de EE.UU. conocedoras de las negociaciones, citadas por Reuters han asegurado que <strong>se han resuelto \u00abel 90 %\u00bb de las diferencias con Rusia<\/strong>. Afirman tambi\u00e9n que <strong>Ucrania recibir\u00e1 garant\u00edas de seguridad similares a las del Art\u00edculo 5 de la OTAN<\/strong>, aunque sin entrar en la Alianza. Estas condiciones, advierten, no estar\u00e1n para siempre sobre la mesa. <\/p>\n<p>Mosc\u00fa tampoco objetar\u00eda a que Ucrania entre en la UE, y Trump quiere evitar que Rusia avance m\u00e1s hacia el oeste, seg\u00fan las mismas fuentes.<\/p>\n<p>\t\tTrump propone que Ucrania entre en la UE en 2027, pero descarta su ingreso en la OTAN\t<\/p>\n<p>No obstante, Mosc\u00fa sigue insistiendo en quedarse con territorio ucraniano y <strong>Washington cree que Ucrania debe ceder el Donb\u00e1s<\/strong>, y para ello retirar a sus tropas de la regi\u00f3n del 10 % de la regi\u00f3n de Donetsk a\u00fan bajo control de Kiev. <\/p>\n<p>La jefa de la diplomacia de la UE, Kaja Kallas, ha asegurado que <strong>la cesi\u00f3n del Donb\u00e1s no ser\u00e1 \u00abel final del juego para Putin\u00bb<\/strong>. \u00abTenemos que comprender que si obtiene el Donb\u00e1s, entonces la fortaleza habr\u00e1 ca\u00eddo y entonces avanzar\u00e1n para quedarse con toda Ucrania\u00bb, ha advertido Kallas durante la reuni\u00f3n de ministros de Exteriores de la UE en Bruselas. <\/p>\n","protected":false},"excerpt":{"rendered":"El canciller alem\u00e1n, Friedrich Merz, ha asegurado este lunes que existe \u00abuna oportunidad de un proceso de paz&hellip;\n","protected":false},"author":2,"featured_media":289916,"comment_status":"","ping_status":"","sticky":false,"template":"","format":"standard","meta":{"footnotes":""},"categories":[42],"tags":[17,18,13,14,11,61,62,63,64,19,20,9,10,15,16,12,21,22,65,66,67],"class_list":{"0":"post-289915","1":"post","2":"type-post","3":"status-publish","4":"format-standard","5":"has-post-thumbnail","7":"category-internacional","8":"tag-breaking-news","9":"tag-breakingnews","10":"tag-featured-news","11":"tag-featurednews","12":"tag-headlines","13":"tag-internacional","14":"tag-international","15":"tag-international-news","16":"tag-internationalnews","17":"tag-latest-news","18":"tag-latestnews","19":"tag-news","20":"tag-noticias","21":"tag-noticias-destacadas","22":"tag-noticiasdestacadas","23":"tag-titulares","24":"tag-ultimas-noticias","25":"tag-ultimasnoticias","26":"tag-world","27":"tag-world-news","28":"tag-worldnews"},"share_on_mastodon":{"url":"https:\/\/pubeurope.com\/@es\/115724928062571022","error":""},"_links":{"self":[{"href":"https:\/\/www.europesays.com\/es\/wp-json\/wp\/v2\/posts\/289915","targetHints":{"allow":["GET"]}}],"collection":[{"href":"https:\/\/www.europesays.com\/es\/wp-json\/wp\/v2\/posts"}],"about":[{"href":"https:\/\/www.europesays.com\/es\/wp-json\/wp\/v2\/types\/post"}],"author":[{"embeddable":true,"href":"https:\/\/www.europesays.com\/es\/wp-json\/wp\/v2\/users\/2"}],"replies":[{"embeddable":true,"href":"https:\/\/www.europesays.com\/es\/wp-json\/wp\/v2\/comments?post=289915"}],"version-history":[{"count":0,"href":"https:\/\/www.europesays.com\/es\/wp-json\/wp\/v2\/posts\/289915\/revisions"}],"wp:featuredmedia":[{"embeddable":true,"href":"https:\/\/www.europesays.com\/es\/wp-json\/wp\/v2\/media\/289916"}],"wp:attachment":[{"href":"https:\/\/www.europesays.com\/es\/wp-json\/wp\/v2\/media?parent=289915"}],"wp:term":[{"taxonomy":"category","embeddable":true,"href":"https:\/\/www.europesays.com\/es\/wp-json\/wp\/v2\/categories?post=289915"},{"taxonomy":"post_tag","embeddable":true,"href":"https:\/\/www.europesays.com\/es\/wp-json\/wp\/v2\/tags?post=289915"}],"curies":[{"name":"wp","href":"https:\/\/api.w.org\/{rel}","templated":true}]}}