{"id":289917,"date":"2025-12-15T18:10:09","date_gmt":"2025-12-15T18:10:09","guid":{"rendered":"https:\/\/www.europesays.com\/es\/289917\/"},"modified":"2025-12-15T18:10:09","modified_gmt":"2025-12-15T18:10:09","slug":"visita-la-casa-de-papa-noel-este-jueves-en-la-antigua-zapateria-de-la-calle-san-juan","status":"publish","type":"post","link":"https:\/\/www.europesays.com\/es\/289917\/","title":{"rendered":"Visita la casa de Pap\u00e1 Noel este jueves en la antigua zapater\u00eda de la calle San Juan"},"content":{"rendered":"<p class=\"uk-article-meta\">\n\t\tEscrito en 15 Diciembre 2025.\t<\/p>\n<p>\t\t\t\t\t\t<img decoding=\"async\" class=\"uk-align-right\" src=\"https:\/\/www.europesays.com\/es\/wp-content\/uploads\/2025\/12\/Cartel_visita_Papa_Noel_25_intro.jpg\" alt=\"\"\/><\/p>\n<p>La Delegaci\u00f3n de Fiestas del Ayuntamiento de Benalup-Casas Viejas ha organizado la visita a la casa de Pap\u00e1 Noel para este jueves 18 de diciembre a partir de las 17:30 horas en la antigua zapater\u00eda de la calle San Juan, frente a la plaza del Pijo.<\/p>\n<p>&#13;<br \/>\n &#13;<\/p>\n<p>La jornada festiva, en la que no faltar\u00e1 la ilusi\u00f3n de los m\u00e1s peque\u00f1os con uno de los personajes m\u00e1s queridos de la Navidad, comenzar\u00e1 a las 16:00 horas con la visita de Pap\u00e1 Noel a la residencia geri\u00e1trica Aura Benalup y un posterior recorrido de la comitiva por las calles del pueblo. Sobre las 17:30 horas, tendr\u00e1 lugar la escenificaci\u00f3n de la Casa de Pap\u00e1 Noel en la calle San Juan.\u00a0\u00a0 \u00a0\u00a0<\/p>\n","protected":false},"excerpt":{"rendered":"Escrito en 15 Diciembre 2025. La Delegaci\u00f3n de Fiestas del Ayuntamiento de Benalup-Casas Viejas ha organizado la visita&hellip;\n","protected":false},"author":2,"featured_media":289918,"comment_status":"","ping_status":"","sticky":false,"template":"","format":"standard","meta":{"footnotes":""},"categories":[8],"tags":[39861,39864,39862,39863,17,18,25,24,13,14,11,19,20,9,10,15,16,23,12,21,22],"class_list":{"0":"post-289917","1":"post","2":"type-post","3":"status-publish","4":"format-standard","5":"has-post-thumbnail","7":"category-espana","8":"tag-ayuntamiento-de-benalup-casas-viejas","9":"tag-benalup","10":"tag-benalup-casas-viejas","11":"tag-benalup-casas-viejas-cadiz","12":"tag-breaking-news","13":"tag-breakingnews","14":"tag-es","15":"tag-espana","16":"tag-featured-news","17":"tag-featurednews","18":"tag-headlines","19":"tag-latest-news","20":"tag-latestnews","21":"tag-news","22":"tag-noticias","23":"tag-noticias-destacadas","24":"tag-noticiasdestacadas","25":"tag-spain","26":"tag-titulares","27":"tag-ultimas-noticias","28":"tag-ultimasnoticias"},"share_on_mastodon":{"url":"https:\/\/pubeurope.com\/@es\/115724932215793818","error":""},"_links":{"self":[{"href":"https:\/\/www.europesays.com\/es\/wp-json\/wp\/v2\/posts\/289917","targetHints":{"allow":["GET"]}}],"collection":[{"href":"https:\/\/www.europesays.com\/es\/wp-json\/wp\/v2\/posts"}],"about":[{"href":"https:\/\/www.europesays.com\/es\/wp-json\/wp\/v2\/types\/post"}],"author":[{"embeddable":true,"href":"https:\/\/www.europesays.com\/es\/wp-json\/wp\/v2\/users\/2"}],"replies":[{"embeddable":true,"href":"https:\/\/www.europesays.com\/es\/wp-json\/wp\/v2\/comments?post=289917"}],"version-history":[{"count":0,"href":"https:\/\/www.europesays.com\/es\/wp-json\/wp\/v2\/posts\/289917\/revisions"}],"wp:featuredmedia":[{"embeddable":true,"href":"https:\/\/www.europesays.com\/es\/wp-json\/wp\/v2\/media\/289918"}],"wp:attachment":[{"href":"https:\/\/www.europesays.com\/es\/wp-json\/wp\/v2\/media?parent=289917"}],"wp:term":[{"taxonomy":"category","embeddable":true,"href":"https:\/\/www.europesays.com\/es\/wp-json\/wp\/v2\/categories?post=289917"},{"taxonomy":"post_tag","embeddable":true,"href":"https:\/\/www.europesays.com\/es\/wp-json\/wp\/v2\/tags?post=289917"}],"curies":[{"name":"wp","href":"https:\/\/api.w.org\/{rel}","templated":true}]}}