{"id":289925,"date":"2025-12-15T18:26:23","date_gmt":"2025-12-15T18:26:23","guid":{"rendered":"https:\/\/www.europesays.com\/es\/289925\/"},"modified":"2025-12-15T18:26:23","modified_gmt":"2025-12-15T18:26:23","slug":"asi-es-la-casa-sostenible-en-el-valle-del-jerte-donde-la-actriz-begona-vargas-se-ha-refugiado-con-amigas","status":"publish","type":"post","link":"https:\/\/www.europesays.com\/es\/289925\/","title":{"rendered":"As\u00ed es la casa sostenible en el valle del Jerte donde la actriz Bego\u00f1a Vargas se ha refugiado con amigas"},"content":{"rendered":"<p id=\"e_5xJfQnf8\" data-wc=\"96\">Viajar al valle del Jerte es un acierto en cualquier \u00e9poca del a\u00f1o, pero no siempre se piensa en \u00e9l como escapada oto\u00f1al, m\u00e1s al inicio de la primavera, cuando <a class=\"hm-link ho-link\" href=\"https:\/\/www.hola.com\/viajes\/20211227307854\/valle-jerte-caceres-ruta\/\" data-mrf-recirculation=\"article-body-link\" rel=\"nofollow noopener\" target=\"_blank\">su paisaje se ti\u00f1e de blanco por la floraci\u00f3n de los cerezos<\/a>. Sin embargo, al \u00a0acercarse el final del a\u00f1o, el valle se transforma en un espect\u00e1culo de ocres, rojos y amarillos, que se puede disfrutar desde sus miradores o recorriendo sus senderos. Sus <strong>gargantas y cascadas, rebosantes de agua<\/strong> tras las lluvias, son un verdadero goce para los amantes de la naturaleza y el paisaje.<\/p>\n<p> <img src=\"https:\/\/www.europesays.com\/es\/wp-content\/uploads\/2025\/12\/9650b9fa7ab8-01begona-vargas.jpg\"   width=\"1080\" height=\"1080\" loading=\"lazy\" decoding=\"async\" alt=\"la actriz, cantante y modelo Bego\u00f1a Vargas en el valle del Jerte, C\u00e1ceres\" fetchpriority=\"auto\" class=\"image ho-image\"\/>\u00a9 Airbnb<\/p>\n<p id=\"eEhYjjx0MaT\" data-wc=\"71\">Una de las caras conocidas que acaba de volver de all\u00ed ha sido <a class=\"hm-link ho-link\" href=\"https:\/\/www.hola.com\/moda\/20250822851569\/begona-vargas-vestido-de-novia-encaje-escote-espalda-look\/\" data-mrf-recirculation=\"article-body-link\" rel=\"nofollow noopener\" target=\"_blank\">la actriz, cantante y modelo Bego\u00f1a Vargas<\/a>. \u201cUnos d\u00edas en la naturaleza siempre vienen bien para desconectar con amigas y ver el valle del Jerte en oto\u00f1o\u201d, ha comentado. Era justo lo que necesitaba: \u201cSe trataba de desconectar para reconectar\u201d, y la experiencia, dice, le ha llenado, porque <strong>\u201csiento la cabeza m\u00e1s ligera y el coraz\u00f3n m\u00e1s lleno\u201d.<\/strong><\/p>\n<p> <img src=\"https:\/\/www.europesays.com\/es\/wp-content\/uploads\/2025\/12\/798e65c87428-exterior.jpg\"   width=\"1080\" height=\"1080\" loading=\"lazy\" decoding=\"async\" alt=\"Cerr\u00e1s Agroturismo, valle del Jerte, C\u00e1ceres\" fetchpriority=\"auto\" class=\"image ho-image\"\/>\u00a9 Airbnb<\/p>\n<p id=\"e_BOvQ0zr4\" data-wc=\"103\">Integrada literalmente en el paisaje, a 2,5 kil\u00f3metros del pueblo y a 1800 metros de altitud, la casa rural a la que la actriz se ha escapado con amigas es Cerr\u00e1s Agroturismo. Disponible para alquilar en Airbnb (airbnb.es), demuestra que lujo y respeto por el medio ambiente pueden ir de la mano. Piedra, madera y cal son la base de esta construcci\u00f3n, que sigue el estilo tradicional de las <strong>casas de campo de toda la vida<\/strong>, y ha sido edificada con una filosof\u00eda sostenible: <strong>funciona 100% con recursos naturales, solo se emplean materiales biodegradables y ecol\u00f3gicos, se han eliminado al m\u00e1ximo los pl\u00e1sticos&#8230;<\/strong><\/p>\n<p> <img src=\"https:\/\/www.europesays.com\/es\/wp-content\/uploads\/2025\/12\/5d87d9c50b23-04begona-vargas.jpg\"   width=\"1080\" height=\"1080\" loading=\"lazy\" decoding=\"async\" alt=\"la actriz, cantante y modelo Bego\u00f1a Vargas en el valle del Jerte, C\u00e1ceres\" fetchpriority=\"auto\" class=\"image ho-image\"\/>\u00a9 Airbnb<\/p>\n<p id=\"eaeowEQ5iZS\" data-wc=\"46\">El alojamiento destaca por su dise\u00f1o c\u00e1lido y su gran porche, pero lo que realmente roba la atenci\u00f3n de la casa son sus vistas abiertas al valle y a la Reserva Natural Garganta de los Infiernos, que Bego\u00f1a y sus amigas han podido contemplar cada d\u00eda.<\/p>\n<p id=\"eoRO4n68Hie\" data-wc=\"125\">Detr\u00e1s de la casa hay una historia personal, la de \u00c1frica y Santi, una joven pareja nacida en Jerte, pero residente hasta hace unos a\u00f1os en Madrid que, junto a sus dos hijos peque\u00f1os, decidieron regresar y embarcarse en construir su hogar huyendo del bullicio de la ciudad, pues <strong>anhelaban la tranquilidad que les ofrec\u00eda su pueblo.<\/strong> Ese cambio de vida y de prioridades los llev\u00f3 a poner su atenci\u00f3n en la finca de sus abuelos y construir una casita en medio de la nada que, para muchos, era una aut\u00e9ntica locura: \u201cNuestro objetivo era permitir que la gente viviera en el campo, en paz y en armon\u00eda con la naturaleza, cuidando de nuestra tierra y <strong>alej\u00e1ndose de la bulliciosa ciudad para recargar energ\u00edas\u201d<\/strong>, dicen.<\/p>\n<p> <img src=\"https:\/\/www.europesays.com\/es\/wp-content\/uploads\/2025\/12\/8216077308ad-interior.jpg\"   width=\"1920\" height=\"1080\" loading=\"lazy\" decoding=\"async\" alt=\"Cerr\u00e1s Agroturismo, valle del Jerte, C\u00e1ceres\" fetchpriority=\"auto\" class=\"image ho-image\"\/>\u00a9 Airbnb<\/p>\n<p id=\"ewSPW7i6IzW\" data-wc=\"112\">Poco a poco, la casa fue tomando forma. Distribuida en dos alturas, cada una de sus cuatro habitaciones dobles con ba\u00f1o y techos de madera \u2013Olivo, Picota, Reboldo y Asperones\u2013 \u00abha sido pensada de forma individual, en funci\u00f3n de sus vistas y de la historia que la rodea\u00bb, nos cuentan. \u00a0\u00abTodas tienen un relato propio\u00bb. Su decoraci\u00f3n es c\u00e1lida, en tonos neutros, tierras y maderas. \u00abGran parte del mobiliario ha sido dise\u00f1ado y fabricado por nosotros mismos. Son piezas \u00fanicas, elaboradas con maderas de la zona, con elementos restaurados que pertenecieron a nuestros antepasados\u00bb. Aunque aqu\u00ed lo importante es la comodidad y lo que se ve desde ellas: un paisaje que hipnotiza.<\/p>\n<p>  <img src=\"https:\/\/www.europesays.com\/es\/wp-content\/uploads\/2025\/12\/a19dd6439bda-cama.jpg\"   width=\"1920\" height=\"1080\" loading=\"lazy\" decoding=\"async\" alt=\"Cerr\u00e1s Agroturismo, valle del Jerte, C\u00e1ceres\" fetchpriority=\"auto\" class=\"image ho-image\"\/>\u00a9 Airbnb<\/p>\n<p>  <img src=\"https:\/\/www.europesays.com\/es\/wp-content\/uploads\/2025\/12\/18d43ec33a23-chimenea.jpg\"   width=\"1920\" height=\"1080\" loading=\"lazy\" decoding=\"async\" alt=\"Cerr\u00e1s Agroturismo, valle del Jerte, C\u00e1ceres\" fetchpriority=\"auto\" class=\"image ho-image\"\/>\u00a9 Airbnb<\/p>\n<p id=\"eGqgdbsdKVA\" data-wc=\"104\">M\u00e1s grandes son los ventanales de la zona com\u00fan, en la planta baja, un gran espacio di\u00e1fano que integra sal\u00f3n, comedor y cocina, donde estos d\u00edas se agradece acurrucarse <strong>junto a la chimenea de le\u00f1a,<\/strong> sentarse a comer en su gran mesa artesanal, inspirada en las antiguas de matanza que se utilizaban en el Jerte, o simplemente, como hizo Bego\u00f1a Vargas, situarse c\u00f3modamente en el alf\u00e9izar del sal\u00f3n y saborear\u00a0<strong>un caf\u00e9 reci\u00e9n hecho o una de las\u00a0<\/strong><strong>infusiones ecol\u00f3gicas caseras<\/strong> que encontrar\u00e1s en la cocina, donde tambi\u00e9n hay vinagre de vino de cosecha propia y una variedad de <strong>especias recolectadas en la finca.<\/strong><\/p>\n<p> <img src=\"https:\/\/www.europesays.com\/es\/wp-content\/uploads\/2025\/12\/46973a6a8223-casa2.jpg\"   width=\"1080\" height=\"1080\" loading=\"lazy\" decoding=\"async\" alt=\"Cerr\u00e1s Agroturismo, valle del Jerte, C\u00e1ceres\" fetchpriority=\"auto\" class=\"image ho-image\"\/>\u00a9 Airbnb<\/p>\n<p id=\"eBWhxx3Tpk8\" data-wc=\"59\">Dos hect\u00e1reas de terreno tiene la finca, donde crecen <strong>cerezos, principalmente, pero tambi\u00e9n higueras y frutales que brindan frutas de temporada<\/strong> y se extienden hasta donde alcanza la vista. Adem\u00e1s, hay huerto ecol\u00f3gico, gallinero, mirador, fuente, una piscina infinita disponible todo el a\u00f1o, un arroyo que corre por ella y caminos para dar un agradable paseo descubriendo cada rinc\u00f3n.<\/p>\n<p> <img src=\"https:\/\/www.europesays.com\/es\/wp-content\/uploads\/2025\/12\/b6f81cca62ae-exterior2.jpg\"   width=\"1080\" height=\"1080\" loading=\"lazy\" decoding=\"async\" alt=\"Cerr\u00e1s Agroturismo, valle del Jerte, C\u00e1ceres\" fetchpriority=\"auto\" class=\"image ho-image\"\/><\/p>\n<p id=\"eYIR6J_IPCy\" data-wc=\"66\">Los propietarios de Cerr\u00e1s Agroturismo ofrecen actividades que permiten <strong>conocer la vida de un agricultor e incluso participar en las labores que se realizan en la finca.<\/strong> Y tambi\u00e9n participar en un show cooking de la mano de una chef de la zona o de catas de vino, hacer yoga, darse un masaje, rutas a caballo, astroturismo\u2026 Porque hay muchas formas de disfrutar de este entorno.<\/p>\n<p> <img src=\"https:\/\/www.europesays.com\/es\/wp-content\/uploads\/2025\/12\/fbe59018cf2b-actriz.jpg\"   width=\"1080\" height=\"1080\" loading=\"lazy\" decoding=\"async\" alt=\"la actriz, cantante y modelo Bego\u00f1a Vargas en el valle del Jerte, C\u00e1ceres\" fetchpriority=\"auto\" class=\"image ho-image\"\/>\u00a9 Airbnb<\/p>\n<p id=\"eYMLvBTEw0O\" data-wc=\"74\">Saliendo de la casa, las excursiones por la Reserva Natural de la Garganta de los Infiernos descubren parajes tan impresionantes como el Collado de las Losas, con unas vistas impresionantes del valle del Jerte, el Puente Nuevo \u2013por \u00e9l pas\u00f3 Carlos V en su retiro al monasterio de Yuste\u2013 o la zona de <strong>los Pilones, donde el agua ha creado marmitas (pozas)<\/strong> gigantes que en verano animan a un ba\u00f1o en sus cristalinas aguas.<\/p>\n","protected":false},"excerpt":{"rendered":"Viajar al valle del Jerte es un acierto en cualquier \u00e9poca del a\u00f1o, pero no siempre se piensa&hellip;\n","protected":false},"author":2,"featured_media":289926,"comment_status":"","ping_status":"","sticky":false,"template":"","format":"standard","meta":{"footnotes":""},"categories":[174],"tags":[69600,3975,255,146,147,25,24,7234,256,23,226],"class_list":{"0":"post-289925","1":"post","2":"type-post","3":"status-publish","4":"format-standard","5":"has-post-thumbnail","7":"category-famosos","8":"tag-begona-vargas","9":"tag-caceres","10":"tag-celebrities","11":"tag-entertainment","12":"tag-entretenimiento","13":"tag-es","14":"tag-espana","15":"tag-extremadura","16":"tag-famosos","17":"tag-spain","18":"tag-viajes"},"share_on_mastodon":{"url":"https:\/\/pubeurope.com\/@es\/115724998190199410","error":""},"_links":{"self":[{"href":"https:\/\/www.europesays.com\/es\/wp-json\/wp\/v2\/posts\/289925","targetHints":{"allow":["GET"]}}],"collection":[{"href":"https:\/\/www.europesays.com\/es\/wp-json\/wp\/v2\/posts"}],"about":[{"href":"https:\/\/www.europesays.com\/es\/wp-json\/wp\/v2\/types\/post"}],"author":[{"embeddable":true,"href":"https:\/\/www.europesays.com\/es\/wp-json\/wp\/v2\/users\/2"}],"replies":[{"embeddable":true,"href":"https:\/\/www.europesays.com\/es\/wp-json\/wp\/v2\/comments?post=289925"}],"version-history":[{"count":0,"href":"https:\/\/www.europesays.com\/es\/wp-json\/wp\/v2\/posts\/289925\/revisions"}],"wp:featuredmedia":[{"embeddable":true,"href":"https:\/\/www.europesays.com\/es\/wp-json\/wp\/v2\/media\/289926"}],"wp:attachment":[{"href":"https:\/\/www.europesays.com\/es\/wp-json\/wp\/v2\/media?parent=289925"}],"wp:term":[{"taxonomy":"category","embeddable":true,"href":"https:\/\/www.europesays.com\/es\/wp-json\/wp\/v2\/categories?post=289925"},{"taxonomy":"post_tag","embeddable":true,"href":"https:\/\/www.europesays.com\/es\/wp-json\/wp\/v2\/tags?post=289925"}],"curies":[{"name":"wp","href":"https:\/\/api.w.org\/{rel}","templated":true}]}}