{"id":289927,"date":"2025-12-15T18:27:28","date_gmt":"2025-12-15T18:27:28","guid":{"rendered":"https:\/\/www.europesays.com\/es\/289927\/"},"modified":"2025-12-15T18:27:28","modified_gmt":"2025-12-15T18:27:28","slug":"dos-arquitectos-ayudan-a-un-joven-de-25-anos-a-cumplir-su-sueno-transformando-un-loft-en-una-casa-minimalista-libre-y-fluida-queria-un-hogar-que-pudiera-crecer-conmigo","status":"publish","type":"post","link":"https:\/\/www.europesays.com\/es\/289927\/","title":{"rendered":"Dos arquitectos ayudan a un joven de 25 a\u00f1os a cumplir su sue\u00f1o transformando un loft en una casa minimalista, libre y fluida: \u00abQuer\u00eda un hogar que pudiera crecer conmigo\u00bb"},"content":{"rendered":"<p><strong>Un espacio libre, fluido y siempre cambiante, as\u00ed es la casa minimalista de un joven romano<\/strong><\/p>\n<p>Hay casas que se dise\u00f1an para ser <a href=\"https:\/\/www.revistaad.es\/articulos\/estas-son-las-4-claves-del-diseno-atemporal-segun-michael-anastassiades\" rel=\"nofollow noopener\" target=\"_blank\">atemporales<\/a> y perdurar inalteradas en el tiempo, y luego hay casas como \u00e9sta: un loft en Roma de 120 m2 que naci\u00f3 de la vida (y las necesidades) de un joven de 25 a\u00f1os que rechaza la idea de vivir en espacios r\u00edgidos, predefinidos y \u00abadultos\u00bb. <strong>Para \u00e9l, la casa es un organismo vivo, una compa\u00f1era de viaje, un lugar que debe acoger ritmos r\u00e1pidos, pasiones cambiantes, hu\u00e9spedes que van y vienen, veladas improvisadas y tambi\u00e9n fines de semana tranquilos.<\/strong><\/p>\n<p><strong>Cuando Filippo conoci\u00f3 a los arquitectos, Gianluca Graziani y <a data-offer-url=\"https:\/\/michelaekstrom.com\/\" class=\"external-link\" data-event-click=\"{&quot;element&quot;:&quot;ExternalLink&quot;,&quot;outgoingURL&quot;:&quot;https:\/\/michelaekstrom.com\/&quot;}\" href=\"https:\/\/michelaekstrom.com\/\" rel=\"nofollow noopener\" target=\"_blank\">Michela Ekstr\u00f6m<\/a>, solo pidi\u00f3 una cosa: \u00abQuiero una casa que pueda crecer conmigo\u00bb. Y de esta petici\u00f3n -tan espont\u00e1nea y radical- naci\u00f3 F\u00b0LOFT &#8211; Living Twenty-Five,<\/strong> un proyecto que rechaza toda estaticidad y construye una nueva forma de vivir los interiores: circular, abierta, en continuo movimiento. El coraz\u00f3n de esta casa minimalista y sorprendente, es un gran bloque central, un volumen material que se convierte en br\u00fajula y nexo de uni\u00f3n. A su alrededor, los espacios se suceden siguiendo un recorrido anular, sin principio ni fin, como un bucle dom\u00e9stico que permite moverse sin interrupci\u00f3n.<\/p>\n<p>\u00abQuer\u00edamos crear una experiencia, no solo una distribuci\u00f3n\u00bb, dicen los dise\u00f1adores. \u00abUna casa para recorrer, no solo para habitar\u00bb.<\/p>\n<p><img decoding=\"async\" alt=\"loft cocina a la vista\" loading=\"lazy\" class=\"ResponsiveImageContainer-eNxvmU cfBbTk responsive-image__image\"   src=\"https:\/\/www.europesays.com\/es\/wp-content\/uploads\/2025\/12\/7%20I%20Floft%20I%20Roma%20I%202025%20I%20%C2%A9CarloOriente2025.jpg\"\/><\/p>\n<p>En el sal\u00f3n, en primer plano, las mesitas Dattilo y Basiluzzo, ambas dise\u00f1adas por Paolo Cappello para Forma&amp;Cemento.\u00a9 Carlo Oriente<\/p>\n<p><img decoding=\"async\" alt=\"lmpara de mesa y ventana con vistas\" loading=\"lazy\" class=\"ResponsiveImageContainer-eNxvmU cfBbTk responsive-image__image\"   src=\"https:\/\/www.europesays.com\/es\/wp-content\/uploads\/2025\/12\/14%20I%20Floft%20I%20Roma%20I%202025%20I%20%C2%A9CarloOriente2025.jpg\"\/><\/p>\n<p>Dise\u00f1ada por Achille y Pier Giacomo Castiglioni, Gatto Piccolo es una l\u00e1mpara de mesa con estructura interna de acero pintado.\u00a9 Carlo Oriente<\/p>\n<p><img decoding=\"async\" alt=\"Sacco de Zanotta\" loading=\"lazy\" class=\"ResponsiveImageContainer-eNxvmU cfBbTk responsive-image__image\"   src=\"https:\/\/www.europesays.com\/es\/wp-content\/uploads\/2025\/12\/8%20I%20Floft%20I%20Roma%20I%202025%20I%20%C2%A9CarloOriente2025.jpg\"\/><\/p>\n<p>Sacco, el famoso sill\u00f3n anat\u00f3mico de Piero Gatti, Cesare Paolini y Franco Teodoro para Zanotta, una de las notas de color en el espacio central.\u00a9 Carlo Oriente<\/p>\n<p><strong>Cuando cada elemento es un fragmento de vida (y no un decorado coordinado)<\/strong><\/p>\n<p>Lo que llama la atenci\u00f3n al entrar es la libertad. Nada parece estudiado para parecer perfecto, pero todo est\u00e1 cuidadosamente elegido para ser aut\u00e9ntico. <strong>\u00abEl propietario no quer\u00eda una casa decorada\u00bb, explican los arquitectos, \u00absino un lugar donde los objetos pudieran coexistir como diferentes personas en un sal\u00f3n abarrotado\u00bb.<\/strong> Por eso los muebles no forman parte de un moodboard, sino que cuentan historias individuales: una butaca de madera, un puf para trabajar en el suelo, una mesa de cemento de forma escultural, un asiento rojo que de repente ilumina la habitaci\u00f3n en un golpe teatral.<\/p>\n<p><img decoding=\"async\" alt=\"cocina negra\" loading=\"lazy\" class=\"ResponsiveImageContainer-eNxvmU cfBbTk responsive-image__image\"   src=\"https:\/\/www.europesays.com\/es\/wp-content\/uploads\/2025\/12\/15%20I%20Floft%20I%20Roma%20I%202025%20I%20%C2%A9CarloOriente2025.jpg\"\/><\/p>\n<p>Loop 1300 de Arkoslight es una l\u00e1mpara colgante compuesta por una secuencia de discos luminosos con cuerpo de aluminio, envueltos en un cilindro de cristal, y tambi\u00e9n una de las piezas centrales de la cocina.\u00a9 Carlo Oriente<\/p>\n<p><img decoding=\"async\" alt=\"Joven en una estancia de su casa pintada de gris\" loading=\"lazy\" class=\"ResponsiveImageContainer-eNxvmU cfBbTk responsive-image__image\"   src=\"https:\/\/www.europesays.com\/es\/wp-content\/uploads\/2025\/12\/25%20I%20Floft%20I%20Roma%20I%202025%20I%20%C2%A9CarloOriente2025.jpg\"\/><\/p>\n<p>\u201cQuer\u00eda un espacio que cambiara conmigo\u201d, confiesa Filippo, el joven propietario del apartamento.\u00a9 Carlo Oriente<\/p>\n<p>La <a href=\"https:\/\/www.revistaad.es\/articulos\/tendencias-cocinas-2026\" rel=\"nofollow noopener\" target=\"_blank\">cocina<\/a> negra contrasta con el suelo de madera clara y las paredes neutras, que sirven de tel\u00f3n de fondo a <a href=\"https:\/\/www.revistaad.es\/articulos\/lamparas-iconicas-que-debes-conocer\" rel=\"nofollow noopener\" target=\"_blank\">l\u00e1mparas ic\u00f3nicas<\/a> y detalles artesanales. Nada se impone, todo est\u00e1 en equilibrio. O mejor dicho: en un equilibrio deliberadamente imperfecto, vivo y cambiante. <strong>Al propietario le gusta invitar a amigos y transformar la casa todo el tiempo: un d\u00eda vivienda, un d\u00eda estudio, un d\u00eda retiro creativo.<\/strong> Aqu\u00ed es donde la elecci\u00f3n de puertas de altura completa resulta esencial. \u00abSon aperturas, no transiciones\u00bb, explican los dos dise\u00f1adores. Eliminan la percepci\u00f3n de los l\u00edmites y convierten cada habitaci\u00f3n en una posibilidad abierta.<\/p>\n<p><img decoding=\"async\" alt=\"dormitorio sobrio y minimalista\" loading=\"lazy\" class=\"ResponsiveImageContainer-eNxvmU cfBbTk responsive-image__image\"   src=\"https:\/\/www.europesays.com\/es\/wp-content\/uploads\/2025\/12\/17%20I%20Floft%20I%20Roma%20I%202025%20I%20%C2%A9CarloOriente2025.jpg\"\/><\/p>\n<p>Para el suelo se eligi\u00f3 el parquet Legno Large de Kerakoll, acabado con Microresina Parquet transparente, utilizado de forma continua en toda la casa.\u00a9 Carlo Oriente<\/p>\n<p><img decoding=\"async\" alt=\"silla Cesca\" loading=\"lazy\" class=\"ResponsiveImageContainer-eNxvmU cfBbTk responsive-image__image\"   src=\"https:\/\/www.europesays.com\/es\/wp-content\/uploads\/2025\/12\/20%20I%20Floft%20I%20Roma%20I%202025%20I%20%C2%A9CarloOriente2025.jpg\"\/><\/p>\n<p>La silla Cesca, dise\u00f1ada por Marcel Breuer en 1928 y caracterizada por su estructura tubular met\u00e1lica, dialoga con la mesita de noche Componibili de Anna Castelli Ferrieri para Kartell.\u00a9 Carlo Oriente<\/p>\n<p><img decoding=\"async\" alt=\"ba\u00f1o marr\u00f3n\" loading=\"lazy\" class=\"ResponsiveImageContainer-eNxvmU cfBbTk responsive-image__image\"   src=\"https:\/\/www.europesays.com\/es\/wp-content\/uploads\/2025\/12\/2%20I%20Floft%20I%20Roma%20I%202025%20I%20%C2%A9CarloOriente2025.jpg\"\/><\/p>\n<p>Para el cuarto de ba\u00f1o se ha elegido el revestimiento Matera Ebano de Opificio Ceramico.\u00a9 Carlo Oriente<\/p>\n<p><strong>Una casa que se transforma y un proyecto nacido de la escucha<\/strong><\/p>\n<p>Es una casa joven, sin duda. Pero tambi\u00e9n es una casa profundamente culta, porque refleja la doble alma de los dise\u00f1adores: la <a href=\"https:\/\/www.revistaad.es\/galerias\/30-casas-de-estilo-mediterraneo-donde-querriamos-perdernos-este-verano\" rel=\"nofollow noopener\" target=\"_blank\">visi\u00f3n mediterr\u00e1nea<\/a> de Graziani, hecha de luz y materia, y la <a href=\"https:\/\/www.revistaad.es\/articulos\/estilo-escandinavo-casas-luminosas-elegantes\" rel=\"nofollow noopener\" target=\"_blank\">precisi\u00f3n escandinava<\/a> de Ekstr\u00f6m, atenta a los detalles constructivos y a la sencillez como forma de calidad. <strong>El resultado es un interior c\u00e1lido y contempor\u00e1neo, preparado para cambiar con el tiempo. \u00abTrabajar con un cliente tan joven significa planificar el cambio. No sabes qu\u00e9 tipo de vida tendr\u00e1 dentro de diez a\u00f1os, y por eso tienes que construir una arquitectura flexible, capaz de acompa\u00f1arle\u00bb.<\/strong><\/p>\n<p>Sin jerarqu\u00edas, sin \u00abantes y despu\u00e9s\u00bb, sin l\u00edmites impuestos. Solo un paisaje dom\u00e9stico que respira y se transforma. <strong>Al entrar en el F\u00b0LOFT uno tiene la sensaci\u00f3n de adentrarse en una narraci\u00f3n abierta: cap\u00edtulos que el propietario seguir\u00e1 escribiendo mientras vive, crece, se equivoca, cambia.<\/strong> Un loft en Roma que se parece a \u00e9l de la forma m\u00e1s bella posible: no es perfecto, pero es aut\u00e9ntico. No es definitivo, pero podr\u00e1 serlo.<\/p>\n","protected":false},"excerpt":{"rendered":"Un espacio libre, fluido y siempre cambiante, as\u00ed es la casa minimalista de un joven romano Hay casas&hellip;\n","protected":false},"author":2,"featured_media":289928,"comment_status":"","ping_status":"","sticky":false,"template":"","format":"standard","meta":{"footnotes":""},"categories":[173],"tags":[229,233,231,230,1530,8372,232,33065,234,146,147,25,24,23,12443],"class_list":{"0":"post-289927","1":"post","2":"type-post","3":"status-publish","4":"format-standard","5":"has-post-thumbnail","7":"category-arte-y-diseno","8":"tag-arte","9":"tag-arte-y-diseno","10":"tag-arts","11":"tag-arts-and-design","12":"tag-casas-ad","13":"tag-decoracion","14":"tag-design","15":"tag-digital_syndication","16":"tag-diseno","17":"tag-entertainment","18":"tag-entretenimiento","19":"tag-es","20":"tag-espana","21":"tag-spain","22":"tag-splitscreenimageleftfullbleed"},"share_on_mastodon":{"url":"https:\/\/pubeurope.com\/@es\/115724999069403397","error":""},"_links":{"self":[{"href":"https:\/\/www.europesays.com\/es\/wp-json\/wp\/v2\/posts\/289927","targetHints":{"allow":["GET"]}}],"collection":[{"href":"https:\/\/www.europesays.com\/es\/wp-json\/wp\/v2\/posts"}],"about":[{"href":"https:\/\/www.europesays.com\/es\/wp-json\/wp\/v2\/types\/post"}],"author":[{"embeddable":true,"href":"https:\/\/www.europesays.com\/es\/wp-json\/wp\/v2\/users\/2"}],"replies":[{"embeddable":true,"href":"https:\/\/www.europesays.com\/es\/wp-json\/wp\/v2\/comments?post=289927"}],"version-history":[{"count":0,"href":"https:\/\/www.europesays.com\/es\/wp-json\/wp\/v2\/posts\/289927\/revisions"}],"wp:featuredmedia":[{"embeddable":true,"href":"https:\/\/www.europesays.com\/es\/wp-json\/wp\/v2\/media\/289928"}],"wp:attachment":[{"href":"https:\/\/www.europesays.com\/es\/wp-json\/wp\/v2\/media?parent=289927"}],"wp:term":[{"taxonomy":"category","embeddable":true,"href":"https:\/\/www.europesays.com\/es\/wp-json\/wp\/v2\/categories?post=289927"},{"taxonomy":"post_tag","embeddable":true,"href":"https:\/\/www.europesays.com\/es\/wp-json\/wp\/v2\/tags?post=289927"}],"curies":[{"name":"wp","href":"https:\/\/api.w.org\/{rel}","templated":true}]}}