{"id":289973,"date":"2025-12-15T19:04:12","date_gmt":"2025-12-15T19:04:12","guid":{"rendered":"https:\/\/www.europesays.com\/es\/289973\/"},"modified":"2025-12-15T19:04:12","modified_gmt":"2025-12-15T19:04:12","slug":"zte-presenta-una-tablet-economica-con-pantalla-de-11%e2%80%b3-a-90-hz-y-que-llegara-a-europa-muy-pronto-tablets-smartlife","status":"publish","type":"post","link":"https:\/\/www.europesays.com\/es\/289973\/","title":{"rendered":"ZTE presenta una tablet econ\u00f3mica con pantalla de 11\u2033 a 90 Hz y que llegar\u00e1 a Europa muy pronto | Tablets | Smartlife"},"content":{"rendered":"<p class=\"\">ZTE es muy conocida por su l\u00ednea de tel\u00e9fonos, pero tambi\u00e9n cuenta con tablets de todo tipo. Y ahora la compa\u00f1\u00eda ha presentado l<b>a ZTE Pad X1102N, un modelo econ\u00f3mico que ya ha comenzado su despliegue en Europa<\/b>, empezando por Polonia, y que apunta directamente a convertirse en una opci\u00f3n muy interesante si buscas una tablet barata y potente.<\/p>\n<p class=\"\">Con un dise\u00f1o tradicional, esta nueva tablet de ZTE cuenta conun conector de auriculares de 3.5 mm y cuatro altavoces con sonido DTS para ofrecer un gran paisaje ac\u00fastico. Y con s<b>olo 7,65 mil\u00edmetros de grosor y un peso de 522 gramos<\/b>, es un equipo manejable pese al tama\u00f1o de su pantalla.<\/p>\n<p>Ficha t\u00e9cnica de la tablet ZTE Pad X1102N<\/p>\n<p class=\"\">Y lo cierto es que vas a exprimir los altavoces de este equipo, m\u00e1s con el apartado multimedia que ofrece. Para ello, la pantalla de la ZTE Pad X1102N est\u00e1 formada por un <b>panel LCD de 11 pulgadas con resoluci\u00f3n Full HD+ y una tasa de refresco de 90 H<\/b>z. Una configuraci\u00f3n muy completa para una tablet barata y que invita a disfrutar de pel\u00edculas, series y otros contenidos en la mejor calidad.<\/p>\n<p><img alt=\"ZTE Pad X1102N\" decoding=\"auto\" class=\"_re lazyload a_m-h\" height=\"233\"  width=\"414\"  src=\"https:\/\/www.europesays.com\/es\/wp-content\/uploads\/2025\/12\/UQTSAGPE4VFDJIK7YBJ4GFNRVI.jpg\" loading=\"lazy\"\/>ZTE Pad X1102NZTE <\/p>\n<p class=\"\">Pasando a la potencia, ZTE ten\u00eda que recortar por alg\u00fan punto. Y el procesador es un Unisoc T8100 fabricado en 6 nan\u00f3metros, un chip orientado a la gama entrada. Eso s\u00ed, ZTE lo compensa a\u00f1adiendo fuerza bruta, ya que este procesador llega acompa\u00f1ado por 6 GB de memoria RAM y 256 GB de almacenamiento interno. <\/p>\n<p class=\"\">A esta configuraci\u00f3n se suma la posibilidad de<b> ampliar la memoria RAM de forma virtual hasta un total de 16 GB<\/b>, lo que permite una multitarea m\u00e1s desahogada en el uso diario<\/p>\n<p class=\"\">Con<b> conectividad con redes 5G, adem\u00e1s de 4G y WiFi de doble banda, <\/b>algo todav\u00eda poco habitual en un equipo tan barato, la tablet ZTE Pad X1102N cuenta con una c\u00e1mara trasera de 13 megap\u00edxeles con funciones apoyadas en inteligencia artificial y una c\u00e1mara frontal de 5 megap\u00edxeles para videollamadas.<\/p>\n<p><img alt=\"ZTE Pad X1102N\" decoding=\"auto\" class=\"_re lazyload a_m-h\" height=\"311\"  width=\"414\"  src=\"https:\/\/www.europesays.com\/es\/wp-content\/uploads\/2025\/12\/WMAMSJ53YNBW7GW63Y3HAG4MMU.jpg\" loading=\"lazy\"\/>ZTE Pad X1102NZTE <\/p>\n<p class=\"\">Cerramos con una<b> gran autonom\u00eda gracias a una bater\u00eda de 7.670 mAh con carga r\u00e1pida<\/b> <b>de 21 W<\/b>. La ZTE Pad X1102N llega con Android 15 instalado de serie e incorpora varias funciones basadas en inteligencia artificial, como traducci\u00f3n en tiempo real, ayuda a la redacci\u00f3n de textos o generaci\u00f3n autom\u00e1tica de res\u00famenes, algunas de ellas previstas para activarse m\u00e1s adelante mediante actualizaciones.<\/p>\n<p>Disponibilidad y precio<\/p>\n<p class=\"\"> En cuanto al precio, ZTE sit\u00faa esta tableta en torno a los 250 euros en Europa. Ha comenzado su despliegue en Polonia, pero llegar\u00e1 a otros pa\u00edses de Europa, y esperemos que Espa\u00f1a est\u00e9 entre ellos. Una cifra muy competitiva para un dispositivo con pantalla de 11 pulgadas, 5G y un conjunto tan equilibrado.<\/p>\n","protected":false},"excerpt":{"rendered":"ZTE es muy conocida por su l\u00ednea de tel\u00e9fonos, pero tambi\u00e9n cuenta con tablets de todo tipo. Y&hellip;\n","protected":false},"author":2,"featured_media":289974,"comment_status":"","ping_status":"","sticky":false,"template":"","format":"standard","meta":{"footnotes":""},"categories":[81],"tags":[119,123,124,2308,25,24,10904,117,121,122,23,22523,118,120,69603],"class_list":{"0":"post-289973","1":"post","2":"type-post","3":"status-publish","4":"format-standard","5":"has-post-thumbnail","7":"category-ciencia-y-tecnologia","8":"tag-ciencia","9":"tag-ciencia-y-tecnologia","10":"tag-cienciaytecnologia","11":"tag-empresas","12":"tag-es","13":"tag-espana","14":"tag-informatica","15":"tag-science","16":"tag-science-and-technology","17":"tag-scienceandtechnology","18":"tag-spain","19":"tag-tabletas","20":"tag-technology","21":"tag-tecnologia","22":"tag-zte"},"share_on_mastodon":{"url":"https:\/\/pubeurope.com\/@es\/115725144786337569","error":""},"_links":{"self":[{"href":"https:\/\/www.europesays.com\/es\/wp-json\/wp\/v2\/posts\/289973","targetHints":{"allow":["GET"]}}],"collection":[{"href":"https:\/\/www.europesays.com\/es\/wp-json\/wp\/v2\/posts"}],"about":[{"href":"https:\/\/www.europesays.com\/es\/wp-json\/wp\/v2\/types\/post"}],"author":[{"embeddable":true,"href":"https:\/\/www.europesays.com\/es\/wp-json\/wp\/v2\/users\/2"}],"replies":[{"embeddable":true,"href":"https:\/\/www.europesays.com\/es\/wp-json\/wp\/v2\/comments?post=289973"}],"version-history":[{"count":0,"href":"https:\/\/www.europesays.com\/es\/wp-json\/wp\/v2\/posts\/289973\/revisions"}],"wp:featuredmedia":[{"embeddable":true,"href":"https:\/\/www.europesays.com\/es\/wp-json\/wp\/v2\/media\/289974"}],"wp:attachment":[{"href":"https:\/\/www.europesays.com\/es\/wp-json\/wp\/v2\/media?parent=289973"}],"wp:term":[{"taxonomy":"category","embeddable":true,"href":"https:\/\/www.europesays.com\/es\/wp-json\/wp\/v2\/categories?post=289973"},{"taxonomy":"post_tag","embeddable":true,"href":"https:\/\/www.europesays.com\/es\/wp-json\/wp\/v2\/tags?post=289973"}],"curies":[{"name":"wp","href":"https:\/\/api.w.org\/{rel}","templated":true}]}}