{"id":289981,"date":"2025-12-15T19:23:12","date_gmt":"2025-12-15T19:23:12","guid":{"rendered":"https:\/\/www.europesays.com\/es\/289981\/"},"modified":"2025-12-15T19:23:12","modified_gmt":"2025-12-15T19:23:12","slug":"ciclobreves-espana-diciembre-2025-ciclo21-2","status":"publish","type":"post","link":"https:\/\/www.europesays.com\/es\/289981\/","title":{"rendered":"Ciclobreves Espa\u00f1a diciembre 2025 &#8211; Ciclo21"},"content":{"rendered":"<p><a href=\"https:\/\/www.ciclo21.com\/ciclobreves-internacionales-diciembre-2024\/\" target=\"_blank\" rel=\"noopener nofollow\"><strong>Ciclobreves 2024<\/strong><\/a> \/ <a href=\"https:\/\/www.ciclo21.com\/ciclobreves-espana-enero-2025\/\" target=\"_blank\" rel=\"noopener nofollow\"><strong>Enero<\/strong><\/a> \/ <a href=\"https:\/\/www.ciclo21.com\/ciclobreves-espana-2025-28feb\/\" target=\"_blank\" rel=\"noopener nofollow\"><strong>Febrero<\/strong><\/a> \/ <a href=\"https:\/\/www.ciclo21.com\/ciclobreves-espana-marzo-2025\/\" target=\"_blank\" rel=\"noopener nofollow\"><strong>Marzo <\/strong><\/a><strong>\/ <a href=\"https:\/\/www.ciclo21.com\/ciclobreves-espana-abril-2025-30ab\/\" target=\"_blank\" rel=\"noopener nofollow\">Abril<\/a> \/ <a href=\"https:\/\/www.ciclo21.com\/ciclobreves-espana-mayo-2025-29\/\" target=\"_blank\" rel=\"noopener nofollow\">Mayo<\/a> \/ <a href=\"https:\/\/www.ciclo21.com\/ciclobreves-espana-junio-2025-30jun\/\" target=\"_blank\" rel=\"noopener nofollow\">Junio<\/a> \/ <a href=\"https:\/\/www.ciclo21.com\/ciclobreves-espana-julio-2025-21jul\/\" target=\"_blank\" rel=\"noopener nofollow\">Julio<\/a> \/ <a href=\"https:\/\/www.ciclo21.com\/ciclobreves-espana-agosto-2025-28\/\" target=\"_blank\" rel=\"noopener nofollow\">Agosto<\/a> \/ <a href=\"https:\/\/www.ciclo21.com\/ciclobreves-espana-septiembre-2025-29sep\/\" target=\"_blank\" rel=\"noopener nofollow\">Septiembre<\/a> \/ <a href=\"https:\/\/www.ciclo21.com\/ciclobreves-espana-octubre-2025-30oct\/\" target=\"_blank\" rel=\"noopener nofollow\">Octubre<\/a> \/ <a href=\"https:\/\/www.ciclo21.com\/ciclobreves-espana-noviembre-2025-28nov\/\" target=\"_blank\" rel=\"noopener nofollow\">Noviembre<\/a><\/strong><\/p>\n<p style=\"text-align: justify;\"><strong>15 diciembre.\u00a0Juan Ayuso afronta con ilusi\u00f3n su nueva etapa en Lidl tras una salida convulsa del equipo UAE<\/strong>. El joven espa\u00f1ol, que lleg\u00f3 a hablar de \u201cm\u00e9todos dictatoriales\u201d en su anterior equipo antes de publicar una carta de disculpa agradeciendo los a\u00f1os compartidos, ha encontrado en su nuevo entorno un clima muy diferente. En una entrevista concedida a MARCA, Ayuso destac\u00f3 el trato humano y la confianza recibida desde el primer d\u00eda: <strong>\u201cMe estoy encontrando muy bien. Siento un apoyo que antes no ten\u00eda y eso dice mucho de la forma de trabajar aqu\u00ed. Hay ambici\u00f3n, pero tambi\u00e9n entienden los riesgos del deporte: ca\u00eddas, lesiones, imprevistos. Aqu\u00ed saben que somos personas, no robots\u201d<\/strong>.<\/p>\n<p style=\"text-align: justify;\">El espa\u00f1ol subray\u00f3 adem\u00e1s el peso hist\u00f3rico del equipo al que llega, recordando a figuras como Cancellara, los hermanos Schleck, Contador o Nibali, y calificando su fichaje como <strong>\u201cuna gran oportunidad y un orgullo\u201d<\/strong>. En cuanto a sus grandes rivales, Ayuso fue realista con Tadej Poga\u010dar: <strong>\u201cHasta ahora ha demostrado ser superior. Nuestro objetivo es reducir la diferencia en 2026, 2027\u2026\u201d<\/strong>. Sobre el Mundial, reconoci\u00f3 que le gustar\u00eda estar, aunque sin confirmaciones: \u201cSer\u00e1 muy duro y probablemente no haga la Vuelta. El Mundial puede ser el gran objetivo, pero a\u00fan pueden pasar muchas cosas\u201d.<\/p>\n<p><a href=\"https:\/\/www.europesays.com\/es\/wp-content\/uploads\/2025\/12\/Ayuso-y-Matxin-en-al-finalizar-la-7a-etapa-de-La-Vuelta-c-Unipublic-Rafa-Gomez.jpg\" target=\"_blank\" rel=\"noopener\"><img fetchpriority=\"high\" decoding=\"async\" aria-describedby=\"caption-attachment-446707\" class=\"wp-image-446707 size-full lazy\" src=\"data:image\/svg+xml,%3Csvg%20xmlns=\" http:=\"\" data-src=\"https:\/\/www.europesays.com\/es\/wp-content\/uploads\/2025\/12\/Ayuso-y-Matxin-en-al-finalizar-la-7a-etapa-de-La-Vuelta-c-Unipublic-Rafa-Gomez.jpg\" alt=\"\" width=\"1000\" height=\"667\" data- data-\/><\/a><\/p>\n<p id=\"caption-attachment-446707\" class=\"wp-caption-text\">Ayuso y Matx\u00edn en al finalizar la 7\u00aa etapa de La Vuelta (c) Unipublic \u2013 Rafa G\u00f3mez<\/p>\n<p style=\"text-align: justify;\"><strong>15 diciembre.\u00a0A sus 18 a\u00f1os, Eric Igual ya se perfila como una de las caras visibles del Movistar Team Academy<\/strong>. El valenciano fue presentado oficialmente en Valencia el 11 de diciembre junto a figuras del equipo como Enric Mas, Cian Uijtdebroeks y Marlen Reusser, y no ocult\u00f3 su emoci\u00f3n:<strong> \u201cEn Espa\u00f1a este equipo siempre ha sido el referente, as\u00ed que es un orgullo y una alegr\u00eda, y ser presentado en casa, en Valencia, lo hace a\u00fan m\u00e1s especial\u201d<\/strong>, coment\u00f3.<\/p>\n<p style=\"text-align: justify;\"><strong>Igual llega tras consolidarse como uno de los talentos emergentes del ciclismo espa\u00f1ol, con t\u00edtulos mundiales j\u00fanior en pista en la Puntuaci\u00f3n y Madison y una madurez competitiva poco com\u00fan para su edad<\/strong>. Su versatilidad se traslad\u00f3 a la carretera en 2025, logrando victorias en el Trofeo V\u00edctor Cabedo, la contrarreloj de Les Alqueries y la cl\u00e1sica de Camporrobles, adem\u00e1s de un segundo puesto en la Copa de Espa\u00f1a. Movistar apuesta por \u00e9l como un ciclista adaptable a todo tipo de terrenos y carreras, y en la estructura continental continuar\u00e1 desarrollando resistencia, potencia y experiencia internacional, dando el siguiente paso hacia el profesionalismo.<\/p>\n<p style=\"text-align: justify;\"><strong>15 diciembre. El escalador colombiano Iv\u00e1n Ramiro Sosa, intervenido recientemente por una endofibrosis en la arteria il\u00edaca, ya se entrena con normalidad en Colombia<\/strong>, con la mirada puesta en su segunda temporada con el equipo espa\u00f1ol Kern Pharma. Tras perder m\u00e1s de media temporada el a\u00f1o pasado por cuestiones m\u00e9dicas, Sosa conf\u00eda en recuperar su ritmo y participar desde el inicio en las competencias de la pr\u00f3xima campa\u00f1a.<\/p>\n<p style=\"text-align: justify;\">A sus 27 a\u00f1os, el cundinamarqu\u00e9s busca retomar su mejor versi\u00f3n para estar al nivel de los mejores escaladores. <strong>\u201cLa idea es prepararnos de la mejor manera para estar en las carreras con monta\u00f1a, que s\u00e9 que puedo hacerlas bien. Lo que m\u00e1s quiero es poder estar a un buen nivel\u201d<\/strong>, afirm\u00f3 el corredor, quien espera prolongar su presencia en las pruebas de mayor exigencia del calendario internacional.<\/p>\n<p style=\"text-align: justify;\"><strong>13 diciembre<\/strong>. La temporada 2026 ser\u00e1 <strong>la \u00faltima de Ion Izagirre como ciclista profesional<\/strong>, seg\u00fan ha adelantado el medio Cycling Report en una entrevista con el ciclista guipuzcoano. El menor de los hermanos Izagirre <strong>colgar\u00e1 la bicicleta con 37 a\u00f1os<\/strong> y tras 17 temporadas como ciclista profesional en los equipos Orbea, Euskaltel, Movistar, Bahrain, Astana y Cofidis. El ganador de etapas en las tres grandes vueltas ha tomado esta <strong>decisi\u00f3n de forma consensuada con su familia<\/strong> y har\u00e1 oficial el anuncio pr\u00f3ximamente.<\/p>\n<p style=\"text-align: justify;\"><strong>12 diciembre<\/strong>.\u00a0<strong>Benidorm aprovech\u00f3 la presentaci\u00f3n de la Copa del Mundo de Ciclocross UCI \u2013 Benidorm Costa Blanca 2026 para anunciar un movimiento hist\u00f3rico: la ciudad aspirar\u00e1 a organizar los Campeonatos del Mundo de Ciclocross en 2031<\/strong>, 35 a\u00f1os despu\u00e9s del \u00faltimo Mundial celebrado en Espa\u00f1a. El alcalde Antonio P\u00e9rez destac\u00f3 que la prueba se ha convertido en un motor deportivo y tur\u00edstico, y que <strong>el siguiente paso natural es albergar \u00abun evento de categor\u00eda superior\u00bb que consolide a Benidorm como referencia internacional<\/strong>.<\/p>\n<p style=\"text-align: justify;\">La Generalitat Valenciana, la Diputaci\u00f3n de Alicante y los organizadores respaldan una candidatura que llega tras <strong>tres ediciones de enorme \u00e9xito, con aforos cercanos a los 16.000 espectadores y un impacto creciente en la Costa Blanca<\/strong>. Para 2026, el evento prepara un circuito renovado y ya cuenta con figuras como Thibau Nys, Toon Aerts y Mathieu Van der Poel en su preinscripci\u00f3n, mientras la ciudad se prepara para dar el salto definitivo hacia el Mundial.<\/p>\n<p style=\"text-align: justify;\"><strong>12 diciembre.\u00a0El excorredor castellonense \u00d3scar Cabedo (Onda, 12 de noviembre de 1994), profesional entre 2018 y 2024, asumir\u00e1 la direcci\u00f3n del Victoria Sports Pro Cycling Team en 2026<\/strong>. As\u00ed lo ha confirmado la escuadra filipina, donde milita el alicantino Eugenio S\u00e1nchez. Cabedo sigue as\u00ed los pasos de su hermano Jos\u00e9, antiguo director del Burgos-BH, y reemplazar\u00e1 a H\u00e9ctor Carretero, Joshua Cari\u00f1o y Buhawi, responsables del equipo durante la temporada 2025.<\/p>\n<p style=\"text-align: justify;\"><strong>Cabedo contar\u00e1 con dos subdirectores en la estructura UCI Continental: Rhyan Taguilig y Vanjoe Calimlim<\/strong>, con quienes buscar\u00e1 consolidar el proyecto y dar un nuevo impulso al crecimiento deportivo del equipo.<\/p>\n<p style=\"text-align: justify;\"><strong>11 diciembre<\/strong>. <strong>Iv\u00e1n Romeo visti\u00f3 por primera vez de forma oficial su maillot de campe\u00f3n espa\u00f1ol<\/strong> de la temporada 2026. Ciclo21 estuvo presente en el acto de puesta en escena de Movistar en Valencia.<\/p>\n<p><a href=\"https:\/\/www.europesays.com\/es\/wp-content\/uploads\/2025\/12\/IMG-20251211-WA0015.jpg\" target=\"_blank\" rel=\"noopener\"><img loading=\"lazy\" decoding=\"async\" aria-describedby=\"caption-attachment-454425\" class=\"wp-image-454425 size-full lazy\" src=\"data:image\/svg+xml,%3Csvg%20xmlns=\" http:=\"\" data-src=\"https:\/\/www.europesays.com\/es\/wp-content\/uploads\/2025\/12\/IMG-20251211-WA0015.jpg\" alt=\"\" width=\"1536\" height=\"2048\"\/><\/a><\/p>\n<p id=\"caption-attachment-454425\" class=\"wp-caption-text\">Romeo posa para Ciclo21 con su maillot de campe\u00f3n espa\u00f1ol<\/p>\n<p style=\"text-align: justify;\"><strong>9 diciembre.<\/strong> El <strong data-start=\"3\" data-end=\"34\">Equipo Ciclista Controlpack<\/strong> ha anunciado la incorporaci\u00f3n de <strong data-start=\"68\" data-end=\"86\">Juanmi Mercado, que tiene ya 47 a\u00f1os, <\/strong>para la pr\u00f3xima temporada. Con victorias de etapa en el <strong data-start=\"143\" data-end=\"162\">Tour de Francia<\/strong> y la <strong data-start=\"168\" data-end=\"187\">Vuelta a Espa\u00f1a<\/strong>, su experiencia y conocimiento en competiciones de alto nivel se presentan como un <strong data-start=\"271\" data-end=\"288\">valor a\u00f1adido<\/strong> para el desarrollo y consolidaci\u00f3n del proyecto deportivo del equipo.<\/p>\n<p style=\"text-align: justify;\" data-start=\"362\" data-end=\"741\" data-is-last-node=\"\" data-is-only-node=\"\">Este fichaje refleja la filosof\u00eda del equipo, basada en <strong data-start=\"418\" data-end=\"460\">planificaci\u00f3n, rigor y mejora continua<\/strong>, principios que aplican tanto en la actividad empresarial como en el \u00e1mbito deportivo. Con la llegada de Mercado, Controlpack da la bienvenida a un refuerzo de primer nivel y afronta la nueva temporada con <strong data-start=\"667\" data-end=\"687\">objetivos claros<\/strong> y la determinaci\u00f3n de seguir creciendo como conjunto.<\/p>\n<p style=\"text-align: justify;\"><strong>6 diciembre.<\/strong> Movimiento entre bastidores en <strong>Red Bull de cara a la pr\u00f3xima temporada. Xabier Artetxe,<\/strong> reconocido preparador vizca\u00edno con 25 a\u00f1os de experiencia en el mundo del ciclismo, ha recalado en el Red Bull-BORA de Remco Evenepoel. El propio preparador lo ha anunciado a trav\u00e9s de una actualizaci\u00f3n en su perfil de LinkedIn, en la que revela que forma parte de la estructura del conjunto alem\u00e1n desde el pasado mes de octubre. Esta es la quinta experiencia profesional de Artetxe en el ciclismo de \u00e9lite, tras su paso por Seguros Bilbao sub-23, Caja Rural, Movistar y una larga etapa de diez a\u00f1os en INEOS, donde ejerci\u00f3 como preparador, cient\u00edfico deportivo y entrenador principal.<\/p>\n<p style=\"text-align: justify;\" data-start=\"732\" data-end=\"1152\" data-is-last-node=\"\" data-is-only-node=\"\"><strong>Artetxe<\/strong>, que suma en su trayectoria como preparador la conquista de las tres grandes vueltas y ha recibido elogios de ciclistas de referencia como Egan Bernal, contin\u00faa as\u00ed ampliando una carrera ya de por s\u00ed extensa. Su labor no se limita al ciclismo, pues tambi\u00e9n trabaja mano a mano con deportistas de \u00e9lite de otras disciplinas, entre ellos el piloto de F\u00f3rmula 1 Carlos Sainz, del que coordina su preparaci\u00f3n f\u00edsica.<\/p>\n<p style=\"text-align: justify;\"><strong>5 diciembre<\/strong>. Urko Berrade e I\u00f1igo Elosegui se ponen a prueba en \u00abEl Mentiroso\u00bb\u00a0 un desaf\u00edo donde solo uno puede ganar\u2026 si sabe mentir bien.<\/p>\n<p style=\"text-align: justify;\"><strong>4 diciembre. La Uni\u00f3n Ciclista Internacional<\/strong> (UCI) ha oficializado ya al\u00a0<b><strong>Gran Premio Primavera Ontur \u2013 Diputaci\u00f3n de Albacete<\/strong><\/b>\u00a0y a la\u00a0<b><strong>Cl\u00e1sica de Pascua de Padr\u00f3n<\/strong><\/b>\u00a0como pruebas 1.2. Ambas citas formar\u00e1n parte de la nueva\u00a0<b><strong>Challenge Futura<\/strong><\/b>, carreras de un d\u00eda que vienen a seguir potenciando el campo \u00e9lite-sub23 nacional.<\/p>\n<p style=\"text-align: justify;\">Estas pruebas, de alto valor estrat\u00e9gico para el ciclismo nacional y la mejora y desarrollo de los ciclistas del panorama \u00e9lite-sub23, se antojan como un importante escaparate para una masa cr\u00edtica de ciclistas que se encuentran a\u00fan en formaci\u00f3n con la ilusi\u00f3n de dar el salto al profesionalismo.<\/p>\n<p style=\"text-align: justify;\">El Gran Premio Primavera Ontur \u2013 Diputaci\u00f3n de Albacete se disputar\u00e1 el 22 de marzo de 2026, mientras que la Cl\u00e1sica de Pascua de Padr\u00f3n se celebrar\u00e1 el 12 de abril.<\/p>\n<p style=\"text-align: justify;\"><strong>4 diciembre.\u00a0<\/strong>Este viernes se disputar\u00e1n <strong>en Lima (Per\u00fa)<\/strong> las pruebas en ruta de los <strong>Juegos Bolivarianos<\/strong>, prueba UCI perteneciente a la temporada 2026. En la carrera masculina competir\u00e1n tres ciclistas de equipos espa\u00f1oles, que buscar\u00e1n <strong>conseguir puntos UCI<\/strong> para la nueva campa\u00f1a. <strong>Movistar<\/strong> pondr\u00e1 en liza a <strong>Orluis Aular<\/strong> con la selecci\u00f3n de Venezuela y <strong>Jefferson Cepeda<\/strong> con Ecuador, mientras que <strong>Francisco Pe\u00f1uela<\/strong>, del <strong>Caja Rural<\/strong>, tambi\u00e9n correr\u00e1 con el combinado venezolano. Ser\u00e1 una carrera de <strong>178 kil\u00f3metros<\/strong> en formato circuito con la <strong>subida a San Isidro<\/strong> (600 m al 7%) como principal dificultad y se podr\u00e1 seguir en directo a trav\u00e9s del <strong><a href=\"https:\/\/www.youtube.com\/@odeboprensa\/streams\" target=\"_blank\" rel=\"noopener nofollow\">canal de YouTube de los Juegos Bolivarianos<\/a><\/strong>. Tambi\u00e9n destaca la participaci\u00f3n de los ecuatorianos <strong>Jonathan Narv\u00e1ez<\/strong> (UAE) y <strong>Jefferson Cepeda<\/strong> (EF), el venezolano <strong>Le\u00e1ngel Linarez<\/strong> (Tavfer) o los colombianos <strong>Alejandro Osorio<\/strong> (Orgullo Paisa) y <strong>Brayan S\u00e1nchez<\/strong> (Medell\u00edn). En la prueba femenina, la \u00fanica representante de un equipo WorldTeam ser\u00e1 la colombiana <strong>Juliana Londo\u00f1o<\/strong> (Picnic).<\/p>\n<p style=\"text-align: justify;\"><strong>3 diciembre.<\/strong> <strong data-start=\"0\" data-end=\"97\">Tadej Pogacar ha recibido un golpe significativo en plena preparaci\u00f3n para la temporada 2026:<\/strong> su masajista y hombre de m\u00e1xima confianza, Joseba Elguezabal, dejar\u00e1 el UAE Team Emirates para incorporarse al Athletic Club, siguiendo el camino que tom\u00f3 su anterior preparador, I\u00f1igo San Mill\u00e1n, a finales de 2023. Seg\u00fan adelantaron El Correo y Marca, Elguezabal se despedir\u00e1 del equipo en la concentraci\u00f3n de diciembre antes de iniciar su nueva etapa en el f\u00fatbol. Para Pogacar, la p\u00e9rdida es especialmente sensible, pues la relaci\u00f3n entre ciclista y soigneur suele trascender lo profesional. Elguezabal ha sido parte fundamental del entorno \u00edntimo del esloveno desde su llegada al UAE en 2019, acompa\u00f1\u00e1ndolo en todos sus Tours y Monumentos. <strong data-start=\"742\" data-end=\"844\">\u201cEra quien preparaba la calma del l\u00edder\u2026 Ese universo \u00edntimo que sosten\u00eda al campe\u00f3n desde dentro\u201d<\/strong>, describi\u00f3 Marca, resaltando su papel emocional y cotidiano en la vida del doble ganador del Tour.<\/p>\n<p style=\"text-align: justify;\" data-start=\"945\" data-end=\"1643\"><strong data-start=\"945\" data-end=\"1016\">La relaci\u00f3n entre Pogacar y Elguezabal ha sido profunda y personal.<\/strong> El masajista \u2014a quien el esloveno llama cari\u00f1osamente \u201cpapi\u201d\u2014 ya hab\u00eda explicado en La Vanguardia que su v\u00ednculo iba \u201cm\u00e1s all\u00e1 del puro trabajo\u201d. Comenzaron a conectar durante la Vuelta a Espa\u00f1a de 2019 y, desde entonces, establecieron una complicidad clave para el equilibrio del corredor. <strong data-start=\"1308\" data-end=\"1430\">\u201cAntes el masaje era solo en las piernas, pero ahora es en todo el cuerpo\u2026 Trabajamos diafragma, pecho, manos, cabeza\u201d<\/strong>, detall\u00f3 Elguezabal, que adem\u00e1s se encargaba de peque\u00f1as rutinas que ayudaban a Pogacar a mantener su calma: preparar su ropa, su m\u00fasica \u2014rap esloveno y Eminem, nunca reguet\u00f3n\u2014 y respetar sus rituales cotidianos.<\/p>\n<p style=\"text-align: justify;\" data-start=\"1645\" data-end=\"2313\" data-is-last-node=\"\" data-is-only-node=\"\"><strong data-start=\"1645\" data-end=\"1738\">En distintas entrevistas, Elguezabal tambi\u00e9n ha descrito la mentalidad del l\u00edder del UAE.<\/strong> Seg\u00fan cont\u00f3 en El Mundo, Pogacar mantiene una estabilidad emocional envidiable: <strong data-start=\"1819\" data-end=\"1973\">\u201cNo cambia de un d\u00eda malo a uno bueno. Es muy estable\u2026 Cuando tiene un d\u00eda duro, tiene la capacidad de no perder energ\u00eda en el pasado. Mente positiva\u201d<\/strong>. Ambos compart\u00edan conversaciones sobre coches deportivos, comida \u2014especialmente pollo al curry\u2014 y una din\u00e1mica diaria que sosten\u00eda al campe\u00f3n en los momentos m\u00e1s duros y en los m\u00e1s brillantes. La salida del masajista supone as\u00ed no solo un ajuste estructural para el equipo, sino una ruptura emocional en el entorno m\u00e1s \u00edntimo del esloveno.<\/p>\n<p style=\"text-align: justify;\"><strong>1 diciembre<\/strong>. <strong>Isaac Su\u00e1rez y Ruth Moll se proclamaron campeones del mundo de ciclocross en categor\u00eda m\u00e1ster<\/strong> en la prueba disputada este fin de semana <strong>en Varese (Italia)<\/strong>. El c\u00e1ntabro se hizo con la victoria en la categor\u00eda de <strong>40 a 45 a\u00f1os<\/strong> y la menorquina venci\u00f3 en la prueba de <strong>50 a 54 a\u00f1os<\/strong>. Por parte espa\u00f1ola, se quedaron <strong>cerca de las medallas<\/strong> Jordi Re\u00f1\u00e9 (4\u00ba en 50-54), Felisa Ares (4\u00aa en 45-49), Deborah S\u00e1nchez (5\u00aa en 35-39), Raquel Monta\u00f1\u00e9s (5\u00aa en 55-59), Daniel P\u00e9rez (6\u00ba en 35-39), Bernat Pou (6\u00ba en 45-49), Marco Antonio Prieto (6\u00ba en 50-54) o Marcial Rodr\u00edguez (7\u00ba en 60-64).<\/p>\n<p style=\"text-align: justify;\"><strong>En el resto de categor\u00edas, los vencedores<\/strong> fueron Sascha Starker y Anna Oberparleiter (35-39), Kenny Roelandt y Dana Wagner (40-44), Elodie Touffet (45-49), Massimo Folcarelli (50-54), Danny Sleeckx y Cordula Biermann (55-59), Ron Veeke y Corinne Pillot (60-64), Jos Bogaerts y Sharon Heap (65-69), Giovanni Parro y Linda Elgart (70-74), Klaus-Peter Thaler (75-79), Victor Barnett (80+) y la selecci\u00f3n de Estonia (relevo mixto)<\/p>\n<p><a href=\"https:\/\/www.europesays.com\/es\/wp-content\/uploads\/2025\/12\/Isaac-Suarez.jpg\" target=\"_blank\" rel=\"noopener\"><img loading=\"lazy\" decoding=\"async\" aria-describedby=\"caption-attachment-453761\" class=\"wp-image-453761 lazy\" src=\"data:image\/svg+xml,%3Csvg%20xmlns=\" http:=\"\" data-src=\"https:\/\/www.europesays.com\/es\/wp-content\/uploads\/2025\/12\/Isaac-Suarez.jpg\" alt=\"\" width=\"646\" height=\"857\" data- data-\/><\/a><\/p>\n<p id=\"caption-attachment-453761\" class=\"wp-caption-text\">Isaac Su\u00e1rez, campe\u00f3n del mundo en Varese<\/p>\n<p style=\"text-align: justify;\"><strong>1 diciembre<\/strong>.\u00a0<strong>Marco Mart\u00edn no continuar\u00e1 en 2026 en el equipo filial del Red Bull-BORA y se recalificar\u00e1 como amateur con el Fundaci\u00f3n Euskadi<\/strong>. El bilba\u00edno de 19 a\u00f1os dio el salto al pelot\u00f3n UCI en 2025, pero su paso por la estructura alemana ha sido m\u00e1s breve de lo esperado. Tras una buena temporada 2024 como junior, en la que gan\u00f3 una etapa de la Gipuzkoa Klasika, afront\u00f3 un importante reto en uno de los mejores conjuntos filiales de categor\u00eda UCI Continental. Su mejor actuaci\u00f3n tuvo lugar <strong>en la Cl\u00e1sica Porec (1.2 UCI) en Croacia, donde acab\u00f3 octavo<\/strong>. Pudo disputar importantes carreras en Italia, B\u00e9lgica o Ruman\u00eda y lleg\u00f3 a correr con el primer equipo en la Challenge de Mallorca o el GP del Cant\u00f3n de Argovia. Sin embargo, el <strong>Red Bull decidi\u00f3 no renovar su contrato<\/strong> y ahora ha encontrado una nueva oportunidad con el Fundaci\u00f3n Euskadi, <strong>regresando al calendario sub-23 espa\u00f1ol en 2026<\/strong>.<\/p>\n<p style=\"text-align: justify;\"><strong>1 diciembre<\/strong>. <strong>Unai Esparza no seguir\u00e1 corriendo en 2026<\/strong>. El navarro de 25 a\u00f1os ha decidido <strong>colgar la bicicleta tras dos temporadas<\/strong> compitiendo en las filas del <strong>Illes Balears Arabay<\/strong>. Esparza se form\u00f3 en el <strong>equipo Lizarte<\/strong> y el Grupo Eulen-Nuuk y debut\u00f3 como profesional en 2023, corriendo la Volta a Portugal con el BAI \u2013 Sicasal \u2013 Petro de Luanda, aunque su salto a la categor\u00eda Continental tuvo lugar en 2024 con el equipo balear. Su actuaci\u00f3n m\u00e1s destacada tuvo lugar este a\u00f1o tambi\u00e9n en la Volta a Portugal, donde logr\u00f3 terminar noveno en la etapa con final en Santar\u00e9m. \u00abCada cap\u00edtulo que se acaba quiere decir que es comienzo a otro. Me despido del ciclismo de alta competici\u00f3n. <strong>El sue\u00f1o de toda mi vida. Feliz de haberlo logrado<\/strong> no me quedan m\u00e1s que palabras de agradecimiento a toda la gente que me ha acompa\u00f1ado en este viaje. Una mochila que me deja grandes amigos, lugares, y un mont\u00f3n de experiencias. <strong>En este nuevo cap\u00edtulo no faltar\u00e1 el ciclismo<\/strong>, os lo puedo garantizar\u00bb, relata Esparza junto al siguiente v\u00eddeo de despedida.<\/p>\n<blockquote class=\"instagram-media\" style=\"background: #FFF; border: 0; border-radius: 3px; box-shadow: 0 0 1px 0 rgba(0,0,0,0.5),0 1px 10px 0 rgba(0,0,0,0.15); margin: 1px; max-width: 540px; min-width: 326px; padding: 0; width: calc(100% - 2px);\" data-instgrm-captioned=\"\" data-instgrm-permalink=\"https:\/\/www.instagram.com\/reel\/DRsUdCSDQRi\/?utm_source=ig_embed&amp;utm_campaign=loading\" data-instgrm-version=\"14\"\/>\n<p style=\"text-align: justify;\"><strong>1 diciembre<\/strong>. <strong>Thomas Silva no seguir\u00e1 en el Caja Rural la pr\u00f3xima temporada<\/strong>. El propio equipo navarro ha anunciado hoy la salida de una de sus principales figuras, <strong>rumbo presumiblemente a un UCI WorldTeam<\/strong>. El vigente campe\u00f3n nacional uruguayo en ruta tambi\u00e9n gan\u00f3 este a\u00f1o sendas etapas en el <a href=\"https:\/\/www.ciclo21.com\/1a-gp-beiras-2025-thomas-silva\/\" target=\"_blank\" rel=\"noopener nofollow\"><strong>GP Beiras e Serra da Estrela<\/strong><\/a> y el <a href=\"https:\/\/www.ciclo21.com\/2a-tour-qinghai-2025-silva\/\" target=\"_blank\" rel=\"noopener nofollow\"><strong>Tour of Magnificent Qinghai<\/strong><\/a>, donde acab\u00f3 segundo en la general. Este a\u00f1o ha sumado m\u00e1s de 900 puntos UCI al acabar cuarto en el GP Miguel Indurain, la contrarreloj del Campeonato Panamericano y el GP de Morbihan, sexto en los Boucles de l\u2019Aulne y la Cl\u00e0ssica Camp de Morvedre y octavo en la Flecha Brabante. <strong>Tampoco continuar\u00e1n en el equipo el estadounidense Tyler Stites y el checo Daniel Babor<\/strong>, cuyo futuro se desconoce. Estas tres salidas se unen a las ya conocidas de Abner Gonz\u00e1lez rumbo al Illes Balears y Calum Johnston, que correr\u00e1 en el Li Ning Star.<\/p>\n<p style=\"text-align: justify;\"><strong>1 diciembre.\u00a0<\/strong>En un giro inesperado para la temporada, <strong>el equipo Eneicat ha decidido dar un paso atr\u00e1s en el pelot\u00f3n profesional: renuncia a su licencia UCI Continental y competir\u00e1 a partir de ahora como equipo nacional<\/strong>. La estructura profesional, no obstante, se mantiene intacta, conservando todos sus medios y recursos, en una maniobra que busca reinventar el proyecto desde la base.<\/p>\n<p style=\"text-align: justify;\">La decisi\u00f3n, seg\u00fan sus responsables, responde a <strong>una apuesta clara por la juventud y la cantera, pilares que definen la identidad del equipo y que ser\u00e1n fundamentales para consolidar un proyecto fuerte, sostenible y con personalidad propia<\/strong>. A pesar del cambio de categor\u00eda, la escuadra no renuncia a la ambici\u00f3n internacional: su calendario seguir\u00e1 incluyendo citas fuera de sus fronteras, llevando sus colores m\u00e1s lejos que nunca.\u00a0Con esta reestructuraci\u00f3n, <strong>el equipo cierra un ciclo en la esfera continental para abrir otro centrado en el desarrollo de nuevos talentos, agradeciendo a seguidores y patrocinadores por acompa\u00f1arlos en esta transici\u00f3n<\/strong>.<\/p>\n<blockquote class=\"instagram-media\" style=\"background: #FFF; border: 0; border-radius: 3px; box-shadow: 0 0 1px 0 rgba(0,0,0,0.5),0 1px 10px 0 rgba(0,0,0,0.15); margin: 1px; max-width: 540px; min-width: 326px; padding: 0; width: calc(100% - 2px);\" data-instgrm-captioned=\"\" data-instgrm-permalink=\"https:\/\/www.instagram.com\/p\/DRur9KujFZW\/?utm_source=ig_embed&amp;utm_campaign=loading\" data-instgrm-version=\"14\"\/>\n<p>\u00a0<\/p>\n<p>  <script async src=\"\/\/www.instagram.com\/embed.js\"><\/script><\/p>\n","protected":false},"excerpt":{"rendered":"Ciclobreves 2024 \/ Enero \/ Febrero \/ Marzo \/ Abril \/ Mayo \/ Junio \/ Julio \/ Agosto&hellip;\n","protected":false},"author":2,"featured_media":289982,"comment_status":"","ping_status":"","sticky":false,"template":"","format":"standard","meta":{"footnotes":""},"categories":[273],"tags":[313,11935,312,168,25,24,23,167],"class_list":{"0":"post-289981","1":"post","2":"type-post","3":"status-publish","4":"format-standard","5":"has-post-thumbnail","7":"category-ciclismo","8":"tag-ciclismo","9":"tag-ciclobreves","10":"tag-cycling","11":"tag-deportes","12":"tag-es","13":"tag-espana","14":"tag-spain","15":"tag-sports"},"share_on_mastodon":{"url":"https:\/\/pubeurope.com\/@es\/115725218833486304","error":""},"_links":{"self":[{"href":"https:\/\/www.europesays.com\/es\/wp-json\/wp\/v2\/posts\/289981","targetHints":{"allow":["GET"]}}],"collection":[{"href":"https:\/\/www.europesays.com\/es\/wp-json\/wp\/v2\/posts"}],"about":[{"href":"https:\/\/www.europesays.com\/es\/wp-json\/wp\/v2\/types\/post"}],"author":[{"embeddable":true,"href":"https:\/\/www.europesays.com\/es\/wp-json\/wp\/v2\/users\/2"}],"replies":[{"embeddable":true,"href":"https:\/\/www.europesays.com\/es\/wp-json\/wp\/v2\/comments?post=289981"}],"version-history":[{"count":0,"href":"https:\/\/www.europesays.com\/es\/wp-json\/wp\/v2\/posts\/289981\/revisions"}],"wp:featuredmedia":[{"embeddable":true,"href":"https:\/\/www.europesays.com\/es\/wp-json\/wp\/v2\/media\/289982"}],"wp:attachment":[{"href":"https:\/\/www.europesays.com\/es\/wp-json\/wp\/v2\/media?parent=289981"}],"wp:term":[{"taxonomy":"category","embeddable":true,"href":"https:\/\/www.europesays.com\/es\/wp-json\/wp\/v2\/categories?post=289981"},{"taxonomy":"post_tag","embeddable":true,"href":"https:\/\/www.europesays.com\/es\/wp-json\/wp\/v2\/tags?post=289981"}],"curies":[{"name":"wp","href":"https:\/\/api.w.org\/{rel}","templated":true}]}}