{"id":290008,"date":"2025-12-15T19:55:08","date_gmt":"2025-12-15T19:55:08","guid":{"rendered":"https:\/\/www.europesays.com\/es\/290008\/"},"modified":"2025-12-15T19:55:08","modified_gmt":"2025-12-15T19:55:08","slug":"me-alegro-que-pillen-a-los-tramposos","status":"publish","type":"post","link":"https:\/\/www.europesays.com\/es\/290008\/","title":{"rendered":"Me alegro que pillen a los tramposos"},"content":{"rendered":"<p class=\"paragraph\">El exciclista dan\u00e9s del Movistar<b> Mathias Norsgaard<\/b> y en las filas del Lidl Trek de Juan Ayuso la pr\u00f3xima temporada, ha se\u00f1alado en referencia al corredor espa\u00f1ol <b>Oier Lazkano<\/b>, con el que coincidi\u00f3 en el equipo telef\u00f3nico, que \u00abera un tipo muy extra\u00f1o\u00bb y dijo alegrarse de que \u00abpillen a los tramposos\u00bb. <\/p>\n<p class=\"paragraph\">Norsgaard (Silkeborg, 28 a\u00f1os),<b> estuvo 6 temporadas en el Movistar<\/b>, donde coincidi\u00f3 con Oier Lazkano, actualmente suspendido por \u00abviolaci\u00f3n de las normas antidopaje\u00bb desde el pasado octubre. <\/p>\n<p class=\"paragraph\">En unas declaraciones al diario Feltet, Norsgaard asegura que el ciclista vasco \u00ab<b>era un tipo muy raro\u00bb <\/b>y celebr\u00f3 su suspensi\u00f3n asegurando que sus actuaciones eran sospechosas. <\/p>\n<p class=\"paragraph\">\u00ab<b>Me alegra que pillen a los tramposos<\/b>. Me sorprendi\u00f3 un poco c\u00f3mo se les escap\u00f3. Hay m\u00e9dicos a sueldo en Movistar y, a pesar de eso, no se dieron cuenta del problema. Est\u00e1bamos en la misma categor\u00eda de peso y \u00e9l era rapid\u00edsimo. Pero a veces, sus actuaciones eran realmente malas. En las Cl\u00e1sicas, estuvo bien, pero en el Dauphin\u00e9, realmente eran malas\u00bb, asegura el dan\u00e9s. <\/p>\n<p class=\"paragraph\">Norsgaard se refiere a que Lazkano \u00ab<b>era un chico muy peculiar, muy inteligente, muy interesado en la pol\u00edtica y muy informado sobre muchos temas. Pero era un tipo peculiar<\/b>: se sentaba en la cocina con el cocinero y beb\u00edan vino durante horas despu\u00e9s de cenar. Era especial y, claramente, no pod\u00eda decir que fuera mi amigo\u00bb.<\/p>\n","protected":false},"excerpt":{"rendered":"El exciclista dan\u00e9s del Movistar Mathias Norsgaard y en las filas del Lidl Trek de Juan Ayuso la&hellip;\n","protected":false},"author":2,"featured_media":290009,"comment_status":"","ping_status":"","sticky":false,"template":"","format":"standard","meta":{"footnotes":""},"categories":[273],"tags":[313,312,168,25,24,37189,24114,28253,54545,57,23,167],"class_list":{"0":"post-290008","1":"post","2":"type-post","3":"status-publish","4":"format-standard","5":"has-post-thumbnail","7":"category-ciclismo","8":"tag-ciclismo","9":"tag-cycling","10":"tag-deportes","11":"tag-es","12":"tag-espana","13":"tag-lazkano","14":"tag-me","15":"tag-norsgaard","16":"tag-oier","17":"tag-sobre","18":"tag-spain","19":"tag-sports"},"share_on_mastodon":{"url":"https:\/\/pubeurope.com\/@es\/115725344636675564","error":""},"_links":{"self":[{"href":"https:\/\/www.europesays.com\/es\/wp-json\/wp\/v2\/posts\/290008","targetHints":{"allow":["GET"]}}],"collection":[{"href":"https:\/\/www.europesays.com\/es\/wp-json\/wp\/v2\/posts"}],"about":[{"href":"https:\/\/www.europesays.com\/es\/wp-json\/wp\/v2\/types\/post"}],"author":[{"embeddable":true,"href":"https:\/\/www.europesays.com\/es\/wp-json\/wp\/v2\/users\/2"}],"replies":[{"embeddable":true,"href":"https:\/\/www.europesays.com\/es\/wp-json\/wp\/v2\/comments?post=290008"}],"version-history":[{"count":0,"href":"https:\/\/www.europesays.com\/es\/wp-json\/wp\/v2\/posts\/290008\/revisions"}],"wp:featuredmedia":[{"embeddable":true,"href":"https:\/\/www.europesays.com\/es\/wp-json\/wp\/v2\/media\/290009"}],"wp:attachment":[{"href":"https:\/\/www.europesays.com\/es\/wp-json\/wp\/v2\/media?parent=290008"}],"wp:term":[{"taxonomy":"category","embeddable":true,"href":"https:\/\/www.europesays.com\/es\/wp-json\/wp\/v2\/categories?post=290008"},{"taxonomy":"post_tag","embeddable":true,"href":"https:\/\/www.europesays.com\/es\/wp-json\/wp\/v2\/tags?post=290008"}],"curies":[{"name":"wp","href":"https:\/\/api.w.org\/{rel}","templated":true}]}}