{"id":290012,"date":"2025-12-15T19:58:10","date_gmt":"2025-12-15T19:58:10","guid":{"rendered":"https:\/\/www.europesays.com\/es\/290012\/"},"modified":"2025-12-15T19:58:10","modified_gmt":"2025-12-15T19:58:10","slug":"martin-presa-carga-contra-pellegrini-por-criticar-las-dimensiones-de-vallecas","status":"publish","type":"post","link":"https:\/\/www.europesays.com\/es\/290012\/","title":{"rendered":"Mart\u00edn Presa carga contra Pellegrini por criticar las dimensiones de Vallecas"},"content":{"rendered":"<p>            <a href=\"https:\/\/mundobetis.com\/wp-content\/uploads\/2025\/12\/martin-presa-y-goridllo-scaled.jpeg\" data-caption=\"Ra\u00fal Mart\u00edn Presa y Rafael Gordillo, este lunes durante el almuerzo entre directivas (RV)\" rel=\"nofollow noopener\" target=\"_blank\"><img loading=\"lazy\" decoding=\"async\" width=\"696\" height=\"464\" class=\"entry-thumb td-modal-image\" src=\"https:\/\/www.europesays.com\/es\/wp-content\/uploads\/2025\/12\/martin-presa-y-goridllo-696x464.jpeg\"   alt=\"Ra\u00fal Mart\u00edn Presa y Rafael Gordillo, este lunes durante el almuerzo entre directivas (RV)\" title=\"martin presa y goridllo\"\/><\/a>Ra\u00fal Mart\u00edn Presa y Rafael Gordillo, este lunes durante el almuerzo entre directivas (RV)<\/p>\n<p>Ra\u00fal Mart\u00edn Presa, presidente del Rayo Vallecano, ha criticado este lunes, horas antes del partido que enfrentar\u00e1 a su equipo con el Real Betis, al t\u00e9cnico chileno Manuel Pellegrini, que en la previa del choque dijo que las reducidas dimensiones de Vallecas son una dificultad a\u00f1adida para su equipo. Vallecas, de hecho, es el estadio de Primera donde menos goles se ven, con diferencia, en lo que va de temporada, pues en seis partidos de Liga solo se han registrado ocho, cuatro a favor de los locales y cuatro en contra.<\/p>\n<p>Las cr\u00edticas de Pellegrini a las dimensiones de Vallecas, \u201cNo est\u00e1n a la altura de \u00e9l como entrenador\u201d, ha dicho Mart\u00edn Presa este lunes a los periodistas.<\/p>\n<p>El t\u00e9cnico b\u00e9tico, en la rueda de prensa previa del partido indic\u00f3 el s\u00e1bado lo siguiente: \u201cEs un campo complicado por las dimensiones y un rival dif\u00edcil de superar. Tenemos que hacer un buen partido si queremos ganar\u201d.\u00a0<\/p>\n<p>Ayer domingo, el t\u00e9cnico rayista, \u00cd\u00f1igo P\u00e9rez, ya le contest\u00f3 a Pellegrini: \u201cImag\u00ednate qu\u00e9 dir\u00e1n los de Conference, que a\u00fan lo estrechamos m\u00e1s. Hay unas reglas del juego y est\u00e1 permitido. Quejarte una y otra vez es absurdo. Tiene raz\u00f3n Pellegrini, porque eso te condiciona a la hora de jugar. Nosotros estamos m\u00e1s cerca, el rival debe ser m\u00e1s preciso\u2026 No son excusas. Ellos hacen una descripci\u00f3n del escenario\u201d.<\/p>\n<p>Mart\u00edn Presa, este lunes, ha sido m\u00e1s contundente en su cr\u00edtica: \u201cYo creo que es un grand\u00edsimo entrenador y eso se es porque es muy bueno. No est\u00e1n a la altura (las declaraciones) de \u00e9l como entrenador\u2026 El buen entrenador sabe jugar al ataque, a la defensiva, en el campo con las mayores dimensiones como es el del Elche o el que tiene menores dimensiones que es el de Vallecas, en campo embarrado, mojado o seco. Es un gran entrenador, lo ha demostrado en LaLiga o la Premier League. Pero es poner unas excusas\u2026\u201d.<\/p>\n<p>\u201cLos campos admiten unas dimensiones de 90 metros de largo hasta 120 metros y de 45 de ancho a 90. Las dimensiones de Vallecas cumplen con las condiciones que marca la FIFA\u201d, a\u00f1adi\u00f3 Mart\u00edn Presa, que alab\u00f3 el potencial del plantel que tiene Pellegrini: \u201c\u00c9l sabr\u00e1 qu\u00e9 es lo que tiene que hacer, el planteamiento o los jugadores que debe poner para adaptarse a las circunstancias del partido. El Betis tiene una plantilla que ya quisiera el Rayo, m\u00e1s que suficiente como para amoldarse a la situaci\u00f3n del campo. Tendr\u00e1 que poner una excusa previa por si el partido no sale bien. Si el Betis no nos gana no ser\u00e1 por las dimensiones del campo, ser\u00e1 porque lo habr\u00e1n hecho peor que nosotros o nosotros mejor que ellos\u201d.<\/p>\n<p>\u00danete a nuestro canal de\u00a0<a href=\"https:\/\/whatsapp.com\/channel\/0029VbAS8066LwHnsfw7tS1S\" target=\"_blank\" rel=\"noopener nofollow\">WhatsApp<\/a>\u00a0para estar informado de toda la actualidad del Real\u00a0Betis\u00a0Balompi\u00e9.<\/p>\n","protected":false},"excerpt":{"rendered":"Ra\u00fal Mart\u00edn Presa y Rafael Gordillo, este lunes durante el almuerzo entre directivas (RV) Ra\u00fal Mart\u00edn Presa, presidente&hellip;\n","protected":false},"author":2,"featured_media":290013,"comment_status":"","ping_status":"","sticky":false,"template":"","format":"standard","meta":{"footnotes":""},"categories":[268],"tags":[168,25,24,280,282,281,23,167],"class_list":{"0":"post-290012","1":"post","2":"type-post","3":"status-publish","4":"format-standard","5":"has-post-thumbnail","7":"category-futbol","8":"tag-deportes","9":"tag-es","10":"tag-espana","11":"tag-football","12":"tag-futbol","13":"tag-soccer","14":"tag-spain","15":"tag-sports"},"share_on_mastodon":{"url":"https:\/\/pubeurope.com\/@es\/115725358304093749","error":""},"_links":{"self":[{"href":"https:\/\/www.europesays.com\/es\/wp-json\/wp\/v2\/posts\/290012","targetHints":{"allow":["GET"]}}],"collection":[{"href":"https:\/\/www.europesays.com\/es\/wp-json\/wp\/v2\/posts"}],"about":[{"href":"https:\/\/www.europesays.com\/es\/wp-json\/wp\/v2\/types\/post"}],"author":[{"embeddable":true,"href":"https:\/\/www.europesays.com\/es\/wp-json\/wp\/v2\/users\/2"}],"replies":[{"embeddable":true,"href":"https:\/\/www.europesays.com\/es\/wp-json\/wp\/v2\/comments?post=290012"}],"version-history":[{"count":0,"href":"https:\/\/www.europesays.com\/es\/wp-json\/wp\/v2\/posts\/290012\/revisions"}],"wp:featuredmedia":[{"embeddable":true,"href":"https:\/\/www.europesays.com\/es\/wp-json\/wp\/v2\/media\/290013"}],"wp:attachment":[{"href":"https:\/\/www.europesays.com\/es\/wp-json\/wp\/v2\/media?parent=290012"}],"wp:term":[{"taxonomy":"category","embeddable":true,"href":"https:\/\/www.europesays.com\/es\/wp-json\/wp\/v2\/categories?post=290012"},{"taxonomy":"post_tag","embeddable":true,"href":"https:\/\/www.europesays.com\/es\/wp-json\/wp\/v2\/tags?post=290012"}],"curies":[{"name":"wp","href":"https:\/\/api.w.org\/{rel}","templated":true}]}}