{"id":290047,"date":"2025-12-15T20:28:37","date_gmt":"2025-12-15T20:28:37","guid":{"rendered":"https:\/\/www.europesays.com\/es\/290047\/"},"modified":"2025-12-15T20:28:37","modified_gmt":"2025-12-15T20:28:37","slug":"el-bellas-artes-viaja-al-museo-de-arte-sacro-para-mostrar-a-la-iglesia-como-centro-de-gravedad-de-la-sociedad-vasca","status":"publish","type":"post","link":"https:\/\/www.europesays.com\/es\/290047\/","title":{"rendered":"El Bellas Artes viaja al museo de Arte Sacro para mostrar a la iglesia como \u00abcentro de gravedad\u00bb de la sociedad vasca"},"content":{"rendered":"<p>El Museo de Arte Sacro, situado en la plaza de la Encarnaci\u00f3n, expone desde hoy y hasta el 10 de mayo &#8216;El esp\u00edritu de Bizkaia&#8217;,  &#8230; una muestra resultado de su colaboraci\u00f3n con el Bellas Artes. Propone un viaje a trav\u00e9s de 62 cuadros que representan la identidad social y religiosa en el cambio de siglo, entre 1870 y 1936, \u00abun gran momento en que la religi\u00f3n marcaba la vida p\u00fablica y privada, un cap\u00edtulo hist\u00f3rico en el desarrollo del arte entre la tradici\u00f3n y la modernidad\u00bb, expuso este lunes la nueva directora del Museo de Arte Sacro, Raquel Cilla, en la presentaci\u00f3n de la exposici\u00f3n.<\/p>\n<p class=\"v-p\">Cilla se felicit\u00f3 por esta nueva colaboraci\u00f3n con el Bellas Artes, que ha tra\u00eddo 27 de sus obras para sumarlas a las 11 de la colecci\u00f3n propia. Llegan a ser 62 gracias a los pr\u00e9stamos procedentes de particulares y colecciones corporativas de otros museos (Bellas Artes de \u00c1lava, la Real Academia de Bellas Artes de San Fernando de Madrid, Euskal Museoa de Bilbao y Museo de Arte e Historia de Durango), empresas (Banco Santander y Kutxa Fundazioa), instituciones (Gobierno Vasco), entidades (Sociedad Bilba\u00edna) y archivos (Archivo Hist\u00f3rico Foral de Bizkaia y Archivo Smith Arquitectos Bilbao). El director del Bellas Artes, Miguel Zugaza, se\u00f1al\u00f3 que es la \u00abcolaboraci\u00f3n m\u00e1s grande\u00bb de ambos museos hasta la fecha. \u00abHablamos de un momento en que el arte est\u00e1 cambiando, se moderniza con el paso del mundo rural y sus costumbres al mundo urbano que surge de la industrializaci\u00f3n\u00bb. <\/p>\n<p><img decoding=\"async\" loading=\"lazy\" src=\"https:\/\/www.europesays.com\/es\/wp-content\/uploads\/2025\/12\/1504106983-km7D--650x455@El Correo.jpg\" class=\"v-a-img\" width=\"650\" height=\"455\" alt=\"\" data-voc-vtm-id=\"in-text-traffic\"\/><\/p>\n<p><img loading=\"lazy\" decoding=\"async\" src=\"https:\/\/www.europesays.com\/es\/wp-content\/uploads\/2025\/12\/1504106983-km7D--1920x1344@El Correo.jpg\" class=\"v-mdl__img-z\" width=\"1920\" height=\"1344\" alt=\"\"\/><\/p>\n<p class=\"v-p\">Las siete secciones en las que se ha dividido la muestra son &#8216;Creer en la transformaci\u00f3n&#8217;, &#8216;Modernizar lo sagrado&#8217;, &#8216;Ocio y devoci\u00f3n&#8217;, &#8216;Alma comercial&#8217;, &#8216;Paisajes m\u00edsticos&#8217;, &#8216;Nuevas iconograf\u00edas femeninas&#8217; y &#8216;Espacios sagrados&#8217;. \u00abLa Segunda Revoluci\u00f3n Industrial (1870-1914) fue una etapa de enormes transformaciones en la que la religi\u00f3n reafirm\u00f3 su papel como elemento de cohesi\u00f3n social y mantenimiento de la tradici\u00f3n. La Iglesia aparece como centro de gravedad de la sociedad vasca, donde lo mismo se celebraban misas que se comerciaba o se celebraban fiestas y romer\u00edas\u00bb, explic\u00f3 Javier Novo, coordinador de Conservaci\u00f3n e Investigaci\u00f3n del Bellas Artes y la persona que ha determinado la selecci\u00f3n de piezas expuestas. <\/p>\n<p><img decoding=\"async\" loading=\"lazy\" src=\"https:\/\/www.europesays.com\/es\/wp-content\/uploads\/2025\/12\/1504106960-km7D--650x455@El Correo.jpg\" class=\"v-a-img\" width=\"650\" height=\"455\" alt=\"\" data-voc-vtm-id=\"in-text-traffic\"\/><\/p>\n<p><img loading=\"lazy\" decoding=\"async\" src=\"https:\/\/www.europesays.com\/es\/wp-content\/uploads\/2025\/12\/1504106960-km7D--1920x1344@El Correo.jpg\" class=\"v-mdl__img-z\" width=\"1920\" height=\"1344\" alt=\"\"\/><\/p>\n<p class=\"v-p\">Por su parte, Nora Sarasola, directora de Obra Social Fundaci\u00f3n Bancaria BBK, patrocinadores de la exposici\u00f3n, agradeci\u00f3 que \u00abel Bellas Artes se haya desplazado al centro de Arte Sacro, un espacio que permite realizar una narrativa adecuada. Esto atraer\u00e1 a m\u00e1s gente a este museo\u00ab. <\/p>\n<p class=\"v-p\">La exposici\u00f3n se inicia con la secci\u00f3n &#8216;Creer en la transformaci\u00f3n&#8217;, que ejerce a modo de introducci\u00f3n generalista con cuadros como &#8216;Por las v\u00edctimas del mar&#8217;, de Valent\u00edn de Zubiaurre, &#8216;Misa mayor en la Iglesia de Derio&#8217;, de Anselmo Guinea, la &#8216;Hoguera de San Juan de Breta\u00f1a&#8217;, de \u00c1lvaro Alcal\u00e1 Galiano, y un \u00f3leo que muestra una clase de costura en un t\u00edpico colegio cat\u00f3lico, &#8216;Sala de mi colegio&#8217;, de Asunci\u00f3n Garc\u00eda Asarta, entre otras piezas. En el segundo apartado, &#8216;Modernizar lo sagrado&#8217;, se encuentran el &#8216;Cristo&#8217; en m\u00e1rmol de Quint\u00edn de la Torre, una &#8216;Estatua de San Cosme&#8217; y el cuadro &#8216;Cristo en el G\u00f3lgota&#8217;, de Jos\u00e9 Echenagusia. <\/p>\n<p><img decoding=\"async\" loading=\"lazy\" src=\"https:\/\/www.europesays.com\/es\/wp-content\/uploads\/2025\/12\/1504107395 (1)-km7D--650x455@El Correo.jpg\" class=\"v-a-img\" width=\"650\" height=\"455\" alt=\"\" data-voc-vtm-id=\"in-text-traffic\"\/><\/p>\n<p><img loading=\"lazy\" decoding=\"async\" src=\"https:\/\/www.europesays.com\/es\/wp-content\/uploads\/2025\/12\/1504107395 (1)-km7D--1920x1344@El Correo.jpg\" class=\"v-mdl__img-z\" width=\"1920\" height=\"1344\" alt=\"\"\/><\/p>\n<p class=\"v-p\">El tercer espacio, &#8216;Ocio y devoci\u00f3n&#8217;, se abre con una pantalla donde se proyectan siete minutos de im\u00e1genes rodadas por los hermanos Valent\u00edn y Ram\u00f3n de Zubiaurre, donde se ve a la gente en procesiones y celebraciones. De la pared cuelga tambi\u00e9n una curiosa y peque\u00f1a fotograf\u00eda an\u00f3nima comprada recientemente por el Bellas Artes en Par\u00eds donde queda retratada una misa de campa\u00f1a, &#8216;En el frente vasco durante la ofensiva nacionalista. Milicianos vascos asisten a una misa al aire libre&#8217; (1937). \u00abSe us\u00f3 como propaganda contra los franquistas que hablaban de los vascos como de laicos y \u00e1cratas, cuando el ej\u00e9rcito vasco ten\u00eda 110 capellanes\u00bb, explic\u00f3 Novo.<\/p>\n<p><img decoding=\"async\" loading=\"lazy\" src=\"https:\/\/www.europesays.com\/es\/wp-content\/uploads\/2025\/12\/1504106981-km7D--650x455@El Correo.jpg\" class=\"v-a-img\" width=\"650\" height=\"455\" alt=\"\" data-voc-vtm-id=\"in-text-traffic\"\/><\/p>\n<p><img loading=\"lazy\" decoding=\"async\" src=\"https:\/\/www.europesays.com\/es\/wp-content\/uploads\/2025\/12\/1504106981.jpg\" class=\"v-mdl__img-z\" width=\"1920\" height=\"1344\" alt=\"\"\/><\/p>\n<p class=\"v-p\">El recorrido se adentra luego en el fervor popular presente en iglesias y ermitas, vistas tambi\u00e9n como \u00abespacios de encuentro, celebraci\u00f3n y comercio en romer\u00edas y mercados\u00bb, donde destacan el cuadro de Aurelio Arteta &#8216;En la romer\u00eda&#8217;, y &#8216;Gitanos en el mercado&#8217;, de Manuel Losada. El g\u00e9nero del paisaje adquiere protagonismo en piezas centradas en templos, ermitas y santuarios repartidos por toda la geograf\u00eda vasca, muchos de Durango, Arratia o Zeanuri. Otra de las estancias refleja c\u00f3mo \u00abla imagen de la mujer queda circunscrita sobre todo a arquetipos de la maternidad, laica o religiosa, y de la &#8216;nueva Eva&#8217; asociada a una idealizaci\u00f3n del mundo rural vasco\u00bb. Aqu\u00ed es posible disfrutar de la &#8216;Eva arratiana&#8217; y &#8216;Mirentxu o Mar\u00eda&#8217; de Arteta; &#8216;La virgen del pescador&#8217; de Isidoro Guinea, o &#8216;La Anunciaci\u00f3n&#8217;, de Jenaro Urrutia. El itinerario se cierra con planos, fotograf\u00edas y maquetas de iglesias y panteones \u00abque manifiestan la importancia que tuvieron los encargos de la Iglesia y la burgues\u00eda vasca para el desarrollo art\u00edstico de la \u00e9poca\u00bb. <\/p>\n<p><img decoding=\"async\" loading=\"lazy\" src=\"https:\/\/www.europesays.com\/es\/wp-content\/uploads\/2025\/12\/1504106957-km7D--650x455@El Correo.jpg\" class=\"v-a-img\" width=\"650\" height=\"455\" alt=\"\" data-voc-vtm-id=\"in-text-traffic\"\/><\/p>\n<p><img loading=\"lazy\" decoding=\"async\" src=\"https:\/\/www.europesays.com\/es\/wp-content\/uploads\/2025\/12\/1504106957.jpg\" class=\"v-mdl__img-z\" width=\"1920\" height=\"1344\" alt=\"\"\/><\/p>\n<p class=\"v-p\">Los artistas representados en la muestra son Jenaro P\u00e9rez Villaamil, Pablo Bausac, Francisco Bringas, Antonio Mar\u00eda Lecuona, Alphonse Guiard, Bernab\u00e9 Garamendi, Juan de Barroeta, Eduardo Zamacois, Severino Ach\u00facarro, Roberto Laplaza, Jos\u00e9 Echenagus\u00eda, Vicente Cutanda, Antoni Gaud\u00ed, Eulalia Abaitua, Anselmo Guinea, Dar\u00edo de Regoyos, Antonio de Guezala, Adolfo Guiard, Manuel Losada, Fernando de Am\u00e1rica, Francisco Durrio, \u00c1lvaro Alcal\u00e1-Galiano, Nemesio Mogrobejo, Quint\u00edn de Torre, Ricardo Bastida, Valent\u00edn de Zubiaurre, Aurelio Arteta, Manuel Mar\u00eda Smith, Juan Jos\u00e9 Rochelt, Felipe Manterola, Jos\u00e9 Arrue, Ricardo Arrue, Isidoro Guinea, Tom\u00e1s de Acillona, Jenaro Urrutia, Asunci\u00f3n Asarta, Joaqu\u00edn Lucarini, Alfonso W. Sena, Fot\u00f3grafo Alonso y David Seymour Chim.<\/p>\n","protected":false},"excerpt":{"rendered":"El Museo de Arte Sacro, situado en la plaza de la Encarnaci\u00f3n, expone desde hoy y hasta el&hellip;\n","protected":false},"author":2,"featured_media":290048,"comment_status":"","ping_status":"","sticky":false,"template":"","format":"standard","meta":{"footnotes":""},"categories":[173],"tags":[229,233,1968,231,230,1967,245,232,234,146,147,25,24,11226,12034,25803,470,14399,492,23,11777,4127],"class_list":{"0":"post-290047","1":"post","2":"type-post","3":"status-publish","4":"format-standard","5":"has-post-thumbnail","7":"category-arte-y-diseno","8":"tag-arte","9":"tag-arte-y-diseno","10":"tag-artes","11":"tag-arts","12":"tag-arts-and-design","13":"tag-bellas","14":"tag-centro","15":"tag-design","16":"tag-diseno","17":"tag-entertainment","18":"tag-entretenimiento","19":"tag-es","20":"tag-espana","21":"tag-gravedad","22":"tag-iglesia","23":"tag-mostrar","24":"tag-museo","25":"tag-sacro","26":"tag-sociedad","27":"tag-spain","28":"tag-vasca","29":"tag-viaja"},"share_on_mastodon":{"url":"https:\/\/pubeurope.com\/@es\/115725475222932270","error":""},"_links":{"self":[{"href":"https:\/\/www.europesays.com\/es\/wp-json\/wp\/v2\/posts\/290047","targetHints":{"allow":["GET"]}}],"collection":[{"href":"https:\/\/www.europesays.com\/es\/wp-json\/wp\/v2\/posts"}],"about":[{"href":"https:\/\/www.europesays.com\/es\/wp-json\/wp\/v2\/types\/post"}],"author":[{"embeddable":true,"href":"https:\/\/www.europesays.com\/es\/wp-json\/wp\/v2\/users\/2"}],"replies":[{"embeddable":true,"href":"https:\/\/www.europesays.com\/es\/wp-json\/wp\/v2\/comments?post=290047"}],"version-history":[{"count":0,"href":"https:\/\/www.europesays.com\/es\/wp-json\/wp\/v2\/posts\/290047\/revisions"}],"wp:featuredmedia":[{"embeddable":true,"href":"https:\/\/www.europesays.com\/es\/wp-json\/wp\/v2\/media\/290048"}],"wp:attachment":[{"href":"https:\/\/www.europesays.com\/es\/wp-json\/wp\/v2\/media?parent=290047"}],"wp:term":[{"taxonomy":"category","embeddable":true,"href":"https:\/\/www.europesays.com\/es\/wp-json\/wp\/v2\/categories?post=290047"},{"taxonomy":"post_tag","embeddable":true,"href":"https:\/\/www.europesays.com\/es\/wp-json\/wp\/v2\/tags?post=290047"}],"curies":[{"name":"wp","href":"https:\/\/api.w.org\/{rel}","templated":true}]}}