{"id":290067,"date":"2025-12-15T20:39:21","date_gmt":"2025-12-15T20:39:21","guid":{"rendered":"https:\/\/www.europesays.com\/es\/290067\/"},"modified":"2025-12-15T20:39:21","modified_gmt":"2025-12-15T20:39:21","slug":"la-moncloa-agenda-del-gobierno-gobierno-agenda-6","status":"publish","type":"post","link":"https:\/\/www.europesays.com\/es\/290067\/","title":{"rendered":"La Moncloa. Agenda del Gobierno [Gobierno\/Agenda]"},"content":{"rendered":"<p> &#13;&#13;<\/p>\n<ul class=\"eventList personList\">&#13;<\/p>\n<li>&#13; <img decoding=\"async\" title=\"22\/11\/2023. Pedro S\u00e1nchez. El presidente del Gobierno, Pedro S\u00e1nchez P\u00e9rez-Castej\u00f3n\" class=\"eventImage\" src=\"https:\/\/www.europesays.com\/es\/wp-content\/uploads\/2025\/09\/presidente_pedro_sanchez.png\" alt=\"22\/11\/2023. Pedro S\u00e1nchez. El presidente del Gobierno, Pedro S\u00e1nchez P\u00e9rez-Castej\u00f3n\"\/><br \/>\n&#13;<br \/>\nPedro S\u00e1nchez <\/p>\n<p class=\"eventDescription cargo\">Presidente del Gobierno<\/p>\n<p>&#13;<\/p>\n<ul class=\"eventList\">&#13;<\/p>\n<li>&#13;\n<p>12:00 h.<\/p>\n<p>&#13;<\/p>\n<p class=\"eventPersonTitle\">Comparece en rueda de prensa para presentar el informe &#8216;Cumpliendo&#8217;, en el Complejo de la Moncloa.<\/p>\n<p class=\"eventLocation\">Cobertura abierta \/ Se\u00f1al en directo.<\/p>\n<p>Asisten el ministro de la Presidencia, Justicia y Relaciones con las Cortes y el ministro de Transportes y Movilidad Sostenible.<\/p>\n<p>\t&#13;<\/li>\n<p>&#13;<\/ul>\n<p>&#13;<\/li>\n<p>&#13;<\/p>\n<li>&#13; <img decoding=\"async\" title=\"22\/11\/2023. Yolanda D\u00edaz. La vicepresidenta segunda y Ministra de Trabajo y Econom\u00eda Social, Yolanda D\u00edaz.\" class=\"eventImage\" src=\"https:\/\/www.europesays.com\/es\/wp-content\/uploads\/2025\/09\/ministra_yolanda_diaz.jpg\" alt=\"22\/11\/2023. Yolanda D\u00edaz. La vicepresidenta segunda y Ministra de Trabajo y Econom\u00eda Social, Yolanda D\u00edaz.\"\/><br \/>\n&#13;<br \/>\nYolanda D\u00edaz <\/p>\n<p class=\"eventDescription cargo\">Vicepresidenta segunda y ministra de Trabajo y Econom\u00eda Social<\/p>\n<p>&#13;<\/p>\n<ul class=\"eventList\">&#13;<\/p>\n<li>&#13;\n<p>12:30 h.<\/p>\n<p>&#13;<\/p>\n<p class=\"eventPersonTitle\">Se re\u00fane con el vicepresidente de la Comisi\u00f3n del Mercado Laboral del Parlamento del Reino de Suecia, Ardalan Shekarabi, en la sede del Ministerio.<\/p>\n<p>\t&#13;<\/li>\n<p>&#13;<\/ul>\n<p>&#13;<\/li>\n<p>&#13;<\/p>\n<li>&#13; <img decoding=\"async\" title=\"26\/08\/2025. Jos\u00e9 Manuel Albares Bueno. El ministro de Asuntos Exteriores, Uni\u00f3n Europea y Cooperaci\u00f3n, Jos\u00e9 Manuel Albares Bueno.\" class=\"eventImage\" src=\"https:\/\/www.europesays.com\/es\/wp-content\/uploads\/2025\/09\/ministro_jose_manuel_albares.jpg\" alt=\"26\/08\/2025. Jos\u00e9 Manuel Albares Bueno. El ministro de Asuntos Exteriores, Uni\u00f3n Europea y Cooperaci\u00f3n, Jos\u00e9 Manuel Albares Bueno.\"\/><br \/>\n&#13;<br \/>\nJos\u00e9 Manuel Albares <\/p>\n<p class=\"eventDescription cargo\">Ministro de Asuntos Exteriores, Uni\u00f3n Europea y Cooperaci\u00f3n<\/p>\n<p>&#13;<\/p>\n<ul class=\"eventList\">&#13;<\/p>\n<li>&#13;\n<p>09:30 h.<\/p>\n<p>&#13;<\/p>\n<p class=\"eventPersonTitle\">Participa en la reuni\u00f3n del Consejo de Asuntos Exteriores de la Uni\u00f3n Europea, en Bruselas. <\/p>\n<p>A su llegada (09:10 h.), atiende a los medios de comunicaci\u00f3n.<\/p>\n<p>\t&#13;<\/li>\n<p>&#13;<\/ul>\n<p>&#13;<\/li>\n<p>&#13;<\/p>\n<li>&#13; <img decoding=\"async\" title=\"22\/11\/2023. Margarita Robles Fern\u00e1ndez. La ministra de Defensa, Margarita Robles Fern\u00e1ndez.\" class=\"eventImage\" src=\"https:\/\/www.europesays.com\/es\/wp-content\/uploads\/2025\/09\/ministra_margarita_robles.jpg\" alt=\"22\/11\/2023. Margarita Robles Fern\u00e1ndez. La ministra de Defensa, Margarita Robles Fern\u00e1ndez.\"\/><br \/>\n&#13;<br \/>\nMargarita Robles  <\/p>\n<p class=\"eventDescription cargo\">Ministra de Defensa<\/p>\n<p>&#13;<\/p>\n<ul class=\"eventList\">&#13;<\/p>\n<li>&#13;\n<p>11:00 h.<\/p>\n<p>&#13;<\/p>\n<p class=\"eventPersonTitle\">Se re\u00fane con el jefe de Estado Mayor del Ej\u00e9rcito de Tierra, general de Ej\u00e9rcito Amador Ense\u00f1at, en el Cuartel General del Ej\u00e9rcito de Tierra, en Madrid.<\/p>\n<p>\t&#13;<\/li>\n<p>&#13;<\/p>\n<li>&#13;\n<p>11:30 h.<\/p>\n<p>&#13;<\/p>\n<p class=\"eventPersonTitle\">Recibe, junto al jefe de Estado Mayor del Ej\u00e9rcito de Tierra, general de Ej\u00e9rcito Amador Ense\u00f1at, a personas y unidades del Ej\u00e9rcito de Tierra destacadas en el \u00e1rea de la preparaci\u00f3n f\u00edsica militar, en el Sal\u00f3n de Embajadores del Cuartel General del Ej\u00e9rcito de Tierra, en Madrid.<\/p>\n<p>\t&#13;<\/li>\n<p>&#13;<\/p>\n<li>&#13;\n<p>12:30 h.<\/p>\n<p>&#13;<\/p>\n<p class=\"eventPersonTitle\">Mantiene un encuentro con deportistas de alto nivel del Ej\u00e9rcito de Tierra, en el Cuartel General del Ej\u00e9rcito de Tierra, en Madrid.<\/p>\n<p>\t&#13;<\/li>\n<p>&#13;<\/p>\n<li>&#13;\n<p>13:00 h.<\/p>\n<p>&#13;<\/p>\n<p class=\"eventPersonTitle\">Preside la presentaci\u00f3n del calendario institucional del Ej\u00e9rcito de Tierra 2026 bajo el lema &#8216;Siempre disponibles&#8217;, en el Cuartel General del Ej\u00e9rcito de Tierra, en Madrid.<\/p>\n<p>\t&#13;<\/li>\n<p>&#13;<\/ul>\n<p>&#13;<\/li>\n<p>&#13;<\/p>\n<li>&#13; <img decoding=\"async\" title=\"22\/11\/2023. Fernando Grande-Marlaska G\u00f3mez. El ministro del Interior, Fernando Grande-Marlaska G\u00f3mez.\" class=\"eventImage\" src=\"https:\/\/www.europesays.com\/es\/wp-content\/uploads\/2025\/09\/ministro_fernando_marlaska.jpg\" alt=\"22\/11\/2023. Fernando Grande-Marlaska G\u00f3mez. El ministro del Interior, Fernando Grande-Marlaska G\u00f3mez.\"\/><br \/>\n&#13;<br \/>\nFernando Grande-Marlaska <\/p>\n<p class=\"eventDescription cargo\">Ministro del Interior<\/p>\n<p>&#13;<\/p>\n<ul class=\"eventList\">&#13;<\/p>\n<li>&#13;\n<p>13:00 h.<\/p>\n<p>&#13;<\/p>\n<p class=\"eventPersonTitle\">Asiste al acto de imposici\u00f3n de condecoraciones de la Embajada de la Rep\u00fablica Francesa en Espa\u00f1a a la subsecretaria del Ministerio del Interior, Susana Cris\u00f3stomo, en la residencia del embajador de la Rep\u00fablica Francesa en Espa\u00f1a, en Madrid.<\/p>\n<p>\t&#13;<\/li>\n<p>&#13;<\/ul>\n<p>&#13;<\/li>\n<p>&#13;<\/p>\n<li>&#13; <img decoding=\"async\" title=\"22\/11\/2023. Jordi Hereu Boher. El ministro de Industria y Turismo, Jordi Hereu Boher.\" class=\"eventImage\" src=\"https:\/\/www.europesays.com\/es\/wp-content\/uploads\/2025\/09\/ministro_jordi_hereu.jpg\" alt=\"22\/11\/2023. Jordi Hereu Boher. El ministro de Industria y Turismo, Jordi Hereu Boher.\"\/><br \/>\n&#13;<br \/>\nJordi Hereu <\/p>\n<p class=\"eventDescription cargo\">Ministro de Industria y Turismo<\/p>\n<p>&#13;<\/p>\n<ul class=\"eventList\">&#13;<\/p>\n<li>&#13;\n<p>12:00 h.<\/p>\n<p>&#13;<\/p>\n<p class=\"eventPersonTitle\">Participa en el acto por el 70\u00ba aniversario de la Escuela de Organizaci\u00f3n Industrial (EOI), en la sede de la EOI en Madrid.<\/p>\n<p>\t&#13;<\/li>\n<p>&#13;<\/ul>\n<p>&#13;<\/li>\n<p>&#13;<\/p>\n<li>&#13; <img decoding=\"async\" title=\"22\/11\/2023. Luis Planas. El ministro de Agricultura, Pesca y Alimentaci\u00f3n, Luis Planas.\" class=\"eventImage\" src=\"https:\/\/www.europesays.com\/es\/wp-content\/uploads\/2025\/09\/ministro_luis_planas.jpg\" alt=\"22\/11\/2023. Luis Planas. El ministro de Agricultura, Pesca y Alimentaci\u00f3n, Luis Planas.\"\/><br \/>\n&#13;<br \/>\nLuis Planas <\/p>\n<p class=\"eventDescription cargo\">Ministro de Agricultura, Pesca y Alimentaci\u00f3n<\/p>\n<p>&#13;<\/p>\n<ul class=\"eventList\">&#13;<\/p>\n<li>&#13;\n<p>08:40 h.<\/p>\n<p>&#13;<\/p>\n<p class=\"eventPersonTitle\">Es entrevistado en el programa &#8216;Las ma\u00f1anas&#8217;, de RNE.<\/p>\n<p>\t&#13;<\/li>\n<p>&#13;<\/p>\n<li>&#13;\n<p>10:00 h.<\/p>\n<p>&#13;<\/p>\n<p class=\"eventPersonTitle\">Mantiene una reuni\u00f3n con el embajador de la Rep\u00fablica Federativa de Brasil, Luiz Alberto Figueiredo, en la sede del Ministerio.<\/p>\n<p>\t&#13;<\/li>\n<p>&#13;<\/ul>\n<p>&#13;<\/li>\n<p>&#13;<\/p>\n<li>&#13; <img decoding=\"async\" title=\"22\/11\/2023. M\u00f3nica Garc\u00eda G\u00f3mez. La ministra de Sanidad, M\u00f3nica Garc\u00eda G\u00f3mez.\" class=\"eventImage\" src=\"https:\/\/www.europesays.com\/es\/wp-content\/uploads\/2025\/09\/ministra_monica_garcia.jpg\" alt=\"22\/11\/2023. M\u00f3nica Garc\u00eda G\u00f3mez. La ministra de Sanidad, M\u00f3nica Garc\u00eda G\u00f3mez.\"\/><br \/>\n&#13;<br \/>\nM\u00f3nica Garc\u00eda <\/p>\n<p class=\"eventDescription cargo\">Ministra de Sanidad<\/p>\n<p>&#13;<\/p>\n<ul class=\"eventList\">&#13;<\/p>\n<li>&#13;\n<p>10:30 h.<\/p>\n<p>&#13;<\/p>\n<p class=\"eventPersonTitle\">Participa en la reuni\u00f3n con los sindicatos del \u00c1mbito de Negociaci\u00f3n del Sistema Nacional de Salud, en la sede del Ministerio.<\/p>\n<p>\t&#13;<\/li>\n<p>&#13;<\/p>\n<li>&#13;\n<p>16:00 h.<\/p>\n<p>&#13;<\/p>\n<p class=\"eventPersonTitle\">Inaugura la presentaci\u00f3n del Informe 2025 del Observatorio de la Atenci\u00f3n al Paciente &#8216;Atenci\u00f3n Integrada de la Cronicidad: situaci\u00f3n, herramientas y retos de la integraci\u00f3n sanitaria y social de la cronicidad en Espa\u00f1a&#8217;, en el Espacio Meeting Place Orense 34, en Madrid.<\/p>\n<p>\t&#13;<\/li>\n<p>&#13;<\/p>\n<li>&#13;\n<p>20:00 h.<\/p>\n<p>&#13;<\/p>\n<p class=\"eventPersonTitle\">Asiste al acto de entrega de los &#8216;Premios Panorama&#8217; y las &#8216;Medallas de la Atenci\u00f3n M\u00e9dica&#8217;, en el Teatro Fernando de Rojas del C\u00edrculo de Bellas Artes, en Madrid.<\/p>\n<p>\t&#13;<\/li>\n<p>&#13;<\/ul>\n<p>&#13;<\/li>\n<p>&#13;<\/p>\n<li>&#13; <img decoding=\"async\" title=\"22\/11\/2023. Pablo Bustinduy. El ministro de Derechos Sociales, Consumo y Agenda 2030, Pablo Bustinduy.\" class=\"eventImage\" src=\"https:\/\/www.europesays.com\/es\/wp-content\/uploads\/2025\/09\/ministro_pablo_bustinduy.jpg\" alt=\"22\/11\/2023. Pablo Bustinduy. El ministro de Derechos Sociales, Consumo y Agenda 2030, Pablo Bustinduy.\"\/><br \/>\n&#13;<br \/>\nPablo Bustinduy  <\/p>\n<p class=\"eventDescription cargo\">Ministro de Derechos Sociales, Consumo y Agenda 2030<\/p>\n<p>&#13;<\/p>\n<ul class=\"eventList\">&#13;<\/p>\n<li>&#13;\n<p>09:00 h.<\/p>\n<p>&#13;<\/p>\n<p class=\"eventPersonTitle\">Comparece en rueda de prensa ante los medios de comunicaci\u00f3n, en la sede del Ministerio.<\/p>\n<p>\t&#13;<\/li>\n<p>&#13;<\/ul>\n<p>&#13;<\/li>\n<p>&#13;<\/p>\n<li>&#13; <img decoding=\"async\" title=\"22\/11\/2023. Diana Morant. La ministra de Ciencia, Innovaci\u00f3n y Universidades, Diana Morant.\" class=\"eventImage\" src=\"https:\/\/www.europesays.com\/es\/wp-content\/uploads\/2025\/09\/ministra_diana_morant.jpg\" alt=\"22\/11\/2023. Diana Morant. La ministra de Ciencia, Innovaci\u00f3n y Universidades, Diana Morant.\"\/><br \/>\n&#13;<br \/>\nDiana Morant <\/p>\n<p class=\"eventDescription cargo\">Ministra de Ciencia, Innovaci\u00f3n y Universidades<\/p>\n<p>&#13;<\/p>\n<ul class=\"eventList\">&#13;<\/p>\n<li>&#13;\n<p>17:30 h.<\/p>\n<p>&#13;<\/p>\n<p class=\"eventPersonTitle\">Interviene en la X reuni\u00f3n de la Diplomacia Cient\u00edfica, Tecnol\u00f3gica y de Innovaci\u00f3n Espa\u00f1ola, en la Fundaci\u00f3n Ram\u00f3n Areces, en Madrid.<\/p>\n<p>\t&#13;<\/li>\n<p>&#13;<\/ul>\n<p>&#13;<\/li>\n<p>&#13;<\/p>\n<li>&#13; <img decoding=\"async\" title=\"22\/11\/2023. Sira Rego. La ministra de Juventud e Infancia, Sira Rego.\" class=\"eventImage\" src=\"https:\/\/www.europesays.com\/es\/wp-content\/uploads\/2025\/09\/ministra_sira_abed.jpg\" alt=\"22\/11\/2023. Sira Rego. La ministra de Juventud e Infancia, Sira Rego.\"\/><br \/>\n&#13;<br \/>\nSira Rego <\/p>\n<p class=\"eventDescription cargo\">Ministra de Juventud e Infancia <\/p>\n<p>&#13;<\/p>\n<ul class=\"eventList\">&#13;<\/p>\n<li>&#13;\n<p>13:00 h.<\/p>\n<p>&#13;<\/p>\n<p class=\"eventPersonTitle\">Interviene en la presentaci\u00f3n de &#8216;Ruta al Exilio: Andaluc\u00eda a contraluz&#8217;, en la sede del Ministerio.<\/p>\n<p>\t&#13;<\/li>\n<p>&#13;<\/ul>\n<p>&#13;<\/li>\n<p>&#13;<\/ul>\n<p> &#13;\t<\/p>\n<p id=\"ctl00_CookieInfo_pCookieText\">Este sitio web utiliza cookies propias y de terceros para mantener la sesi\u00f3n, ofrecerle una mejor experiencia de usuario y obtener datos estad\u00edsticos de navegaci\u00f3n de los usuarios. Para m\u00e1s informaci\u00f3n vea la <a title=\"Pol\u00edtica de cookies\" target=\"_self\" href=\"https:\/\/www.lamoncloa.gob.es\/Paginas\/politica-de-cookies.aspx\" rel=\"nofollow noopener\">Pol\u00edtica de cookies<\/a><\/p>\n<p>Aceptar<br \/>\nRechazar<\/p>\n","protected":false},"excerpt":{"rendered":"&#13;&#13; &#13; &#13; &#13; Pedro S\u00e1nchez Presidente del Gobierno &#13; &#13; &#13; 12:00 h. &#13; Comparece en rueda&hellip;\n","protected":false},"author":2,"featured_media":46302,"comment_status":"","ping_status":"","sticky":false,"template":"","format":"standard","meta":{"footnotes":""},"categories":[8],"tags":[4071,17,18,25,24,13,14,582,11,19,20,9,10,15,16,23,12,21,22],"class_list":{"0":"post-290067","1":"post","2":"type-post","3":"status-publish","4":"format-standard","5":"has-post-thumbnail","7":"category-espana","8":"tag-agenda","9":"tag-breaking-news","10":"tag-breakingnews","11":"tag-es","12":"tag-espana","13":"tag-featured-news","14":"tag-featurednews","15":"tag-gobierno","16":"tag-headlines","17":"tag-latest-news","18":"tag-latestnews","19":"tag-news","20":"tag-noticias","21":"tag-noticias-destacadas","22":"tag-noticiasdestacadas","23":"tag-spain","24":"tag-titulares","25":"tag-ultimas-noticias","26":"tag-ultimasnoticias"},"share_on_mastodon":{"url":"https:\/\/pubeurope.com\/@es\/115725518317376593","error":""},"_links":{"self":[{"href":"https:\/\/www.europesays.com\/es\/wp-json\/wp\/v2\/posts\/290067","targetHints":{"allow":["GET"]}}],"collection":[{"href":"https:\/\/www.europesays.com\/es\/wp-json\/wp\/v2\/posts"}],"about":[{"href":"https:\/\/www.europesays.com\/es\/wp-json\/wp\/v2\/types\/post"}],"author":[{"embeddable":true,"href":"https:\/\/www.europesays.com\/es\/wp-json\/wp\/v2\/users\/2"}],"replies":[{"embeddable":true,"href":"https:\/\/www.europesays.com\/es\/wp-json\/wp\/v2\/comments?post=290067"}],"version-history":[{"count":0,"href":"https:\/\/www.europesays.com\/es\/wp-json\/wp\/v2\/posts\/290067\/revisions"}],"wp:featuredmedia":[{"embeddable":true,"href":"https:\/\/www.europesays.com\/es\/wp-json\/wp\/v2\/media\/46302"}],"wp:attachment":[{"href":"https:\/\/www.europesays.com\/es\/wp-json\/wp\/v2\/media?parent=290067"}],"wp:term":[{"taxonomy":"category","embeddable":true,"href":"https:\/\/www.europesays.com\/es\/wp-json\/wp\/v2\/categories?post=290067"},{"taxonomy":"post_tag","embeddable":true,"href":"https:\/\/www.europesays.com\/es\/wp-json\/wp\/v2\/tags?post=290067"}],"curies":[{"name":"wp","href":"https:\/\/api.w.org\/{rel}","templated":true}]}}