{"id":290098,"date":"2025-12-15T21:06:28","date_gmt":"2025-12-15T21:06:28","guid":{"rendered":"https:\/\/www.europesays.com\/es\/290098\/"},"modified":"2025-12-15T21:06:28","modified_gmt":"2025-12-15T21:06:28","slug":"emblematica-obra-de-danza-contemporanea-happyland-vuelve-a-escena-con-mini-temporada-en-teatro-biobio","status":"publish","type":"post","link":"https:\/\/www.europesays.com\/es\/290098\/","title":{"rendered":"Emblem\u00e1tica obra de danza contempor\u00e1nea \u201cHappyland\u201d vuelve a escena con mini temporada en Teatro Biob\u00edo"},"content":{"rendered":"<p>Esc\u00e9nica en Movimiento, y toda su programaci\u00f3n desarrollada durante esta temporada 2025, ha sido posible gracias al respaldo del Programa de Apoyo a Organizaciones Culturales Colaboradoras (PAOCC) del Ministerio de las Culturas, las Artes y el Patrimonio.<\/p>\n<ul>\n<li>La emblem\u00e1tica obra de este centro cultural penquista realizar\u00e1 tres presentaciones -este 18, 19 y 20 de diciembre con un renovado elenco- en la sala de c\u00e1mara de este espacio cultural de Avenida Costanera. La propuesta esc\u00e9nica invita al p\u00fablico a reflexionar sobre la felicidad, el absurdo cotidiano y las tensiones de la vida moderna. <\/li>\n<\/ul>\n<p>Con una propuesta esc\u00e9nica cautivante y din\u00e1mica, la ic\u00f3nica obra de danza contempor\u00e1nea \u201cHappyland\u201d, de Esc\u00e9nica en Movimiento, vuelve a los escenarios penquistas, este 18, 19 y 20 de diciembre -20.00 horas- en sala de c\u00e1mara del Teatro Biob\u00edo (TBB). Estrenada el a\u00f1o 2013, la pieza dirigida originalmente por el dan\u00e9s Thomas Bentin, reflexiona sobre los devenires de las sociedades actuales en su b\u00fasqueda por la felicidad y en la tensi\u00f3n que supone el encuentro con el otro. La vigencia de sus tem\u00e1ticas, lenguaje y propuesta, permitieron su remontaje este 2025, con un elenco nuevo gestado en el marco del Programa EMFOCO de este centro cultural penquista. Es este renovado elenco el que regresa en estas tres fechas, en uno de los escenarios m\u00e1s importantes de la ciudad.<\/p>\n<p>\u201cReponer esta pieza en el presente nos entreg\u00f3 un nuevo aire como compa\u00f1\u00eda y dot\u00f3 de nuevas energ\u00edas al centro cultural.\u00a0 Nos dio un nuevo impulso y una nueva manera de reencontrarnos con el \u00e1rea de creaci\u00f3n como centro cultural, como creadoras y creadores esc\u00e9nicos\u201d, comenta Maripaz Briones, bailarina original de la obra y quien estuvo a cargo de la direcci\u00f3n del remontaje.<\/p>\n<p>M\u00e1s all\u00e1 de enfatizar el valor de este montaje, tan vigente como hace m\u00e1s de diez a\u00f1os atr\u00e1s, considera que en esta temporada la obra tiene la posibilidad de ser apreciada por nuevas audiencias. \u201cQue sean nuevos int\u00e9rpretes, nos permite que asistan nuevas generaciones de p\u00fablicos, pues Esc\u00e9nica ya posee un p\u00fablico cautivo e incluyendo nuevas generaciones podemos abrir nuevas brechas de audiencia\u201d, dijo.<\/p>\n<p>Las entradas para cualquiera de las tres funciones de \u201cHappyland\u201d en la sala de c\u00e1mara del TBB, tienen un valor de $4.500 general y $3.000 estudiantes. Disponibles a trav\u00e9s del sitio web <a href=\"http:\/\/www.teatrobiobio.cl\/happyland\" rel=\"nofollow noopener\" target=\"_blank\">www.teatrobiobio.cl\/happyland<\/a>\/ o directamente por el sistema <a href=\"https:\/\/ticketplus.cl\/events\/happyland-2025-12-18-20-00-00-0300\" rel=\"nofollow noopener\" target=\"_blank\">Ticketplus.cl<\/a>.<\/p>\n<p>Destacar que el Centro Cultural Esc\u00e9nica en Movimiento, y toda su programaci\u00f3n desarrollada durante esta temporada 2025, ha sido posible gracias al respaldo del Programa de Apoyo a Organizaciones Culturales Colaboradoras (PAOCC) del Ministerio de las Culturas, las Artes y el Patrimonio.<\/p>\n<p><img loading=\"lazy\" decoding=\"async\" class=\"size-medium wp-image-206230 aligncenter\" src=\"https:\/\/www.europesays.com\/es\/wp-content\/uploads\/2025\/12\/ph.-pauli-barrenechea-1-720x405.jpeg\" alt=\"\" width=\"720\" height=\"405\"  \/><\/p>\n<p>\u201cHappyland\u201d y su potencial creativo<\/p>\n<p>Temas tan transversales como la complejidad de las relaciones humanas, la necesidad o dificultad de expresarnos a trav\u00e9s de nuestro cuerpo e identidad, como tambi\u00e9n la empat\u00eda y los afectos afloran durante el transcurso del montaje. \u201cEs un montaje que invita a las personas a mirarse a s\u00ed mismas e igualmente identificarse con las int\u00e9rpretes en escena, se trata de una propuesta que habla de las relaciones humanas en todo \u00e1mbito y aspecto, temas que son conocidos por toda la sociedad\u201d, se\u00f1ala Jen S\u00e1nchez, integrante de este nuevo elenco, destacando la vigencia de la pieza de danza contempor\u00e1nea. \u201cNo es una comedia, pero te puedes re\u00edr. Es profunda, pero tambi\u00e9n invita al juego y al goce\u201d, comenta la bailarina a modo de invitaci\u00f3n a acercarse a este cl\u00e1sico de la danza contempor\u00e1nea del Biob\u00edo.<\/p>\n<p>El tiempo no ha pasado para \u201cHappyland\u201d, pues a pesar de ser una obra creada hace m\u00e1s de diez a\u00f1os, aborda tem\u00e1ticas que siguen siendo muy actuales; las sociedades de consumo, el ideal de felicidad, la competitividad, el absurdo del sistema. \u201cLa obra permite espejearnos con ese absurdo, uno se puede ver a s\u00ed mismo compitiendo con sus compa\u00f1eros de trabajo, y creando un mundo que pareciera que no tiene salida, un bucle que nos duele y que seguimos reproduciendo eternamente, y te preguntas, \u00bfpor qu\u00e9 somos as\u00ed? \u00bfhasta cuando seguiremos con esto?\u201d, explica Daniela S\u00e1nchez , tambi\u00e9n int\u00e9rprete en escena junto a Jen S\u00e1nchez, Mo Larenas, Olivia Cornejo, Kayu Villena, Dana Moreno y Jesenia P\u00e9rez.<\/p>\n<p>M\u00e1s detalles e informaciones de lo desarrollado por este destacado centro cultural penquista, a trav\u00e9s de sus redes sociales (Facebook e Instagram) con el nombre @escenicaenmovimiento y tambi\u00e9n en su sitio web <a href=\"http:\/\/www.escenicaenmovimiento.cl\/\" rel=\"nofollow noopener\" target=\"_blank\">www.escenicaenmovimiento.cl<\/a>.<\/p>\n<p>Ficha art\u00edstica \u201cHappyland\u201d \u2013 sala de c\u00e1mara del Teatro Biob\u00edo<\/p>\n<ul>\n<li>Direcci\u00f3n coreogr\u00e1fica original: Thomas Bentin<\/li>\n<li>Direcci\u00f3n coreogr\u00e1fica remontaje: Maripaz Briones- Darwin Elso<\/li>\n<li>Elenco: Jen S\u00e1nchez, Mo Larenas, Olivia Cornejo, Kayu Villena, Dana Moreno, Jesenia P\u00e9rez, Daniela S\u00e1nchez<\/li>\n<li>Iluminaci\u00f3n: Mauricio Campos \u2013 Daniel Espinosa<\/li>\n<\/ul>\n<p><img loading=\"lazy\" decoding=\"async\" class=\"size-medium wp-image-206229 aligncenter\" src=\"https:\/\/www.europesays.com\/es\/wp-content\/uploads\/2025\/12\/afiche-720x900.jpg\" alt=\"\" width=\"720\" height=\"900\"  \/><\/p>\n","protected":false},"excerpt":{"rendered":"Esc\u00e9nica en Movimiento, y toda su programaci\u00f3n desarrollada durante esta temporada 2025, ha sido posible gracias al respaldo&hellip;\n","protected":false},"author":2,"featured_media":290099,"comment_status":"","ping_status":"","sticky":false,"template":"","format":"standard","meta":{"footnotes":""},"categories":[42],"tags":[1666,1968,17,18,2047,8404,1576,209,8332,12943,2026,13,14,5064,582,11,6949,61,62,63,64,19,20,583,9,10,15,16,2599,1397,10209,12,21,22,65,66,67],"class_list":{"0":"post-290098","1":"post","2":"type-post","3":"status-publish","4":"format-standard","5":"has-post-thumbnail","7":"category-internacional","8":"tag-acceso","9":"tag-artes","10":"tag-breaking-news","11":"tag-breakingnews","12":"tag-chile","13":"tag-ciudadania","14":"tag-consejo","15":"tag-cultura","16":"tag-cultural","17":"tag-donaciones","18":"tag-educacion","19":"tag-featured-news","20":"tag-featurednews","21":"tag-gestion","22":"tag-gobierno","23":"tag-headlines","24":"tag-identidad","25":"tag-internacional","26":"tag-international","27":"tag-international-news","28":"tag-internationalnews","29":"tag-latest-news","30":"tag-latestnews","31":"tag-ministerio","32":"tag-news","33":"tag-noticias","34":"tag-noticias-destacadas","35":"tag-noticiasdestacadas","36":"tag-participacion","37":"tag-patrimonio","38":"tag-reconstruccion","39":"tag-titulares","40":"tag-ultimas-noticias","41":"tag-ultimasnoticias","42":"tag-world","43":"tag-world-news","44":"tag-worldnews"},"share_on_mastodon":{"url":"","error":"Validation failed: Text character limit of 500 exceeded"},"_links":{"self":[{"href":"https:\/\/www.europesays.com\/es\/wp-json\/wp\/v2\/posts\/290098","targetHints":{"allow":["GET"]}}],"collection":[{"href":"https:\/\/www.europesays.com\/es\/wp-json\/wp\/v2\/posts"}],"about":[{"href":"https:\/\/www.europesays.com\/es\/wp-json\/wp\/v2\/types\/post"}],"author":[{"embeddable":true,"href":"https:\/\/www.europesays.com\/es\/wp-json\/wp\/v2\/users\/2"}],"replies":[{"embeddable":true,"href":"https:\/\/www.europesays.com\/es\/wp-json\/wp\/v2\/comments?post=290098"}],"version-history":[{"count":0,"href":"https:\/\/www.europesays.com\/es\/wp-json\/wp\/v2\/posts\/290098\/revisions"}],"wp:featuredmedia":[{"embeddable":true,"href":"https:\/\/www.europesays.com\/es\/wp-json\/wp\/v2\/media\/290099"}],"wp:attachment":[{"href":"https:\/\/www.europesays.com\/es\/wp-json\/wp\/v2\/media?parent=290098"}],"wp:term":[{"taxonomy":"category","embeddable":true,"href":"https:\/\/www.europesays.com\/es\/wp-json\/wp\/v2\/categories?post=290098"},{"taxonomy":"post_tag","embeddable":true,"href":"https:\/\/www.europesays.com\/es\/wp-json\/wp\/v2\/tags?post=290098"}],"curies":[{"name":"wp","href":"https:\/\/api.w.org\/{rel}","templated":true}]}}